{"id":42236,"date":"2021-07-08T01:51:55","date_gmt":"2021-07-07T21:51:55","guid":{"rendered":"https:\/\/fedai.az\/?p=42236"},"modified":"2021-07-08T01:51:58","modified_gmt":"2021-07-07T21:51:58","slug":"erm%c9%99ni-terror-t%c9%99skilatinin-uzvu-muharib%c9%99d%c9%99n-sonra-bakiya-nec%c9%99-g%c9%99lib-z%c9%99f%c9%99r-parkinda-g%c9%99zirmis","status":"publish","type":"post","link":"https:\/\/fedai.az\/?p=42236","title":{"rendered":"Erm\u0259ni terror t\u0259\u015fkilat\u0131n\u0131n \u00fczv\u00fc m\u00fcharib\u0259d\u0259n sonra Bak\u0131ya nec\u0259 g\u0259lib? &#8212; Z\u0259f\u0259r park\u0131nda g\u0259zirmi\u015f&#8230;"},"content":{"rendered":"\n<p><strong>Bak\u0131 A\u011f\u0131r Cinay\u0259tl\u0259r M\u0259hk\u0259m\u0259sind\u0259 Erm\u0259nistan t\u0259r\u0259find\u0259n Qaraba\u011fda d\u00f6y\u00fc\u015fl\u0259r\u0259 c\u0259lb olunmu\u015f Rusiya v\u0259t\u0259nda\u015f\u0131 Dubakov Eduard Sergeyevi\u00e7in cinay\u0259t i\u015fi \u00fczr\u0259 m\u0259hk\u0259m\u0259 prosesi ke\u00e7irilib.<\/strong><\/p>\n\n\n\n<p><br>Prosesd\u0259 \u015fahid qismind\u0259 Arif Osmanov ifad\u0259 verib. O, \u0130fad\u0259sind\u0259 &#171;Z\u0259f\u0259r park\u0131&#187;\u0259razisind\u0259 g\u0259z\u0259rk\u0259n Dubakovun saxlan\u0131lmas\u0131n\u0131n \u015fahidi oldu\u011funu, \u00fcz\u0259rin\u0259 bax\u0131\u015f ke\u00e7irildiyini deyib.<\/p>\n\n\n\n<p><br>&#171;T\u0259rc\u00fcm\u0259\u00e7i \u00e7a\u011f\u0131rd\u0131lar. \u00dcz\u0259rin\u0259 v\u0259 \u00e7antas\u0131na bax\u0131\u015f ke\u00e7irildi. \u00c7antas\u0131ndan erm\u0259ni v\u0259 rus dilind\u0259 yaz\u0131lar, iki \u0259d\u0259d bloknot, telefon a\u015fkarland\u0131&#187;,-\u015fahid deyib.<br>Daha sonra prosesd\u0259 s\u0259n\u0259dl\u0259rin ara\u015fd\u0131r\u0131lmas\u0131 m\u0259rh\u0259l\u0259si ba\u015flan\u0131l\u0131b. S\u0259n\u0259dl\u0259rd\u0259 qeyd olunub ki, E. Dubakov d\u0259f\u0259l\u0259rl\u0259 Rusiyadan Erm\u0259nistana, oradan is\u0259 Az\u0259rbaycan\u0131n i\u015f\u011fal alt\u0131nda olan \u0259razil\u0259rin\u0259 s\u0259f\u0259r edib, &#171;VOMA&#187; terror t\u0259\u015fkilat\u0131n\u0131n \u00fczv\u00fc olub, 2019-cu ild\u0259n i\u015f\u011fal alt\u0131ndak\u0131 torpaqlarda h\u0259rbi t\u0259liml\u0259rd\u0259 i\u015ftirak edib. T\u0259\u015fkilat\u0131n r\u0259hb\u0259ri Vladimr Vartanovla tan\u0131\u015fl\u0131\u011f\u0131 yaran\u0131b.<\/p>\n\n\n\n<p>S\u0259n\u0259dl\u0259rd\u0259 h\u0259m\u00e7inin qeyd edilib ki, E.Dubakovun telefonuna bax\u0131\u015f ke\u00e7iril\u0259n zaman &#171;artsaxski&#187; adl\u0131 istifad\u0259\u00e7i il\u0259 yaz\u0131\u015fmalar\u0131 da a\u015fkarlan\u0131b. Prosesd\u0259 E.Dubakovun istintaqa verdiyi ifad\u0259 elan edilib. O, istintaqa verdiyi ifad\u0259sind\u0259 bildirib ki, 2018-ci ilin sentyabr- oktyabr aylar\u0131nda sosial \u015f\u0259b\u0259k\u0259l\u0259rd\u0259 &#171;VOMA&#187; t\u0259\u015fkilat\u0131n\u0131n video\u00e7arx\u0131n\u0131 izl\u0259yib.<\/p>\n\n\n\n<p>Dubakovun ifad\u0259sind\u0259n: &#171;T\u0259\u015fkilat\u0131n h\u0259rbi t\u0259liml\u0259r ke\u00e7irdiyini g\u00f6r\u00fcb maraqland\u0131m. Onlar\u0131n m\u0259qs\u0259di Qaraba\u011fda az\u0259rbaycanl\u0131lara qar\u015f\u0131 d\u00f6y\u00fc\u015fl\u0259rd\u0259 i\u015ftirak etm\u0259k \u00fc\u00e7\u00fcn g\u0259nc kadrlar haz\u0131rlamaq idi. Rusiyada ya\u015fama\u011f\u0131ma baxmayaraq ata t\u0259r\u0259find\u0259n erm\u0259ni oldu\u011fumu he\u00e7 vaxt unutmam\u0131\u015fam. H\u0259min videoya baxd\u0131qdan sonra erm\u0259nil\u0259r\u0259 k\u00f6m\u0259k etm\u0259k ist\u0259dim. Ona g\u00f6r\u0259 d\u0259, &#171;VOMA&#187; t\u0259\u015fkilat\u0131na sor\u011fular yazd\u0131m. Onlarla \u0259m\u0259kda\u015fl\u0131q etm\u0259k q\u0259rar\u0131na g\u0259ldim. \u0130nternet \u00fcz\u0259rind\u0259 t\u0259\u015fkilata \u00fczv oldum. Daha sonra 2018-ci ild\u0259 Erm\u0259nistana g\u0259ldim. Orada t\u0259\u015fkilat t\u0259r\u0259find\u0259n t\u0259liml\u0259r\u0259 c\u0259lb olundum.T\u0259\u015fkilatda m\u0259nd\u0259n ba\u015fqa dig\u0259r \u00f6lk\u0259l\u0259rd\u0259n t\u0259liml\u0259rd\u0259 i\u015ftirak etm\u0259y\u0259 g\u0259l\u0259nl\u0259r vard\u0131. T\u0259liml\u0259rin m\u0259qs\u0259di Da\u011fl\u0131q Qaraba\u011fda Az\u0259rbaycan Silahl\u0131 Q\u00fcvv\u0259l\u0259rin\u0259 qar\u015f\u0131 d\u00f6y\u00fc\u015fl\u0259rd\u0259 i\u015ftirak etm\u0259k, dinc \u0259hali aras\u0131nda vahim\u0259 yaratmaq v\u0259 partlay\u0131\u015flar t\u00f6r\u0259tm\u0259k olub. 2018-ci ild\u0259 bir ne\u00e7\u0259 t\u0259limd\u0259 i\u015ftirak etdim. T\u0259limd\u0259n sonra bizi La\u00e7\u0131n d\u0259hlizind\u0259n \u015eu\u015faya, Xank\u0259ndin\u0259 v\u0259 dig\u0259r \u0259razil\u0259r\u0259 apard\u0131lar. Orada d\u00f6y\u00fc\u015f olaca\u011f\u0131 t\u0259qdird\u0259 yerli \u015f\u0259raitl\u0259 tan\u0131\u015f olduq. 2018-ci ilin sonunda Rusiyaya qay\u0131td\u0131m. Daha sonra 2019-cu ilin iyul ay\u0131nda yenid\u0259n Erm\u0259nistana, oradan da i\u015f\u011fal olunmu\u015f \u0259razil\u0259r\u0259 gedib t\u0259liml\u0259rd\u0259 i\u015ftirak etmi\u015f\u0259m. 2021-ci ilin yanvar\u0131n 14-d\u0259 Az\u0259rbaycana g\u0259lmi\u015f\u0259m&#187;.<\/p>\n\n\n\n<p><br>E.Dubakov istintaqa verdiyi ifad\u0259sind\u0259n imtina edib. M\u0259hk\u0259m\u0259 prosesi iyulun 14-d\u0259 davam ed\u0259c\u0259k. \u0130ttihama g\u00f6r\u0259, Eduard Dubakov Az\u0259rbaycan\u0131n i\u015f\u011fal alt\u0131nda olmu\u015f torpaqlar\u0131na qanunsuz s\u0259f\u0259r ed\u0259r\u0259k h\u0259rbi t\u0259liml\u0259r\u0259 qat\u0131l\u0131b. D\u0259f\u0259l\u0259rl\u0259 Da\u011fl\u0131q Qaraba\u011f \u0259razisin\u0259 gedib-g\u0259lib. Sonuncu d\u0259f\u0259 bu il yanvar\u0131n 1-d\u0259 terror-t\u0259xribat \u0259m\u0259ll\u0259ri t\u00f6r\u0259tm\u0259k m\u0259qs\u0259dil\u0259 Bak\u0131ya g\u0259lib. H\u0259min g\u00fcn E.Dubakov h\u00fcquq- m\u00fchafiz\u0259 orqanlar\u0131 t\u0259r\u0259find\u0259n paytaxt\u0131n d\u0259nizk\u0259nar\u0131 bulvar \u0259razisind\u0259 saxlan\u0131l\u0131b.<\/p>\n\n\n\n<p><br>Qeyd ed\u0259k ki, bundan \u0259vv\u0259lki m\u0259hk\u0259m\u0259 prosesind\u0259 Dubakov \u00f6z\u00fcn\u00fc Rusiya v\u0259 Az\u0259rbaycan x\u00fcsusi xidm\u0259t orqanlar\u0131n\u0131n agenti kimi t\u0259qdim etmi\u015fdi. \u00dcmumiyy\u0259tl\u0259, onun m\u00fcharib\u0259d\u0259n sonra Bak\u0131ya nec\u0259 g\u0259lib \u00e7\u0131xd\u0131\u011f\u0131 da qaranl\u0131q qal\u0131r.<\/p>\n\n\n\n<p><strong>M\u0259nb\u0259: Virtualaz.org<\/strong><\/p>\n","protected":false},"excerpt":{"rendered":"<p>Bak\u0131 A\u011f\u0131r Cinay\u0259tl\u0259r M\u0259hk\u0259m\u0259sind\u0259 Erm\u0259nistan t\u0259r\u0259find\u0259n Qaraba\u011fda d\u00f6y\u00fc\u015fl\u0259r\u0259 c\u0259lb olunmu\u015f Rusiya v\u0259t\u0259nda\u015f\u0131 Dubakov Eduard Sergeyevi\u00e7in cinay\u0259t i\u015fi \u00fczr\u0259 m\u0259hk\u0259m\u0259 prosesi ke\u00e7irilib. Prosesd\u0259 \u015fahid qismind\u0259<\/p>\n","protected":false},"author":2,"featured_media":42238,"comment_status":"closed","ping_status":"closed","sticky":false,"template":"","format":"standard","meta":{"footnotes":""},"categories":[4],"tags":[],"class_list":["post-42236","post","type-post","status-publish","format-standard","has-post-thumbnail","hentry","category-qarabag"],"aioseo_notices":[],"_links":{"self":[{"href":"https:\/\/fedai.az\/index.php?rest_route=\/wp\/v2\/posts\/42236","targetHints":{"allow":["GET"]}}],"collection":[{"href":"https:\/\/fedai.az\/index.php?rest_route=\/wp\/v2\/posts"}],"about":[{"href":"https:\/\/fedai.az\/index.php?rest_route=\/wp\/v2\/types\/post"}],"author":[{"embeddable":true,"href":"https:\/\/fedai.az\/index.php?rest_route=\/wp\/v2\/users\/2"}],"replies":[{"embeddable":true,"href":"https:\/\/fedai.az\/index.php?rest_route=%2Fwp%2Fv2%2Fcomments&post=42236"}],"version-history":[{"count":1,"href":"https:\/\/fedai.az\/index.php?rest_route=\/wp\/v2\/posts\/42236\/revisions"}],"predecessor-version":[{"id":42239,"href":"https:\/\/fedai.az\/index.php?rest_route=\/wp\/v2\/posts\/42236\/revisions\/42239"}],"wp:featuredmedia":[{"embeddable":true,"href":"https:\/\/fedai.az\/index.php?rest_route=\/wp\/v2\/media\/42238"}],"wp:attachment":[{"href":"https:\/\/fedai.az\/index.php?rest_route=%2Fwp%2Fv2%2Fmedia&parent=42236"}],"wp:term":[{"taxonomy":"category","embeddable":true,"href":"https:\/\/fedai.az\/index.php?rest_route=%2Fwp%2Fv2%2Fcategories&post=42236"},{"taxonomy":"post_tag","embeddable":true,"href":"https:\/\/fedai.az\/index.php?rest_route=%2Fwp%2Fv2%2Ftags&post=42236"}],"curies":[{"name":"wp","href":"https:\/\/api.w.org\/{rel}","templated":true}]}}