{"id":42379,"date":"2021-07-10T00:12:18","date_gmt":"2021-07-09T20:12:18","guid":{"rendered":"https:\/\/fedai.az\/?p=42379"},"modified":"2021-07-10T00:12:21","modified_gmt":"2021-07-09T20:12:21","slug":"ai-komissarinin-aciqlamasi-az%c9%99rbaycana-veril%c9%99n-%c9%99h%c9%99miyy%c9%99ti-gost%c9%99rir-metyu-brayza","status":"publish","type":"post","link":"https:\/\/fedai.az\/?p=42379","title":{"rendered":"A\u0130 komissar\u0131n\u0131n a\u00e7\u0131qlamas\u0131 Az\u0259rbaycana veril\u0259n \u0259h\u0259miyy\u0259ti g\u00f6st\u0259rir &#8212; Metyu Brayza"},"content":{"rendered":"\n<p><strong>&#171;Avropa \u0130ttifaq\u0131 qon\u015fuluq v\u0259 geni\u015fl\u0259nm\u0259 komissar\u0131 Oliver Varhelyinin Az\u0259rbaycan\u0131 g\u00fccl\u00fc t\u0259r\u0259fda\u015f olaraq d\u0259y\u0259rl\u0259ndirm\u0259si, \u0259m\u0259kda\u015fl\u0131\u011f\u0131 daha da art\u0131rmaq ist\u0259dikl\u0259rini bildirm\u0259si A\u0130-nin uzun m\u00fcdd\u0259tdir Az\u0259rbaycana verdiyi y\u00fcks\u0259k \u0259h\u0259miyy\u0259ti \u0259ks etdirir&#187;.<\/strong><\/p>\n\n\n\n<p>Bunu&nbsp; AB\u015e-\u0131n Atlantik \u015euras\u0131 (Atlantic Council) beyin m\u0259rk\u0259zinin b\u00f6y\u00fck elmi i\u015f\u00e7isi, beyn\u0259lxalq ekspert, Az\u0259rbaycandak\u0131 ke\u00e7mi\u015f s\u0259fir Metyu Brayza A\u0130 r\u0259smisinin Bak\u0131dak\u0131 a\u00e7\u0131qlamalar\u0131na m\u00fcnasib\u0259t bildir\u0259rk\u0259n deyib.<\/p>\n\n\n\n<p>Onun fikrinc\u0259, m\u00fcnaqi\u015f\u0259d\u0259n sonrak\u0131 d\u00f6vrd\u0259 Z\u0259ng\u0259zur d\u0259hlizinin realla\u015fmas\u0131 hal\u0131nda Az\u0259rbaycan\u0131n A\u0130 \u00fc\u00e7\u00fcn \u0259h\u0259miyy\u0259ti bir q\u0259d\u0259r d\u0259 arta bil\u0259r.<\/p>\n\n\n\n<p>\u201cT\u00fcrkm\u0259nistandan Az\u0259rbaycan vasit\u0259sil\u0259 t\u0259bii qaz da n\u0259ql edilm\u0259y\u0259 ba\u015flasa, \u00f6lk\u0259nizin tranzit d\u0259hlizi olaraq \u0259h\u0259miyy\u0259ti daha da artacaq\u201d \u2013 dey\u0259, amerikal\u0131 ekspert qeyd edib.<\/p>\n\n\n\n<p>M\u0259nb\u0259: Report.az<\/p>\n","protected":false},"excerpt":{"rendered":"<p>&#171;Avropa \u0130ttifaq\u0131 qon\u015fuluq v\u0259 geni\u015fl\u0259nm\u0259 komissar\u0131 Oliver Varhelyinin Az\u0259rbaycan\u0131 g\u00fccl\u00fc t\u0259r\u0259fda\u015f olaraq d\u0259y\u0259rl\u0259ndirm\u0259si, \u0259m\u0259kda\u015fl\u0131\u011f\u0131 daha da art\u0131rmaq ist\u0259dikl\u0259rini bildirm\u0259si A\u0130-nin uzun m\u00fcdd\u0259tdir Az\u0259rbaycana verdiyi<\/p>\n","protected":false},"author":2,"featured_media":42380,"comment_status":"closed","ping_status":"closed","sticky":false,"template":"","format":"standard","meta":{"footnotes":""},"categories":[1],"tags":[],"class_list":["post-42379","post","type-post","status-publish","format-standard","has-post-thumbnail","hentry","category-siyast"],"aioseo_notices":[],"_links":{"self":[{"href":"https:\/\/fedai.az\/index.php?rest_route=\/wp\/v2\/posts\/42379","targetHints":{"allow":["GET"]}}],"collection":[{"href":"https:\/\/fedai.az\/index.php?rest_route=\/wp\/v2\/posts"}],"about":[{"href":"https:\/\/fedai.az\/index.php?rest_route=\/wp\/v2\/types\/post"}],"author":[{"embeddable":true,"href":"https:\/\/fedai.az\/index.php?rest_route=\/wp\/v2\/users\/2"}],"replies":[{"embeddable":true,"href":"https:\/\/fedai.az\/index.php?rest_route=%2Fwp%2Fv2%2Fcomments&post=42379"}],"version-history":[{"count":1,"href":"https:\/\/fedai.az\/index.php?rest_route=\/wp\/v2\/posts\/42379\/revisions"}],"predecessor-version":[{"id":42381,"href":"https:\/\/fedai.az\/index.php?rest_route=\/wp\/v2\/posts\/42379\/revisions\/42381"}],"wp:featuredmedia":[{"embeddable":true,"href":"https:\/\/fedai.az\/index.php?rest_route=\/wp\/v2\/media\/42380"}],"wp:attachment":[{"href":"https:\/\/fedai.az\/index.php?rest_route=%2Fwp%2Fv2%2Fmedia&parent=42379"}],"wp:term":[{"taxonomy":"category","embeddable":true,"href":"https:\/\/fedai.az\/index.php?rest_route=%2Fwp%2Fv2%2Fcategories&post=42379"},{"taxonomy":"post_tag","embeddable":true,"href":"https:\/\/fedai.az\/index.php?rest_route=%2Fwp%2Fv2%2Ftags&post=42379"}],"curies":[{"name":"wp","href":"https:\/\/api.w.org\/{rel}","templated":true}]}}