{"id":42689,"date":"2021-07-13T00:59:48","date_gmt":"2021-07-12T20:59:48","guid":{"rendered":"https:\/\/fedai.az\/?p=42689"},"modified":"2021-07-13T00:59:51","modified_gmt":"2021-07-12T20:59:51","slug":"erm%c9%99ni-veteran-sulhm%c9%99ramlilar-bizi-alcaldir-v%c9%99-qorxudurlar","status":"publish","type":"post","link":"https:\/\/fedai.az\/?p=42689","title":{"rendered":"Erm\u0259ni veteran: \u201cS\u00fclhm\u0259raml\u0131lar bizi al\u00e7ald\u0131r v\u0259 qorxudurlar\u201d"},"content":{"rendered":"\n<p><strong>Qaraba\u011f m\u00fcharib\u0259sinin erm\u0259ni veteran\u0131 Martiros Akopyan Qaraba\u011fdak\u0131 Rusiya s\u00fclhm\u0259raml\u0131lar\u0131n\u0131 s\u0259rt \u015f\u0259kild\u0259 t\u0259nqid edib.<\/strong><\/p>\n\n\n\n<p><br>Bu bar\u0259d\u0259 &#171;Caliber\u201din &#171;YouTube\u201d s\u0259hif\u0259sind\u0259 yerl\u0259\u015fdirilimi\u015f n\u00f6vb\u0259ti s\u00fcjetd\u0259 bildirilir.<\/p>\n\n\n\n<p><br>&#171;S\u0259n kims\u0259n ki, rus s\u00fclhm\u0259raml\u0131s\u0131? M\u0259n onlarla g\u00f6r\u00fc\u015f\u0259nd\u0259 d\u0259 demi\u015f\u0259m. Siz s\u00fclhm\u0259raml\u0131 yox, barbarlars\u0131n\u0131z. B\u0259li, onlar quldurlard\u0131r, n\u0259 s\u00fclhm\u0259raml\u0131?\u201d &#8212; dey\u0259 erm\u0259ni veteran hidd\u0259tl\u0259nib.<\/p>\n\n\n\n<p><br><strong>Daha \u0259trafl\u0131 &#171;Caliber\u201din yeni videomaterial\u0131nda:<\/strong><\/p>\n\n\n\n<figure class=\"wp-block-embed is-type-video is-provider-youtube wp-block-embed-youtube wp-embed-aspect-16-9 wp-has-aspect-ratio\"><div class=\"wp-block-embed__wrapper\">\n<iframe loading=\"lazy\" title=\"\u0410\u0440\u043c\u044f\u043d\u0441\u043a\u0438\u0439 \u0441\u0435\u043f\u0430\u0440\u0430\u0442\u0438\u0441\u0442: &quot;\u041c\u0438\u0440\u043e\u0442\u0432\u043e\u0440\u0446\u044b \u0443\u043d\u0438\u0436\u0430\u044e\u0442 \u0438 \u0437\u0430\u043f\u0443\u0433\u0438\u0432\u0430\u044e\u0442 \u043d\u0430\u0441&quot;\" width=\"715\" height=\"402\" src=\"https:\/\/www.youtube.com\/embed\/ki6wD5AJM8s?feature=oembed\" frameborder=\"0\" allow=\"accelerometer; autoplay; clipboard-write; encrypted-media; gyroscope; picture-in-picture\" allowfullscreen><\/iframe>\n<\/div><\/figure>\n","protected":false},"excerpt":{"rendered":"<p>Qaraba\u011f m\u00fcharib\u0259sinin erm\u0259ni veteran\u0131 Martiros Akopyan Qaraba\u011fdak\u0131 Rusiya s\u00fclhm\u0259raml\u0131lar\u0131n\u0131 s\u0259rt \u015f\u0259kild\u0259 t\u0259nqid edib. Bu bar\u0259d\u0259 &#171;Caliber\u201din &#171;YouTube\u201d s\u0259hif\u0259sind\u0259 yerl\u0259\u015fdirilimi\u015f n\u00f6vb\u0259ti s\u00fcjetd\u0259 bildirilir. &#171;S\u0259n kims\u0259n<\/p>\n","protected":false},"author":2,"featured_media":42690,"comment_status":"closed","ping_status":"closed","sticky":false,"template":"","format":"standard","meta":{"footnotes":""},"categories":[4],"tags":[],"class_list":["post-42689","post","type-post","status-publish","format-standard","has-post-thumbnail","hentry","category-qarabag"],"aioseo_notices":[],"_links":{"self":[{"href":"https:\/\/fedai.az\/index.php?rest_route=\/wp\/v2\/posts\/42689","targetHints":{"allow":["GET"]}}],"collection":[{"href":"https:\/\/fedai.az\/index.php?rest_route=\/wp\/v2\/posts"}],"about":[{"href":"https:\/\/fedai.az\/index.php?rest_route=\/wp\/v2\/types\/post"}],"author":[{"embeddable":true,"href":"https:\/\/fedai.az\/index.php?rest_route=\/wp\/v2\/users\/2"}],"replies":[{"embeddable":true,"href":"https:\/\/fedai.az\/index.php?rest_route=%2Fwp%2Fv2%2Fcomments&post=42689"}],"version-history":[{"count":1,"href":"https:\/\/fedai.az\/index.php?rest_route=\/wp\/v2\/posts\/42689\/revisions"}],"predecessor-version":[{"id":42691,"href":"https:\/\/fedai.az\/index.php?rest_route=\/wp\/v2\/posts\/42689\/revisions\/42691"}],"wp:featuredmedia":[{"embeddable":true,"href":"https:\/\/fedai.az\/index.php?rest_route=\/wp\/v2\/media\/42690"}],"wp:attachment":[{"href":"https:\/\/fedai.az\/index.php?rest_route=%2Fwp%2Fv2%2Fmedia&parent=42689"}],"wp:term":[{"taxonomy":"category","embeddable":true,"href":"https:\/\/fedai.az\/index.php?rest_route=%2Fwp%2Fv2%2Fcategories&post=42689"},{"taxonomy":"post_tag","embeddable":true,"href":"https:\/\/fedai.az\/index.php?rest_route=%2Fwp%2Fv2%2Ftags&post=42689"}],"curies":[{"name":"wp","href":"https:\/\/api.w.org\/{rel}","templated":true}]}}