{"id":42692,"date":"2021-07-13T01:05:03","date_gmt":"2021-07-12T21:05:03","guid":{"rendered":"https:\/\/fedai.az\/?p=42692"},"modified":"2021-07-13T01:05:07","modified_gmt":"2021-07-12T21:05:07","slug":"sosial-mu%c9%99ssis%c9%99l%c9%99rin-standartlari-d%c9%99yisdi-s%c9%99hid-ail%c9%99l%c9%99ri-d%c9%99-%c9%99lav%c9%99-edildi","status":"publish","type":"post","link":"https:\/\/fedai.az\/?p=42692","title":{"rendered":"Sosial m\u00fc\u0259ssis\u0259l\u0259rin standartlar\u0131 d\u0259yi\u015fdi: \u015e\u0259hid ail\u0259l\u0259ri d\u0259 \u0259lav\u0259 edildi"},"content":{"rendered":"\n<p><strong>Sosial m\u00fc\u0259ssis\u0259l\u0259rin standartlar\u0131 d\u0259yi\u015fib.<\/strong><\/p>\n\n\n\n<p>Nazir Kabineti bununla ba\u011fl\u0131 &#171;Sosial m\u00fc\u0259ssis\u0259l\u0259rin v\u0259 kvotadan \u0259lav\u0259 i\u015f yerl\u0259rinin Standartlar\u0131\u201dnda d\u0259yi\u015fiklik edib.<\/p>\n\n\n\n<p> Q\u00fcvv\u0259d\u0259 olan q\u0259rara \u0259sas\u0259n, haz\u0131rda sosial m\u00fc\u0259ssis\u0259l\u0259rin i\u015f\u00e7il\u0259rin orta illik say\u0131n\u0131n az\u0131 80 faizini \u018fm\u0259k v\u0259 \u018fhalinin Sosial M\u00fcdafi\u0259si Nazirliyinin tabeliyind\u0259 D\u00f6vl\u0259t M\u0259\u015f\u011fulluq Agentliyinin m\u00fcvafiq yerli qurumlar\u0131 v\u0259 ya &#171;DOST\u201d m\u0259rk\u0259zl\u0259rinin g\u00f6nd\u0259ri\u015fi il\u0259 i\u015f\u0259 q\u0259bul olunmu\u015f sosial m\u00fcdafi\u0259y\u0259 x\u00fcsusi ehtiyac\u0131 olan v\u0259 i\u015f\u0259 d\u00fcz\u0259lm\u0259kd\u0259 \u00e7\u0259tinlik \u00e7\u0259k\u0259n \u015f\u0259xsl\u0259r &#8212; \u0259lilliyi olan \u015f\u0259xsl\u0259r, 20 ya\u015fad\u0259k g\u0259ncl\u0259r, yetkinlik ya\u015f\u0131na \u00e7atmam\u0131\u015f u\u015faqlar\u0131 t\u0259rbiy\u0259 ed\u0259n t\u0259k v\u0259 \u00e7oxu\u015faql\u0131 valideynl\u0259r, sa\u011flaml\u0131q imkanlar\u0131 m\u0259hdud 18 ya\u015f\u0131nad\u0259k u\u015faqlar\u0131 t\u0259rbiy\u0259 ed\u0259n valideynl\u0259r, pensiya ya\u015f\u0131na iki ild\u0259n az qalm\u0131\u015f \u015f\u0259xsl\u0259r, c\u0259za\u00e7\u0259km\u0259 yerl\u0259rind\u0259n azad edilmi\u015f \u015f\u0259xsl\u0259r, m\u0259cburi k\u00f6\u00e7k\u00fcnl\u0259r t\u0259\u015fkil edirl\u0259r.<\/p>\n\n\n\n<p><br><strong>D\u0259yi\u015fikliy\u0259 \u0259sas\u0259n, bu s\u0131raya \u015f\u0259hid ail\u0259sinin \u00fczvl\u0259ri daxil edilib.<\/strong><\/p>\n","protected":false},"excerpt":{"rendered":"<p>Sosial m\u00fc\u0259ssis\u0259l\u0259rin standartlar\u0131 d\u0259yi\u015fib. Nazir Kabineti bununla ba\u011fl\u0131 &#171;Sosial m\u00fc\u0259ssis\u0259l\u0259rin v\u0259 kvotadan \u0259lav\u0259 i\u015f yerl\u0259rinin Standartlar\u0131\u201dnda d\u0259yi\u015fiklik edib. Q\u00fcvv\u0259d\u0259 olan q\u0259rara \u0259sas\u0259n, haz\u0131rda sosial<\/p>\n","protected":false},"author":2,"featured_media":42693,"comment_status":"closed","ping_status":"closed","sticky":false,"template":"","format":"standard","meta":{"footnotes":""},"categories":[12],"tags":[],"class_list":["post-42692","post","type-post","status-publish","format-standard","has-post-thumbnail","hentry","category-sosial"],"aioseo_notices":[],"_links":{"self":[{"href":"https:\/\/fedai.az\/index.php?rest_route=\/wp\/v2\/posts\/42692","targetHints":{"allow":["GET"]}}],"collection":[{"href":"https:\/\/fedai.az\/index.php?rest_route=\/wp\/v2\/posts"}],"about":[{"href":"https:\/\/fedai.az\/index.php?rest_route=\/wp\/v2\/types\/post"}],"author":[{"embeddable":true,"href":"https:\/\/fedai.az\/index.php?rest_route=\/wp\/v2\/users\/2"}],"replies":[{"embeddable":true,"href":"https:\/\/fedai.az\/index.php?rest_route=%2Fwp%2Fv2%2Fcomments&post=42692"}],"version-history":[{"count":1,"href":"https:\/\/fedai.az\/index.php?rest_route=\/wp\/v2\/posts\/42692\/revisions"}],"predecessor-version":[{"id":42694,"href":"https:\/\/fedai.az\/index.php?rest_route=\/wp\/v2\/posts\/42692\/revisions\/42694"}],"wp:featuredmedia":[{"embeddable":true,"href":"https:\/\/fedai.az\/index.php?rest_route=\/wp\/v2\/media\/42693"}],"wp:attachment":[{"href":"https:\/\/fedai.az\/index.php?rest_route=%2Fwp%2Fv2%2Fmedia&parent=42692"}],"wp:term":[{"taxonomy":"category","embeddable":true,"href":"https:\/\/fedai.az\/index.php?rest_route=%2Fwp%2Fv2%2Fcategories&post=42692"},{"taxonomy":"post_tag","embeddable":true,"href":"https:\/\/fedai.az\/index.php?rest_route=%2Fwp%2Fv2%2Ftags&post=42692"}],"curies":[{"name":"wp","href":"https:\/\/api.w.org\/{rel}","templated":true}]}}