{"id":42698,"date":"2021-07-13T01:34:20","date_gmt":"2021-07-12T21:34:20","guid":{"rendered":"https:\/\/fedai.az\/?p=42698"},"modified":"2021-07-13T01:34:25","modified_gmt":"2021-07-12T21:34:25","slug":"xank%c9%99ndi-5-il-sonra-n%c9%99zar%c9%99t-kimd%c9%99-olacaq","status":"publish","type":"post","link":"https:\/\/fedai.az\/?p=42698","title":{"rendered":"Xank\u0259ndi 5 il sonra &#8212; n\u0259zar\u0259t kimd\u0259 olacaq?"},"content":{"rendered":"\n<p><strong><span class=\"has-inline-color has-vivid-cyan-blue-color\">BBC News Az\u0259rbaycanca<\/span><\/strong><\/p>\n\n\n\n<p><strong>Az\u0259rbaycanda h\u00f6kum\u0259t Xank\u0259ndi\/Stepanakert haqq\u0131nda dan\u0131\u015fm\u0131r, r\u0259smil\u0259r Qaraba\u011f\u0131n haz\u0131rda Rusiya s\u00fclhm\u0259raml\u0131lar\u0131n\u0131n n\u0259zar\u0259tind\u0259 olan bu \u015f\u0259h\u0259ri haqq\u0131nda suallara cavab vermir, ancaq ke\u00e7\u0259n h\u0259ft\u0259 Prezident \u0130lham \u018fliyev Xank\u0259ndinin yeni yarad\u0131lan iqtisadi zonalardan birin\u0259 &#8212;&nbsp;<\/strong><a href=\"https:\/\/www.bbc.com\/azeri\/region-57648781\">Qaraba\u011f iqtisadi rayonuna<\/a><strong>&nbsp;aid edilm\u0259sin\u0259 dair f\u0259rman imzalay\u0131b.<\/strong><\/p>\n\n\n\n<p>Xank\u0259ndid\u0259 \u00f6t\u0259n ilin yanvar ay\u0131na olan m\u0259lumata g\u00f6r\u0259, 60 min\u0259 yax\u0131n \u0259hali ya\u015fay\u0131b. 2-ci Qaraba\u011f M\u00fcharib\u0259sind\u0259n sonra orada erm\u0259ni \u0259halinin say\u0131n\u0131n d\u0259qiqliyi m\u0259lum olmasa da, on minl\u0259rl\u0259 insan\u0131n geri qay\u0131tmas\u0131 bar\u0259d\u0259 m\u0259lumatlar verilir.<\/p>\n\n\n\n<p>\u00d6t\u0259n ilki 44 g\u00fcnl\u00fck m\u00fcharib\u0259d\u0259n sonra imzalanan at\u0259\u015fk\u0259s b\u0259yannam\u0259sin\u0259 \u0259sas\u0259n, Xank\u0259ndi bu g\u00fcn Az\u0259rbaycan\u0131n n\u0259zar\u0259tind\u0259 deyil &#8212; bura Rusiya s\u00fclhm\u0259raml\u0131lar\u0131n\u0131n &#187;m\u0259suliyy\u0259t zonas\u0131&#187; hesab olunur.<\/p>\n\n\n\n<p>Rusiya s\u00fclhm\u0259raml\u0131lar\u0131 2025-ci ild\u0259n sonra,\u00a0<a href=\"https:\/\/twitter.com\/khankendi\/status\/1409879614340599820\">b\u0259yannam\u0259ni\u00a0<\/a>imzalayan t\u0259r\u0259fl\u0259rd\u0259n h\u0259r hans\u0131 birinin &#8212; Az\u0259rbaycan, Erm\u0259nistan, Rusiya &#8212; t\u0259l\u0259biyl\u0259 Qaraba\u011fdan \u00e7\u0131xarsa, o zaman n\u0259zar\u0259t kimd\u0259 olacaq?<\/p>\n\n\n\n<h2 class=\"wp-block-heading\" id=\"Az\u0259rbaycan\u0131n-g\u0259l\u0259c\u0259k-m\u0259qs\u0259di-\">Az\u0259rbaycan\u0131n g\u0259l\u0259c\u0259k m\u0259qs\u0259di<\/h2>\n\n\n\n<p>Az\u0259rbaycan haz\u0131rda \u00f6z n\u0259zar\u0259ti alt\u0131nda olmayan \u0259razil\u0259rin &#171;iqtisadi inki\u015faf\u0131na nail ola bilmir, lakin bu o dem\u0259k deyil ki, bunu g\u0259l\u0259c\u0259k m\u0259qs\u0259d kimi g\u00f6rm\u00fcr,&#187;- mill\u0259t v\u0259kili Rasim Musab\u0259yov Xank\u0259ndinin iqtisadi zonalara aid olunmas\u0131n\u0131 \u015f\u0259rh ed\u0259rk\u0259n deyir.<\/p>\n\n\n\n<figure class=\"wp-block-image size-large is-resized\"><img loading=\"lazy\" decoding=\"async\" src=\"https:\/\/fedai.az\/wp-content\/uploads\/2021\/07\/119355653_xan-2.jpg\" alt=\"\" class=\"wp-image-42700\" width=\"910\" height=\"512\" srcset=\"https:\/\/fedai.az\/wp-content\/uploads\/2021\/07\/119355653_xan-2.jpg 800w, https:\/\/fedai.az\/wp-content\/uploads\/2021\/07\/119355653_xan-2-300x169.jpg 300w, https:\/\/fedai.az\/wp-content\/uploads\/2021\/07\/119355653_xan-2-150x84.jpg 150w, https:\/\/fedai.az\/wp-content\/uploads\/2021\/07\/119355653_xan-2-768x432.jpg 768w\" sizes=\"auto, (max-width: 910px) 100vw, 910px\" \/><\/figure>\n\n\n\n<p>&#171;B\u00fct\u00fcn Az\u0259rbaycan \u0259razisin\u0259 n\u0259zar\u0259ti Az\u0259rbaycan \u00f6z\u00fc h\u0259yata ke\u00e7irm\u0259lidir v\u0259 bizim 5 ild\u0259n sonra burada Rusiya s\u00fclhm\u0259raml\u0131lar\u0131n\u0131 g\u00f6rm\u0259k bar\u0259d\u0259 he\u00e7 bir ist\u0259yimiz yoxdur,&#187; &#8212; dey\u0259 c\u0259nab Musab\u0259yov BBC Az\u0259rbaycancaya m\u00fcsahib\u0259sind\u0259 bildirib.<\/p>\n\n\n\n<p>Az\u0259rbaycan\u0131n a\u00e7\u0131qlamalar\u0131n\u0131 diqq\u0259tl\u0259 oxuyan\u0131n g\u00f6z\u00fcnd\u0259n qa\u00e7maz ki, Qaraba\u011fdak\u0131 Rusiya q\u00fcvv\u0259l\u0259rin\u0259 dair r\u0259smi m\u0259lumatlarda s\u00fclhm\u0259raml\u0131lar haqq\u0131nda israrla Az\u0259rbaycan &#171;\u0259razisind\u0259 m\u00fcv\u0259qq\u0259ti yerl\u0259\u015fdirilmi\u015f&#187; s\u00f6zl\u0259ri istifad\u0259 olunur.<\/p>\n\n\n\n<p>Bel\u0259 g\u00f6r\u00fcn\u00fcr ki, Az\u0259rbaycan h\u00f6kum\u0259ti Rusiya s\u00fclhm\u0259raml\u0131lar\u0131n\u0131n 5 il sonra Qaraba\u011fdan \u00e7\u0131xaca\u011f\u0131na b\u00f6y\u00fck \u00fcmidl\u0259r b\u0259sl\u0259yir. V\u0259 s\u00fclhm\u0259raml\u0131lar\u0131n Qaraba\u011fda haz\u0131rk\u0131 f\u0259aliyy\u0259ti onu qane etmir &#8212; \u00f6t\u0259n h\u0259ft\u0259 M\u00fcdafi\u0259 Nazirliyi n\u00f6vb\u0259ti d\u0259f\u0259 at\u0259\u015fk\u0259sin pozuldu\u011fu v\u0259 bir \u0259sg\u0259rinin yaralanmas\u0131 bar\u0259d\u0259 m\u0259lumat yay\u0131b.<\/p>\n\n\n\n<p>Yerevandak\u0131 Regional T\u0259dqiqatlar M\u0259rk\u0259zinin r\u0259hb\u0259ri Ri\u00e7ard Giraqosyan xat\u0131rlad\u0131r ki, Rusiya s\u00fclhm\u0259raml\u0131lar\u0131 getdikl\u0259ri he\u00e7 bir yerd\u0259n indiy\u0259 kimi \u00e7\u0131xmay\u0131blar.<\/p>\n\n\n\n<p>&#171;Rusiyan\u0131n regionda g\u00fcc\u00fc v\u0259 t\u0259sirini art\u0131rma\u011f\u0131n \u0259sas\u0131 olaraq, \u00e7\u0259tin ki, Rusiya s\u00fclhm\u0259raml\u0131lar\u0131 \u00fc\u00e7\u00fcn qoyulmu\u015f 5 illik m\u0259hdudiyy\u0259t\u0259 \u0259m\u0259l olunsun,&#187;- o deyir.<\/p>\n\n\n\n<p>Siyasi t\u0259hlil\u00e7i Fuad \u015eahbazov Twitter mikrobluqunda yaz\u0131b ki, A\u011fdamda Az\u0259rbaycan v\u0259 Erm\u0259nistan aras\u0131nda son insident Rusiyan\u0131n s\u00fclh missiyas\u0131n\u0131n s\u0259m\u0259r\u0259siz oldu\u011funu g\u00f6st\u0259rir v\u0259 onu sars\u0131d\u0131r. &#171;Bu bax\u0131mdan, Rusiyan\u0131n t\u0259nqidi Bak\u0131da daha ucadan s\u0259sl\u0259nir v\u0259 Yerevanla m\u00fcmk\u00fcn s\u00fclh raz\u0131la\u015fmas\u0131 daha yax\u015f\u0131 alternativ kimi g\u00f6r\u00fcn\u00fcr&#187;.<\/p>\n\n\n\n<p>Az\u0259rbaycan birba\u015fa Erm\u0259nistan h\u00f6kum\u0259ti v\u0259 Qaraba\u011f\u0131n erm\u0259ni \u0259halisiyl\u0259 m\u00fcmk\u00fcn q\u0259d\u0259r tez bir zamanda s\u00fclh\u0259 v\u0259 bar\u0131\u015f\u0131\u011fa nail olmaq \u00fc\u00e7\u00fcn add\u0131mlar atma\u011f\u0131 planla\u015fd\u0131r\u0131rm\u0131?<\/p>\n\n\n\n<p>Mill\u0259t v\u0259kili Ayd\u0131n Mirz\u0259zad\u0259nin fikrinc\u0259, bu add\u0131mlar art\u0131q at\u0131l\u0131r v\u0259 bu bar\u0259d\u0259 ictimaiyy\u0259tin d\u0259 m\u0259lumat\u0131 var.<\/p>\n\n\n\n<p>&#171;Az\u0259rbaycan d\u0259f\u0259l\u0259rl\u0259 Erm\u0259nistanla mehriban qon\u015fuluq \u015f\u0259raitind\u0259 ya\u015fama\u011fa haz\u0131r oldu\u011funu, d\u00fcn\u0259nin s\u0259hif\u0259sini qapadaraq bu g\u00fcn yeni s\u0259hif\u0259d\u0259 qon\u015fu \u00f6lk\u0259 il\u0259 h\u0259rt\u0259r\u0259fli \u0259laq\u0259 qurmaq ist\u0259diyini bildirib. Bu g\u00fcn m\u00fcv\u0259qq\u0259ti olaraq Rusiya s\u00fclhm\u0259raml\u0131lar\u0131n\u0131n n\u0259zar\u0259ti alt\u0131nda ya\u015fayan \u0259hali is\u0259 Az\u0259rbaycan v\u0259t\u0259nda\u015flar\u0131d\u0131r v\u0259 onlar\u0131n da probleml\u0259rinin h\u0259lli Az\u0259rbaycan d\u00f6vl\u0259tinin diqq\u0259tind\u0259dir,&#187;- dey\u0259 c\u0259nab Mirz\u0259zad\u0259 \u0259lav\u0259 edib.<\/p>\n\n\n\n<p>Richard Giraqosyan hesab edir ki, s\u00fclh raz\u0131la\u015fmas\u0131 \u0259sas\u0259n, Az\u0259rbaycan h\u00f6kum\u0259tind\u0259n as\u0131l\u0131d\u0131r. O, bunun \u00fc\u00e7\u00fcn m\u00fcharib\u0259d\u0259n sonra saxlan\u0131lm\u0131\u015f erm\u0259ni h\u0259rb\u00e7il\u0259rin burax\u0131lmas\u0131n\u0131n m\u00fch\u00fcm oldu\u011funu d\u00fc\u015f\u00fcn\u00fcr. &#171;Bu m\u0259nada, bel\u0259 bir s\u00fclh raz\u0131la\u015fmas\u0131n\u0131n vaxt c\u0259dv\u0259li Az\u0259rbaycan h\u00f6kum\u0259tin\u0259 ba\u011fl\u0131d\u0131r v\u0259 Bak\u0131n\u0131n yenid\u0259n s\u00fclh prosesind\u0259 n\u0259 zaman i\u015ftirak etm\u0259y\u0259 haz\u0131r olaca\u011f\u0131ndan &#8212; bu d\u0259f\u0259 2020-ci il m\u00fcharib\u0259sinin qalibi kimi &#8212; as\u0131l\u0131 olacaq,&#187;- o, BBC Az\u0259rbaycancaya deyib.<\/p>\n\n\n\n<figure class=\"wp-block-image size-large is-resized\"><img loading=\"lazy\" decoding=\"async\" src=\"https:\/\/fedai.az\/wp-content\/uploads\/2021\/07\/119317557_gettyimages-1229652068-1.jpg\" alt=\"\" class=\"wp-image-42699\" width=\"915\" height=\"515\" srcset=\"https:\/\/fedai.az\/wp-content\/uploads\/2021\/07\/119317557_gettyimages-1229652068-1.jpg 800w, https:\/\/fedai.az\/wp-content\/uploads\/2021\/07\/119317557_gettyimages-1229652068-1-300x169.jpg 300w, https:\/\/fedai.az\/wp-content\/uploads\/2021\/07\/119317557_gettyimages-1229652068-1-150x84.jpg 150w, https:\/\/fedai.az\/wp-content\/uploads\/2021\/07\/119317557_gettyimages-1229652068-1-768x432.jpg 768w\" sizes=\"auto, (max-width: 915px) 100vw, 915px\" \/><\/figure>\n\n\n\n<h2 class=\"wp-block-heading\" id=\"-Xank\u0259ndinin-g\u0259l\u0259c\u0259yi-\">Xank\u0259ndinin g\u0259l\u0259c\u0259yi<\/h2>\n\n\n\n<p>H\u0259m Az\u0259rbaycanda, h\u0259m d\u0259 Erm\u0259nistanda bar\u0131\u015f\u0131\u011f\u0131n m\u00fch\u00fcm oldu\u011funu vur\u011fulayan b\u0259yanatlar s\u0259sl\u0259nir.<\/p>\n\n\n\n<p>Prezident \u0130lham \u018fliyev \u00e7\u0131x\u0131\u015flar\u0131nda deyib ki, Xank\u0259ndinin v\u0259 haz\u0131rda erm\u0259ni \u0259halinin ya\u015fad\u0131\u011f\u0131 dig\u0259r \u0259razil\u0259rin inteqrasiyas\u0131 &#171;lab\u00fcd prosesdir&#187; v\u0259 vur\u011fulay\u0131b ki, h\u0259min \u0259razil\u0259rd\u0259 insanlar\u0131n normal h\u0259yat f\u0259aliyy\u0259tin\u0259 Az\u0259rbaycans\u0131z nail olmaq &#171;qeyri-m\u00fcmk\u00fcnd\u00fcr&#187;.<\/p>\n\n\n\n<p>Erm\u0259nistan Ba\u015f naziri s\u0259lahiyy\u0259tl\u0259rini icra ed\u0259n Nikol Pa\u015finyan da Az\u0259rbaycanla \u0259m\u0259kda\u015fl\u0131\u011fa haz\u0131r olma\u011f\u0131n vacibliyi bar\u0259d\u0259 dan\u0131\u015f\u0131b.<\/p>\n\n\n\n<p>Ancaq bunu Qaraba\u011fda ya\u015fayan erm\u0259ni \u0259hali ist\u0259y\u0259c\u0259kmi? Bunu t\u0259min etm\u0259k kimin \u00fcz\u0259rin\u0259 d\u00fc\u015f\u00fcr?<\/p>\n\n\n\n<p>Pa\u015finyan h\u00f6kum\u0259ti bunu ed\u0259 bil\u0259c\u0259k t\u0259sir\u0259 malik kimi g\u00f6r\u00fcnm\u00fcr. \u00d6t\u0259n ay se\u00e7kil\u0259rd\u0259 q\u0259l\u0259b\u0259sind\u0259n sonra Qaraba\u011f separat\u00e7\u0131lar\u0131n\u0131n lideri, Az\u0259rbaycan Ba\u015f Prokurorlu\u011funun 2-ci Qaraba\u011f M\u00fcharib\u0259sind\u0259n sonra bar\u0259sind\u0259 axtar\u0131\u015f elan etdiyi Arayik Harutyunyan Pa\u015finyan\u0131n yan\u0131nda g\u00f6r\u00fcnd\u00fcy\u00fc \u00fc\u00e7\u00fcn Xank\u0259ndid\u0259 onun \u0259leyhin\u0259 etiraz mitinql\u0259ri ke\u00e7irildi.<\/p>\n\n\n\n<p>Rusiya medias\u0131ndak\u0131 x\u0259b\u0259rl\u0259rd\u0259n bel\u0259 n\u0259tic\u0259y\u0259 g\u0259lm\u0259k olar ki, Qaraba\u011fda erm\u0259nil\u0259r haz\u0131rda daha \u00e7ox Rusiyaya etibar etdikl\u0259rini v\u0259 h\u0259tta Rusiya pasportu almaq ist\u0259dikl\u0259rini s\u00f6yl\u0259yirl\u0259r.<\/p>\n\n\n\n<p>Rasim Musab\u0259yov hesab edir ki, Az\u0259rbaycan Qaraba\u011fdak\u0131 \u0259haliy\u0259 maliyy\u0259 imkanlar\u0131 il\u0259 t\u0259sir g\u00f6st\u0259rm\u0259yi d\u0259 d\u00fc\u015f\u00fcn\u0259 bil\u0259r. &#171;Bunu \u0259vv\u0259lc\u0259d\u0259n dem\u0259k \u00e7\u0259tindir,&#187;- dey\u0259 o \u0259lav\u0259 edib.<\/p>\n\n\n\n<p>Bu, Erm\u0259nistan v\u0259 Az\u0259rbaycan aras\u0131nda m\u00fcsb\u0259t diplomatik dan\u0131\u015f\u0131qlar\u0131n bir sah\u0259sidir, Ri\u00e7ard Giraqosyan bel\u0259 hesab edir. &#171;\u2026 [Az\u0259rbaycan, Erm\u0259nistan, Rusiya] i\u015f\u00e7i qrupu Yerevan v\u0259 Bak\u0131 aras\u0131nda etimad yarad\u0131lmas\u0131 yolunda \u00fcmidverici i\u015far\u0259l\u0259r g\u00f6st\u0259rir. Bu yolla, iqtisadi stimullar v\u0259 ticar\u0259t imkanlar\u0131 yeni v\u0259 daha \u00f6nc\u0259 g\u00f6r\u00fclm\u0259y\u0259n \u0259h\u0259miyy\u0259t da\u015f\u0131ma\u011fa ba\u015flay\u0131b &#8212; bu, Qaraba\u011f m\u00fcnaqi\u015f\u0259sind\u0259 bu g\u00fcn\u0259d\u0259k ba\u015f verm\u0259mi\u015fdi&#187;.<\/p>\n\n\n\n<p>Bu m\u0259nada Ayd\u0131n Mirz\u0259zad\u0259 d\u0259 \u00fcmidlidir: &#171;Hesab edir\u0259m ki, zaman-zaman biz art\u0131q m\u00fcnasib\u0259tl\u0259rin yeni m\u00fcst\u0259viy\u0259 \u00e7\u0131xd\u0131\u011f\u0131n\u0131n \u015fahidi olaca\u011f\u0131q. \u2026Az\u0259rbaycan Erm\u0259nistan\u0131n yeni h\u00f6kum\u0259tind\u0259n onunla konstruktiv \u0259laq\u0259 qurmas\u0131n\u0131 g\u00f6zl\u0259yir&#187;.<\/p>\n\n\n\n<p>Xank\u0259ndinin Az\u0259rbaycan\u0131n iqtisadi zonalar\u0131na aid edilm\u0259sin\u0259 g\u0259linc\u0259 is\u0259, c\u0259nab Giraqosyan\u0131n fikirnc\u0259, regional ticar\u0259t v\u0259 n\u0259qliyyat\u0131n b\u0259rpas\u0131 h\u0259m Erm\u0259nistan, h\u0259m Az\u0259rbaycan, h\u0259m d\u0259 Rusiya \u00fc\u00e7\u00fcn \u00f6n\u0259mlidir: &#171;Erm\u0259nistan \u00fc\u00e7\u00fcn t\u0259cridd\u0259n qurtulmaq, Az\u0259rbaycan \u00fc\u00e7\u00fcn is\u0259 geri ald\u0131\u011f\u0131 rayonlar\u0131 Qaraba\u011f s\u0259rh\u0259dl\u0259rind\u0259n k\u0259narda inki\u015faf etdirm\u0259k, el\u0259c\u0259 d\u0259, regional inteqrasiya prosesini y\u00f6nl\u0259ndirm\u0259k v\u0259 idar\u0259 etm\u0259k g\u00fcc\u00fcn\u0259 sahib olan Rusiya \u00fc\u00e7\u00fcn\u2026&#187;<\/p>\n\n\n\n<p>Ayd\u0131n Mirz\u0259zad\u0259 deyir ki, Az\u0259rbaycan art\u0131q Da\u011fl\u0131q Qaraba\u011f probleminin m\u00f6vcud olmad\u0131\u011f\u0131n\u0131 v\u0259 yeni reall\u0131\u011f\u0131n yarand\u0131\u011f\u0131n\u0131 d\u0259f\u0259l\u0259rl\u0259 vur\u011fulay\u0131b. &#171;Bu istiqam\u0259td\u0259 Rusiya il\u0259 \u00e7ox s\u0131x i\u015fl\u0259nilir v\u0259 Rusiya, Az\u0259rbaycan, Erm\u0259nistan birg\u0259 komissiyas\u0131nda f\u0259aliyy\u0259t g\u00f6st\u0259rilir&#187;.<\/p>\n\n\n\n<p><strong>T\u00fcrkiy\u0259 Prezidenti Erdo\u011fan i\u015f\u011faldan azad olunmu\u015f \u015eu\u015fa \u015f\u0259h\u0259rin\u0259 Az\u0259rbaycan Prezidenti il\u0259 ged\u0259rk\u0259n aralar\u0131nda bel\u0259 bir s\u00f6hb\u0259t oldu: c\u0259nab Erdo\u011fan &#171;Xank\u0259ndi istiqam\u0259tin\u0259 i\u015far\u0259 ed\u0259r\u0259k otel oradam\u0131&#187; dey\u0259 c\u0259nab \u018fliyevd\u0259n soru\u015fdu. O is\u0259 g\u00fcl\u0259r\u0259k, &#171;yox, orda yox, amma orda da olacaq,&#187;- dey\u0259 cavab verdi.<\/strong><\/p>\n\n\n\n<p>Xank\u0259ndid\u0259 bel\u0259 bir otel \u00fc\u00e7\u00fcn is\u0259 h\u0259r iki t\u0259r\u0259fin bir-birin\u0259 etimad\u0131 laz\u0131md\u0131r.<\/p>\n\n\n\n<p>M\u0259nb\u0259: BBC<\/p>\n","protected":false},"excerpt":{"rendered":"<p>BBC News Az\u0259rbaycanca Az\u0259rbaycanda h\u00f6kum\u0259t Xank\u0259ndi\/Stepanakert haqq\u0131nda dan\u0131\u015fm\u0131r, r\u0259smil\u0259r Qaraba\u011f\u0131n haz\u0131rda Rusiya s\u00fclhm\u0259raml\u0131lar\u0131n\u0131n n\u0259zar\u0259tind\u0259 olan bu \u015f\u0259h\u0259ri haqq\u0131nda suallara cavab vermir, ancaq ke\u00e7\u0259n h\u0259ft\u0259<\/p>\n","protected":false},"author":2,"featured_media":42701,"comment_status":"closed","ping_status":"closed","sticky":false,"template":"","format":"standard","meta":{"footnotes":""},"categories":[4],"tags":[],"class_list":["post-42698","post","type-post","status-publish","format-standard","has-post-thumbnail","hentry","category-qarabag"],"aioseo_notices":[],"_links":{"self":[{"href":"https:\/\/fedai.az\/index.php?rest_route=\/wp\/v2\/posts\/42698","targetHints":{"allow":["GET"]}}],"collection":[{"href":"https:\/\/fedai.az\/index.php?rest_route=\/wp\/v2\/posts"}],"about":[{"href":"https:\/\/fedai.az\/index.php?rest_route=\/wp\/v2\/types\/post"}],"author":[{"embeddable":true,"href":"https:\/\/fedai.az\/index.php?rest_route=\/wp\/v2\/users\/2"}],"replies":[{"embeddable":true,"href":"https:\/\/fedai.az\/index.php?rest_route=%2Fwp%2Fv2%2Fcomments&post=42698"}],"version-history":[{"count":1,"href":"https:\/\/fedai.az\/index.php?rest_route=\/wp\/v2\/posts\/42698\/revisions"}],"predecessor-version":[{"id":42702,"href":"https:\/\/fedai.az\/index.php?rest_route=\/wp\/v2\/posts\/42698\/revisions\/42702"}],"wp:featuredmedia":[{"embeddable":true,"href":"https:\/\/fedai.az\/index.php?rest_route=\/wp\/v2\/media\/42701"}],"wp:attachment":[{"href":"https:\/\/fedai.az\/index.php?rest_route=%2Fwp%2Fv2%2Fmedia&parent=42698"}],"wp:term":[{"taxonomy":"category","embeddable":true,"href":"https:\/\/fedai.az\/index.php?rest_route=%2Fwp%2Fv2%2Fcategories&post=42698"},{"taxonomy":"post_tag","embeddable":true,"href":"https:\/\/fedai.az\/index.php?rest_route=%2Fwp%2Fv2%2Ftags&post=42698"}],"curies":[{"name":"wp","href":"https:\/\/api.w.org\/{rel}","templated":true}]}}