{"id":42703,"date":"2021-07-13T01:41:08","date_gmt":"2021-07-12T21:41:08","guid":{"rendered":"https:\/\/fedai.az\/?p=42703"},"modified":"2021-07-13T01:41:12","modified_gmt":"2021-07-12T21:41:12","slug":"putin-dagitdigi-ukrayna-haqqinda-yazir","status":"publish","type":"post","link":"https:\/\/fedai.az\/?p=42703","title":{"rendered":"Putin da\u011f\u0131td\u0131\u011f\u0131 Ukrayna haqq\u0131nda yaz\u0131r&#8230;"},"content":{"rendered":"\n<p><strong>BVF-y\u0259 g\u00f6r\u0259, 2019-cu ild\u0259, koronavirus epidemiyas\u0131ndan \u0259vv\u0259l, Ukraynada adamba\u015f\u0131na \u00dcDM-nin s\u0259viyy\u0259si 4000 dollardan az idi. Bu, Albaniya Respublikas\u0131, Moldova Respublikas\u0131 v\u0259 tan\u0131nmam\u0131\u015f Kosovodan daha a\u015fa\u011f\u0131d\u0131r \u201ddey\u0259 Rusiya prezidenti Putin bildirib.<\/strong><\/p>\n\n\n\n<p><br>Putin qeyd edib ki, bunun g\u00fcnahkar\u0131 insanlar deyil, \u00f6lk\u0259 r\u0259hb\u0259rliyi, \u201cisraf ed\u0259nl\u0259r, bir \u00e7oxlar\u0131n\u0131n qazand\u0131qlar\u0131n\u0131 havaya buraxanlard\u0131lar\u201d. D\u00f6vl\u0259t ba\u015f\u00e7\u0131s\u0131 onu da vur\u011fulad\u0131 ki, indi bir vaxtlar \u00f6z s\u0259nayesind\u0259n q\u00fcrur duyan Ukrayna ciddi bir b\u00f6hranla \u00fcz-\u00fcz\u0259dir. Bunu x\u00fcsusil\u0259, elektrik enerjisi istehsal\u0131n\u0131n otuz ild\u0259 t\u0259xmin\u0259n iki d\u0259f\u0259 azalmas\u0131 s\u00fcbut edir.<\/p>\n\n\n\n<p><br>Eyni zamanda, SSR\u0130-nin da\u011f\u0131lmas\u0131ndan sonra Moskva m\u00fcst\u0259qil Ukraynan\u0131 d\u0259st\u0259kl\u0259m\u0259y\u0259 \u00e7al\u0131\u015fd\u0131. Prezident, Rus qaz\u0131n\u0131n a\u015fa\u011f\u0131 qiym\u0259tl\u0259rl\u0259 sat\u0131\u015f\u0131ndan Kiyevin 2013-c\u00fc il\u0259 q\u0259d\u0259r qazand\u0131\u011f\u0131 v\u0259saitin 80 milyard dollar\u0131 ke\u00e7diyini vur\u011fulad\u0131.<\/p>\n\n\n\n<p><br>Putin iyunun 30-da birba\u015fa tele-x\u0259tt zaman\u0131 Rusiya-Ukrayna m\u00fcnasib\u0259tl\u0259rin\u0259 dair bir m\u0259qal\u0259 d\u0259rc etm\u0259k niyy\u0259tind\u0259 oldu\u011funu bildirmi\u015fdi. Prezidentin m\u0259qal\u0259si Ukrayna dilind\u0259 d\u0259 yay\u0131mland\u0131.<\/p>\n\n\n\n<p><br>\u201cSovetl\u0259rin milli siyas\u0259ti, b\u00f6y\u00fck rus mill\u0259ti \u0259v\u0259zin\u0259, velikoruslardan, maloruslardan v\u0259 belaruslardan ibar\u0259t \u00fc\u00e7l\u00fc xalq yaratd\u0131. Bu \u00fc\u00e7 ayr\u0131 Slavyan xalq\u0131 haqq\u0131nda h\u00f6km\u00fc d\u00f6vl\u0259t s\u0259viyy\u0259sind\u0259 t\u0259min etdil\u0259r: Rus, Ukrayna v\u0259 Belarus,\u201d- dey\u0259 d\u00f6vl\u0259t ba\u015f\u00e7\u0131s\u0131 xat\u0131rlad\u0131b.<\/p>\n\n\n\n<p>Putin, m\u00fcasir Ukrayna d\u00f6vl\u0259tinin b\u00f6y\u00fck \u00f6l\u00e7\u00fcd\u0259 tarixi Rusiya hesab\u0131na yarad\u0131lan &#171;Sovet d\u00f6vr\u00fcn\u00fcn \u0259m\u0259yi&#187; oldu\u011funu qeyd edib.<\/p>\n\n\n\n<p><br>Eyni zamanda Putin m\u0259qal\u0259sinin b\u0259zi gizli s\u0259n\u0259dl\u0259r\u0259 deyil, t\u0259sdiqi a\u00e7\u0131q m\u0259nb\u0259l\u0259rd\u0259 tap\u0131la bil\u0259n faktlara \u0259sasland\u0131\u011f\u0131n\u0131 vur\u011fulay\u0131b.<br>&#171;M\u00fcasir Ukrayna liderl\u0259ri v\u0259 xarici havadarlar\u0131 bu h\u0259qiq\u0259tl\u0259ri xat\u0131rlamama\u011fa \u00fcst\u00fcnl\u00fck verirl\u0259r&#187; dey\u0259 prezident bil\u0131dirib.<\/p>\n\n\n\n<p><br>Onun s\u00f6zl\u0259rin\u0259 g\u00f6r\u0259, r\u0259smi Kiyevin Rusiyaya qar\u015f\u0131 aqressiv v\u0259 s\u0259rt \u015f\u0259kild\u0259 assimilyasiya yoluyla etnik c\u0259h\u0259td\u0259n t\u0259miz bir Ukrayna d\u00f6vl\u0259tinin formala\u015fmas\u0131 istiqam\u0259tind\u0259ki &#171;gedi\u015fat\u0131 biz\u0259 qar\u015f\u0131 k\u00fctl\u0259vi q\u0131r\u011f\u0131n silahlar\u0131n\u0131n istifad\u0259si il\u0259 m\u00fcqayis\u0259 oluna bil\u0259r&#187;.<\/p>\n\n\n\n<p>Ruslarla ukraynal\u0131lar aras\u0131nda bel\u0259 xam, s\u00fcni bir u\u00e7urum n\u0259tic\u0259sind\u0259, \u00fcmumi rus xalq\u0131 y\u00fcz minl\u0259rl\u0259, h\u0259tta milyonlarla azala bil\u0259r.<\/p>\n\n\n\n<p><br>Vladimir Putin, Rusiyan\u0131n he\u00e7 vaxt tarixi \u0259razil\u0259rinin v\u0259 orada ya\u015fayan &#171;biz\u0259 yax\u0131n&#187; insanlar\u0131n \u00f6zl\u0259rin\u0259 qar\u015f\u0131 istifad\u0259 edilm\u0259sin\u0259 icaz\u0259 verm\u0259y\u0259c\u0259yini b\u0259yan edib: &#171;V\u0259 buna c\u0259hd ed\u0259nl\u0259r, bu \u015f\u0259kild\u0259 \u00f6z \u00f6lk\u0259l\u0259rini m\u0259hv ed\u0259c\u0259kl\u0259rini s\u00f6yl\u0259m\u0259k ist\u0259yir\u0259m.&#187;<\/p>\n","protected":false},"excerpt":{"rendered":"<p>BVF-y\u0259 g\u00f6r\u0259, 2019-cu ild\u0259, koronavirus epidemiyas\u0131ndan \u0259vv\u0259l, Ukraynada adamba\u015f\u0131na \u00dcDM-nin s\u0259viyy\u0259si 4000 dollardan az idi. Bu, Albaniya Respublikas\u0131, Moldova Respublikas\u0131 v\u0259 tan\u0131nmam\u0131\u015f Kosovodan daha<\/p>\n","protected":false},"author":2,"featured_media":42704,"comment_status":"closed","ping_status":"closed","sticky":false,"template":"","format":"standard","meta":{"footnotes":""},"categories":[15],"tags":[],"class_list":["post-42703","post","type-post","status-publish","format-standard","has-post-thumbnail","hentry","category-atmaca"],"aioseo_notices":[],"_links":{"self":[{"href":"https:\/\/fedai.az\/index.php?rest_route=\/wp\/v2\/posts\/42703","targetHints":{"allow":["GET"]}}],"collection":[{"href":"https:\/\/fedai.az\/index.php?rest_route=\/wp\/v2\/posts"}],"about":[{"href":"https:\/\/fedai.az\/index.php?rest_route=\/wp\/v2\/types\/post"}],"author":[{"embeddable":true,"href":"https:\/\/fedai.az\/index.php?rest_route=\/wp\/v2\/users\/2"}],"replies":[{"embeddable":true,"href":"https:\/\/fedai.az\/index.php?rest_route=%2Fwp%2Fv2%2Fcomments&post=42703"}],"version-history":[{"count":1,"href":"https:\/\/fedai.az\/index.php?rest_route=\/wp\/v2\/posts\/42703\/revisions"}],"predecessor-version":[{"id":42705,"href":"https:\/\/fedai.az\/index.php?rest_route=\/wp\/v2\/posts\/42703\/revisions\/42705"}],"wp:featuredmedia":[{"embeddable":true,"href":"https:\/\/fedai.az\/index.php?rest_route=\/wp\/v2\/media\/42704"}],"wp:attachment":[{"href":"https:\/\/fedai.az\/index.php?rest_route=%2Fwp%2Fv2%2Fmedia&parent=42703"}],"wp:term":[{"taxonomy":"category","embeddable":true,"href":"https:\/\/fedai.az\/index.php?rest_route=%2Fwp%2Fv2%2Fcategories&post=42703"},{"taxonomy":"post_tag","embeddable":true,"href":"https:\/\/fedai.az\/index.php?rest_route=%2Fwp%2Fv2%2Ftags&post=42703"}],"curies":[{"name":"wp","href":"https:\/\/api.w.org\/{rel}","templated":true}]}}