{"id":42706,"date":"2021-07-13T02:00:15","date_gmt":"2021-07-12T22:00:15","guid":{"rendered":"https:\/\/fedai.az\/?p=42706"},"modified":"2021-07-13T02:00:20","modified_gmt":"2021-07-12T22:00:20","slug":"biril%c9%99ri-c%c9%99kilis-edib-pul-alir-biril%c9%99ri-d%c9%99-saxta-v%c9%99siq%c9%99-satir","status":"publish","type":"post","link":"https:\/\/fedai.az\/?p=42706","title":{"rendered":"Biril\u0259ri \u00e7\u0259kili\u015f edib pul al\u0131r, biril\u0259ri d\u0259 saxta v\u0259siq\u0259 sat\u0131r&#8230;"},"content":{"rendered":"\n<p><strong>Bu g\u00fcn \u00f6lk\u0259nin bir para &#171;i\u015fbaz&#187;, f\u0131r\u0131ldaq\u00e7\u0131 \u00fcns\u00fcrl\u0259ri c\u0259bh\u0259d\u0259n geri d\u00f6nm\u00fc\u015f g\u0259ncl\u0259rimizi, \u015f\u0259hid ail\u0259l\u0259rini h\u0259d\u0259f\u0259 al\u0131blar. Yarad\u0131lm\u0131\u015f komissiyalar\u0131n yar\u0131tmaz f\u0259aliyy\u0259tind\u0259n ruhlanan bu adamlar pul m\u00fcqabilind\u0259 \u00f6z \u015f\u0259r\u0259fl\u0259rini satma\u011fa haz\u0131rd\u0131rlar.<\/strong><\/p>\n\n\n\n<p><br>B\u0259zi k\u00fctl\u0259vi informasiya vasit\u0259l\u0259ri v\u0259 sosial media s\u0259hif\u0259l\u0259rind\u0259 jurnalistl\u0259rin \u015f\u0259hid ail\u0259l\u0259rind\u0259n \u015f\u0259hidl\u0259r haqq\u0131nda material haz\u0131rlamaq m\u0259qs\u0259dil\u0259 m\u00fcxt\u0259lif m\u0259bl\u0259\u011fl\u0259rd\u0259 pul v\u0259saiti t\u0259l\u0259b etm\u0259l\u0259ri bar\u0259d\u0259 m\u0259lumatlar yay\u0131l\u0131b.<\/p>\n\n\n\n<p>Ba\u015f Prokurlu\u011fun m\u0259tbuat xidm\u0259tind\u0259n veril\u0259n m\u0259lumata g\u00f6r\u0259, h\u0259min x\u00fcsusatlar \u00fczr\u0259 Ba\u015f Prokurorlu\u011fun Cinay\u0259t t\u0259tqibind\u0259n k\u0259nar icraatlar idar\u0259sind\u0259 ara\u015fd\u0131rma apar\u0131l\u0131b.<\/p>\n\n\n\n<p><br>Ara\u015fd\u0131rmalara g\u00f6r\u0259 Az\u0259r Kaz\u0131movun R\u00fcbab\u0259 V\u0259liyeva il\u0259 birlikd\u0259 2021-ci il iyunun 23-25-d\u0259 \u00f6zl\u0259rini televiziya \u0259m\u0259kda\u015flar\u0131 kimi t\u0259qdim ed\u0259r\u0259k, Q\u0259b\u0259l\u0259 \u015f\u0259h\u0259ri v\u0259 k\u0259ndl\u0259rind\u0259 ya\u015fayan \u015f\u0259hid ail\u0259l\u0259ri bar\u0259d\u0259 \u00e7\u0259kili\u015fl\u0259r \u00e7\u0259kib efird\u0259 yay\u0131mlamaq ad\u0131 il\u0259 \u015f\u0259hid analar\u0131ndan c\u0259mi 240 manat m\u0259bl\u0259\u011find\u0259 pulu aldatma yolu il\u0259 \u0259l\u0259 ke\u00e7irib televiziya yay\u0131mlar\u0131n\u0131 h\u0259yata ke\u00e7irm\u0259dikl\u0259ri m\u00fc\u0259yy\u0259n edilib.<br>Az\u0259r Kaz\u0131movun v\u0259 R\u00fcbab\u0259 V\u0259liyevan\u0131n bar\u0259sind\u0259 \u0130nzibati X\u0259talar M\u0259c\u0259ll\u0259sinin 227-ci (x\u0131rda talama) madd\u0259si il\u0259 inzibati x\u0259ta haqq\u0131nda i\u015f \u00fczr\u0259 icraat ba\u015flan\u0131laraq aidiyy\u0259ti \u00fczr\u0259 m\u0259hk\u0259m\u0259y\u0259 g\u00f6nd\u0259rilmi\u015f v\u0259 h\u0259r iki \u015f\u0259xs bar\u0259sind\u0259 m\u00fcvafiq olaraq iki v\u0259 bir ay olmaqla inzibati h\u0259bs n\u00f6v\u00fcnd\u0259 inzibati t\u0259nbeh se\u00e7ilib.<\/p>\n\n\n\n<figure class=\"wp-block-gallery columns-3 is-cropped wp-block-gallery-1 is-layout-flex wp-block-gallery-is-layout-flex\"><ul class=\"blocks-gallery-grid\"><li class=\"blocks-gallery-item\"><figure><img loading=\"lazy\" decoding=\"async\" width=\"590\" height=\"393\" src=\"https:\/\/fedai.az\/wp-content\/uploads\/2021\/07\/1626113179_60ec7f0399b3760ec7f0399b38162611174760ec7f0399b3260ec7f0399b35.jpg\" alt=\"\" data-id=\"42707\" data-link=\"https:\/\/fedai.az\/?attachment_id=42707\" class=\"wp-image-42707\" srcset=\"https:\/\/fedai.az\/wp-content\/uploads\/2021\/07\/1626113179_60ec7f0399b3760ec7f0399b38162611174760ec7f0399b3260ec7f0399b35.jpg 590w, https:\/\/fedai.az\/wp-content\/uploads\/2021\/07\/1626113179_60ec7f0399b3760ec7f0399b38162611174760ec7f0399b3260ec7f0399b35-300x200.jpg 300w, https:\/\/fedai.az\/wp-content\/uploads\/2021\/07\/1626113179_60ec7f0399b3760ec7f0399b38162611174760ec7f0399b3260ec7f0399b35-150x100.jpg 150w\" sizes=\"auto, (max-width: 590px) 100vw, 590px\" \/><\/figure><\/li><li class=\"blocks-gallery-item\"><figure><img loading=\"lazy\" decoding=\"async\" width=\"620\" height=\"440\" src=\"https:\/\/fedai.az\/wp-content\/uploads\/2021\/07\/1626112105_he.jpeg\" alt=\"\" data-id=\"42708\" data-link=\"https:\/\/fedai.az\/?attachment_id=42708\" class=\"wp-image-42708\" srcset=\"https:\/\/fedai.az\/wp-content\/uploads\/2021\/07\/1626112105_he.jpeg 620w, https:\/\/fedai.az\/wp-content\/uploads\/2021\/07\/1626112105_he-300x213.jpeg 300w, https:\/\/fedai.az\/wp-content\/uploads\/2021\/07\/1626112105_he-150x106.jpeg 150w\" sizes=\"auto, (max-width: 620px) 100vw, 620px\" \/><\/figure><\/li><li class=\"blocks-gallery-item\"><figure><img loading=\"lazy\" decoding=\"async\" width=\"590\" height=\"590\" src=\"https:\/\/fedai.az\/wp-content\/uploads\/2021\/07\/1626112813_img_20210712_184220.jpg\" alt=\"\" data-id=\"42709\" data-full-url=\"https:\/\/fedai.az\/wp-content\/uploads\/2021\/07\/1626112813_img_20210712_184220.jpg\" data-link=\"https:\/\/fedai.az\/?attachment_id=42709\" class=\"wp-image-42709\" srcset=\"https:\/\/fedai.az\/wp-content\/uploads\/2021\/07\/1626112813_img_20210712_184220.jpg 590w, https:\/\/fedai.az\/wp-content\/uploads\/2021\/07\/1626112813_img_20210712_184220-300x300.jpg 300w, https:\/\/fedai.az\/wp-content\/uploads\/2021\/07\/1626112813_img_20210712_184220-150x150.jpg 150w, https:\/\/fedai.az\/wp-content\/uploads\/2021\/07\/1626112813_img_20210712_184220-215x215.jpg 215w\" sizes=\"auto, (max-width: 590px) 100vw, 590px\" \/><\/figure><\/li><\/ul><\/figure>\n\n\n\n<p><br><strong>Ba\u015f Prokurorlu\u011fun b\u00fct\u00fcn \u0259m\u0259kda\u015flar\u0131na bu operativliy\u0259 g\u00f6r\u0259 veteranlar ad\u0131ndan \u00f6z minn\u0259tdarl\u0131\u011f\u0131m\u0131z\u0131 bildiririk.<\/strong><\/p>\n\n\n\n<p><br>Bu c\u00fcr d\u0259l\u0259duzluq hallar\u0131 bar\u0259d\u0259 m\u0259lumatlar g\u00fcnb\u0259g\u00fcn \u00e7oxalmaqdad\u0131r. Sanki bu adamlar eyni m\u0259rk\u0259zd\u0259n idar\u0259 olunurlar. D\u00f6y\u00fc\u015fd\u0259n geri d\u00f6nm\u00fc\u015f g\u0259ncl\u0259rimizi ictimai birliy\u0259 \u00fczv ed\u0259r\u0259k pul alalar, onlara veteran statusu s\u00f6z verib pul qoparanlar, qazil\u0259rin m\u00fcalic\u0259sini t\u0259\u015fkil etm\u0259k ad\u0131yla, \u015f\u0259hid ail\u0259l\u0259l\u0259rinin evl\u0259 t\u0259min edilm\u0259si v\u0259 s. adlarla m\u00f6ht\u0259kirlik ed\u0259n \u015f\u0259r\u0259fsizl\u0259rin say\u0131 g\u00fcnb\u0259g\u00fcn artmaqdad\u0131r.<\/p>\n\n\n\n<p><br>Az\u0259rbaycan V\u0259t\u0259n M\u00fcharib\u0259si Veteranlar\u0131 \u0130ctimai Birliyi (AVMV\u0130B) Yasamal rayon \u015f\u00f6b\u0259sinin s\u0259dri Salman H\u00fcseynova m\u00fcraci\u0259t ed\u0259n bir m\u00fcharib\u0259 i\u015ftirak\u00e7\u0131s\u0131na pul m\u00fcqabilind\u0259 veril\u0259n bir v\u0259siq\u0259nin foto \u015f\u0259klini diqq\u0259tiniz\u0259 \u00e7atd\u0131r\u0131r\u0131q. Bu v\u0259siq\u0259ni ver\u0259n d\u0259l\u0259duz qazimiz\u0259 r\u0259smi veteran pulu almas\u0131 \u00fc\u00e7\u00fcn 350 manat da \u00f6d\u0259m\u0259k laz\u0131m oldu\u011funu deyibmi\u015f. Biz ara\u015fd\u0131raraq bu v\u0259siq\u0259ni bir d\u00f6y\u00fc\u015f\u00e7\u00fcl\u0259ri \u00f6z \u0259traf\u0131nda birl\u0259\u015fdir\u0259n ictimai birlikd\u0259 d\u00fcz\u0259ldildiyini a\u015fkarlad\u0131q. \u00dcmumiyy\u0259tl\u0259, yaran\u0131\u015fdan ad\u0131 Ramiz Mehdiyevl\u0259 ba\u011fl\u0131 halland\u0131r\u0131lan bu birliyin b\u0259zi rayon \u015f\u00f6b\u0259l\u0259ri h\u0259l\u0259 d\u0259 Az\u0259rbaycan V\u0259t\u0259n M\u00fcharib\u0259si Veteranlar\u0131 \u0130ctimai Birliyinin (AVMV\u0130B) \u0259leyhin\u0259 i\u015fl\u0259r aparmaqdad\u0131rlar. Onlarla ba\u011fl\u0131 \u0259limizd\u0259 faktlar var.<\/p>\n\n\n\n<figure class=\"wp-block-gallery columns-2 is-cropped wp-block-gallery-2 is-layout-flex wp-block-gallery-is-layout-flex\"><ul class=\"blocks-gallery-grid\"><li class=\"blocks-gallery-item\"><figure><img loading=\"lazy\" decoding=\"async\" width=\"720\" height=\"588\" src=\"https:\/\/fedai.az\/wp-content\/uploads\/2021\/07\/fedu.jpg\" alt=\"\" data-id=\"42710\" data-link=\"https:\/\/fedai.az\/?attachment_id=42710\" class=\"wp-image-42710\" srcset=\"https:\/\/fedai.az\/wp-content\/uploads\/2021\/07\/fedu.jpg 720w, https:\/\/fedai.az\/wp-content\/uploads\/2021\/07\/fedu-300x245.jpg 300w, https:\/\/fedai.az\/wp-content\/uploads\/2021\/07\/fedu-150x123.jpg 150w\" sizes=\"auto, (max-width: 720px) 100vw, 720px\" \/><\/figure><\/li><li class=\"blocks-gallery-item\"><figure><img loading=\"lazy\" decoding=\"async\" width=\"719\" height=\"556\" src=\"https:\/\/fedai.az\/wp-content\/uploads\/2021\/07\/bfh.jpg\" alt=\"\" data-id=\"42711\" data-full-url=\"https:\/\/fedai.az\/wp-content\/uploads\/2021\/07\/bfh.jpg\" data-link=\"https:\/\/fedai.az\/?attachment_id=42711\" class=\"wp-image-42711\" srcset=\"https:\/\/fedai.az\/wp-content\/uploads\/2021\/07\/bfh.jpg 719w, https:\/\/fedai.az\/wp-content\/uploads\/2021\/07\/bfh-300x232.jpg 300w, https:\/\/fedai.az\/wp-content\/uploads\/2021\/07\/bfh-150x116.jpg 150w\" sizes=\"auto, (max-width: 719px) 100vw, 719px\" \/><\/figure><\/li><\/ul><\/figure>\n\n\n\n<p>Birc\u0259 m\u0259s\u0259l\u0259 daim bizim \u00f6n\u00fcm\u00fcz\u00fc k\u0259sib ki, \u0259sil d\u00f6y\u00fc\u015f\u00e7\u00fc \u00f6z d\u00f6y\u00fc\u015f\u00e7\u00fc qarda\u015f\u0131n\u0131 satmaz. Amma dey\u0259s\u0259n b\u0259zil\u0259rinin ke\u00e7diyi &#171;d\u00f6y\u00fc\u015f yolu&#187; da el\u0259 \u0259m\u0259ll\u0259ri kimidir.<\/p>\n\n\n\n<p><br>\u00dcmid edirik ki, bu v\u0259siq\u0259 il\u0259 ne\u00e7\u0259 n\u0259f\u0259rin aldad\u0131ld\u0131\u011f\u0131 el\u0259 ictimai birliyin r\u0259hb\u0259rliyi t\u0259r\u0259find\u0259n \u00fcz\u0259 \u00e7\u0131xar\u0131lacaq v\u0259 laz\u0131mi orqanlara m\u00fcraci\u0259t edil\u0259c\u0259k.<\/p>\n\n\n\n<p><br>Bir daha c\u0259bh\u0259d\u0259n d\u00f6nm\u00fc\u015f g\u0259ncl\u0259rimiz\u0259 xat\u0131rlad\u0131r\u0131q ki, Az\u0259rbaycan V\u0259t\u0259n M\u00fcharib\u0259si Veteranlar\u0131 \u0130ctimai Birliyin\u0259 (AVMV\u0130B) g\u0259ncl\u0259rimizin \u00fczv olmas\u0131 pulsuzdur v\u0259 bu bar\u0259d\u0259 b\u00fct\u00fcn rayon \u015f\u00f6b\u0259l\u0259rin\u0259 g\u00f6st\u0259ri\u015fl\u0259r verilib. V\u0259siq\u0259d\u0259 qeyd olunan ad\u0131n, Birliyin ad\u0131na uy\u011funla\u015fd\u0131raraq saxtala\u015fd\u0131rmalar\u0131 arxas\u0131nda m\u0259krli bir plan\u0131n durdu\u011fundan x\u0259b\u0259r verir. Bizim Birliyin ad\u0131ndan sizl\u0259ri aldadan v\u0259 saxta v\u0259siq\u0259l\u0259r t\u0259qdim ed\u0259nl\u0259r varsa m\u0259lumat verin. \u00dczvl\u00fcy\u0259 q\u0259bul Az\u0259rbaycan V\u0259t\u0259n M\u00fcharib\u0259si Veteranlar\u0131 \u0130ctimai Birliyind\u0259 (AVMV\u0130B) m\u0259rk\u0259zl\u0259\u015fdirilmi\u015f qaydada apar\u0131l\u0131r v\u0259 v\u0259siq\u0259l\u0259r vahid formadad\u0131r.<\/p>\n\n\n\n<p><br><strong>Elnur S\u0259lim<\/strong><\/p>\n\n\n\n<p><strong>M\u00f6vzuya qay\u0131daca\u011f\u0131q&#8230;<\/strong><\/p>\n","protected":false},"excerpt":{"rendered":"<p>Bu g\u00fcn \u00f6lk\u0259nin bir para &#171;i\u015fbaz&#187;, f\u0131r\u0131ldaq\u00e7\u0131 \u00fcns\u00fcrl\u0259ri c\u0259bh\u0259d\u0259n geri d\u00f6nm\u00fc\u015f g\u0259ncl\u0259rimizi, \u015f\u0259hid ail\u0259l\u0259rini h\u0259d\u0259f\u0259 al\u0131blar. Yarad\u0131lm\u0131\u015f komissiyalar\u0131n yar\u0131tmaz f\u0259aliyy\u0259tind\u0259n ruhlanan bu adamlar pul<\/p>\n","protected":false},"author":2,"featured_media":42712,"comment_status":"closed","ping_status":"closed","sticky":false,"template":"","format":"standard","meta":{"footnotes":""},"categories":[5],"tags":[],"class_list":["post-42706","post","type-post","status-publish","format-standard","has-post-thumbnail","hentry","category-veteran"],"aioseo_notices":[],"_links":{"self":[{"href":"https:\/\/fedai.az\/index.php?rest_route=\/wp\/v2\/posts\/42706","targetHints":{"allow":["GET"]}}],"collection":[{"href":"https:\/\/fedai.az\/index.php?rest_route=\/wp\/v2\/posts"}],"about":[{"href":"https:\/\/fedai.az\/index.php?rest_route=\/wp\/v2\/types\/post"}],"author":[{"embeddable":true,"href":"https:\/\/fedai.az\/index.php?rest_route=\/wp\/v2\/users\/2"}],"replies":[{"embeddable":true,"href":"https:\/\/fedai.az\/index.php?rest_route=%2Fwp%2Fv2%2Fcomments&post=42706"}],"version-history":[{"count":1,"href":"https:\/\/fedai.az\/index.php?rest_route=\/wp\/v2\/posts\/42706\/revisions"}],"predecessor-version":[{"id":42713,"href":"https:\/\/fedai.az\/index.php?rest_route=\/wp\/v2\/posts\/42706\/revisions\/42713"}],"wp:featuredmedia":[{"embeddable":true,"href":"https:\/\/fedai.az\/index.php?rest_route=\/wp\/v2\/media\/42712"}],"wp:attachment":[{"href":"https:\/\/fedai.az\/index.php?rest_route=%2Fwp%2Fv2%2Fmedia&parent=42706"}],"wp:term":[{"taxonomy":"category","embeddable":true,"href":"https:\/\/fedai.az\/index.php?rest_route=%2Fwp%2Fv2%2Fcategories&post=42706"},{"taxonomy":"post_tag","embeddable":true,"href":"https:\/\/fedai.az\/index.php?rest_route=%2Fwp%2Fv2%2Ftags&post=42706"}],"curies":[{"name":"wp","href":"https:\/\/api.w.org\/{rel}","templated":true}]}}