{"id":42715,"date":"2021-07-13T02:08:50","date_gmt":"2021-07-12T22:08:50","guid":{"rendered":"https:\/\/fedai.az\/?p=42715"},"modified":"2021-07-13T02:08:54","modified_gmt":"2021-07-12T22:08:54","slug":"pasinyan-niy%c9%99-isaxanyani-az%c9%99rbaycana-gond%c9%99rdi","status":"publish","type":"post","link":"https:\/\/fedai.az\/?p=42715","title":{"rendered":"Pa\u015finyan niy\u0259 \u0130saxanyan\u0131 Az\u0259rbaycana g\u00f6nd\u0259rdi?"},"content":{"rendered":"\n<p><strong>Erm\u0259nistan Ba\u015f nazirinin s\u0259lahiyy\u0259tl\u0259rini icra ed\u0259n Nikol Pa\u015finyan k\u00f6m\u0259k\u00e7isi Qaqik \u0130saxanyan\u0131 \u201cd\u00f6rd g\u00fcnl\u00fck i\u015fg\u00fczar s\u0259f\u0259rl\u0259\u201d Qaraba\u011fa niy\u0259 g\u00f6nd\u0259rib? G\u00f6r\u00fcn\u00fcr, Pa\u015finyan bununla h\u0259m Qaraba\u011fdak\u0131 erm\u0259nil\u0259rin, h\u0259m Az\u0259rbaycan\u0131n, h\u0259m d\u0259 Rusiyan\u0131n n\u0259bzini yoxlamaq ist\u0259yir.<\/strong><\/p>\n\n\n\n<p>Bu s\u00f6zl\u0259ri \u201cAtlas\u201d ara\u015fd\u0131rmalar m\u0259rk\u0259zinin r\u0259hb\u0259ri, politoloq Elxan \u015eahino\u011flu qeyd edib. O bildirib ki, Pa\u015finyan ke\u00e7mi\u015f ill\u0259rd\u0259 n\u0259 vaxt ist\u0259di, Qaraba\u011fa g\u0259l\u0259rdi, ancaq m\u00fcharib\u0259d\u0259n sonra bu g\u0259li\u015fin ciddi riskl\u0259ri var v\u0259 \u00f6z\u00fc d\u0259 bunu anlay\u0131r:<\/p>\n\n\n\n<p>\u201cBirincisi, Qaraba\u011f erm\u0259nil\u0259rinin \u0259ks\u0259r hiss\u0259si m\u00fcharib\u0259d\u0259ki m\u0259\u011flubiyy\u0259t\u0259 g\u00f6r\u0259 Pa\u015finyan\u0131 g\u00fcnahkar say\u0131rlar v\u0259 onun Xank\u0259ndiy\u0259 g\u0259li\u015fi etirazla qar\u015f\u0131lanacaq. \u0130kincisi, Pa\u015finyan Xank\u0259ndiy\u0259 s\u0259f\u0259r m\u0259s\u0259l\u0259sind\u0259 Moskvadan da as\u0131l\u0131d\u0131r, Kremlin icaz\u0259si al\u0131nmal\u0131d\u0131r. \u00dc\u00e7\u00fcnc\u00fcs\u00fc, Pa\u015finyan\u0131n Xank\u0259ndiy\u0259 m\u00fcmk\u00fcn t\u0259xribat\u00e7\u0131 s\u0259f\u0259rin\u0259 Az\u0259rbaycan\u0131n da reaksiyas\u0131 h\u0259lledici olacaq. B\u00fct\u00fcn bunlar\u0131 n\u0259z\u0259r\u0259 alan Pa\u015finyan \u00f6z\u00fcnd\u0259n \u0259vv\u0259l k\u00f6m\u0259k\u00e7isini g\u00f6nd\u0259rir v\u0259 Qaraba\u011fda m\u0259skunla\u015fd\u0131r\u0131lan erm\u0259nil\u0259rin\u0259 bununla \u201cm\u0259n sizi unutmam\u0131\u015fam\u201d dem\u0259k ist\u0259yir\u201d.<\/p>\n\n\n\n<p>Politoloqun fikrinc\u0259, Rusiyan\u0131n v\u0259 Qaraba\u011f erm\u0259nil\u0259rinin Pa\u015finyan\u0131n Xank\u0259ndiy\u0259 m\u00fcmk\u00fcn \u201cs\u0259f\u0259rin\u0259\u201d reaksiyas\u0131 bizi az maraqland\u0131rmal\u0131d\u0131r:<\/p>\n\n\n\n<p>\u201cS\u00f6z sahibi biz olmal\u0131y\u0131q v\u0259 indid\u0259n h\u0259m Moskvaya, h\u0259m d\u0259 \u0130r\u0259vana mesaj g\u00f6nd\u0259rm\u0259liyik ki, Nikol Pa\u015finyan Xank\u0259ndiy\u0259 g\u0259l\u0259rs\u0259, bu, b\u00f6lg\u0259d\u0259ki v\u0259ziyy\u0259ti g\u0259rginl\u0259\u015fdir\u0259c\u0259k v\u0259 Az\u0259rbaycan\u0131 m\u00fcvafiq add\u0131mlar atma\u011fa m\u0259cbur ed\u0259c\u0259k. Bu a\u00e7\u0131qlaman\u0131 r\u0259smil\u0259rimiz v\u0259 ya Xarici \u0130\u015fl\u0259r Nazirliyimiz b\u0259yanat formas\u0131nda indid\u0259n s\u0259sl\u0259ndirm\u0259lidirl\u0259r ki, Moskva v\u0259 \u0130r\u0259van hesablar\u0131n\u0131 g\u00f6t\u00fcrs\u00fcnl\u0259r, \u0259ks halda erm\u0259ni r\u0259smil\u0259ri s\u0259rh\u0259dimizi pozmaqda davam ed\u0259c\u0259kl\u0259r\u201d.<\/p>\n\n\n\n<p>M\u0259nb\u0259: Axar.az<\/p>\n","protected":false},"excerpt":{"rendered":"<p>Erm\u0259nistan Ba\u015f nazirinin s\u0259lahiyy\u0259tl\u0259rini icra ed\u0259n Nikol Pa\u015finyan k\u00f6m\u0259k\u00e7isi Qaqik \u0130saxanyan\u0131 \u201cd\u00f6rd g\u00fcnl\u00fck i\u015fg\u00fczar s\u0259f\u0259rl\u0259\u201d Qaraba\u011fa niy\u0259 g\u00f6nd\u0259rib? G\u00f6r\u00fcn\u00fcr, Pa\u015finyan bununla h\u0259m Qaraba\u011fdak\u0131 erm\u0259nil\u0259rin,<\/p>\n","protected":false},"author":2,"featured_media":42716,"comment_status":"closed","ping_status":"closed","sticky":false,"template":"","format":"standard","meta":{"footnotes":""},"categories":[4],"tags":[],"class_list":["post-42715","post","type-post","status-publish","format-standard","has-post-thumbnail","hentry","category-qarabag"],"aioseo_notices":[],"_links":{"self":[{"href":"https:\/\/fedai.az\/index.php?rest_route=\/wp\/v2\/posts\/42715","targetHints":{"allow":["GET"]}}],"collection":[{"href":"https:\/\/fedai.az\/index.php?rest_route=\/wp\/v2\/posts"}],"about":[{"href":"https:\/\/fedai.az\/index.php?rest_route=\/wp\/v2\/types\/post"}],"author":[{"embeddable":true,"href":"https:\/\/fedai.az\/index.php?rest_route=\/wp\/v2\/users\/2"}],"replies":[{"embeddable":true,"href":"https:\/\/fedai.az\/index.php?rest_route=%2Fwp%2Fv2%2Fcomments&post=42715"}],"version-history":[{"count":1,"href":"https:\/\/fedai.az\/index.php?rest_route=\/wp\/v2\/posts\/42715\/revisions"}],"predecessor-version":[{"id":42717,"href":"https:\/\/fedai.az\/index.php?rest_route=\/wp\/v2\/posts\/42715\/revisions\/42717"}],"wp:featuredmedia":[{"embeddable":true,"href":"https:\/\/fedai.az\/index.php?rest_route=\/wp\/v2\/media\/42716"}],"wp:attachment":[{"href":"https:\/\/fedai.az\/index.php?rest_route=%2Fwp%2Fv2%2Fmedia&parent=42715"}],"wp:term":[{"taxonomy":"category","embeddable":true,"href":"https:\/\/fedai.az\/index.php?rest_route=%2Fwp%2Fv2%2Fcategories&post=42715"},{"taxonomy":"post_tag","embeddable":true,"href":"https:\/\/fedai.az\/index.php?rest_route=%2Fwp%2Fv2%2Ftags&post=42715"}],"curies":[{"name":"wp","href":"https:\/\/api.w.org\/{rel}","templated":true}]}}