{"id":42739,"date":"2021-07-13T15:43:29","date_gmt":"2021-07-13T11:43:29","guid":{"rendered":"https:\/\/fedai.az\/?p=42739"},"modified":"2021-07-13T15:43:35","modified_gmt":"2021-07-13T11:43:35","slug":"ilham-%c9%99liyev-overcuku-q%c9%99bul-edib","status":"publish","type":"post","link":"https:\/\/fedai.az\/?p=42739","title":{"rendered":"\u0130lham \u018fliyev Over\u00e7uku q\u0259bul edib"},"content":{"rendered":"\n<p><strong>Az\u0259rbaycan Respublikas\u0131n\u0131n Prezidenti \u0130lham \u018fliyev iyulun 13-d\u0259 Rusiya Federasiyas\u0131n\u0131n Ba\u015f nazirinin m\u00fcavini Aleksey Over\u00e7uku q\u0259bul edib.<\/strong><\/p>\n\n\n\n<p>Rusiya Ba\u015f nazirinin m\u00fcavini Aleksey Over\u00e7uk Rusiya Federasiyas\u0131n\u0131n Prezidenti Vladimir Putinin salamlar\u0131n\u0131 d\u00f6vl\u0259timizin ba\u015f\u00e7\u0131s\u0131na \u00e7atd\u0131r\u0131b.<\/p>\n\n\n\n<p>Prezident \u0130lham \u018fliyev Rusiyan\u0131n d\u00f6vl\u0259t ba\u015f\u00e7\u0131s\u0131n\u0131n salamlar\u0131na g\u00f6r\u0259 minn\u0259tdarl\u0131\u011f\u0131n\u0131 bildirib, onun da salamlar\u0131n\u0131 Vladimir Putin\u0259 \u00e7atd\u0131rma\u011f\u0131 xahi\u015f edib.<\/p>\n\n\n\n<p>S\u00f6hb\u0259t zaman\u0131 Az\u0259rbaycan, Rusiya v\u0259 Erm\u0259nistan ba\u015f nazirl\u0259ri m\u00fcavinl\u0259rinin s\u0259drliyi il\u0259 \u00fc\u00e7t\u0259r\u0259fli \u0130\u015f\u00e7i qrupunun f\u0259aliyy\u0259ti il\u0259 ba\u011fl\u0131 m\u0259s\u0259l\u0259l\u0259r m\u00fczakir\u0259 edilib. Az\u0259rbaycan-Rusiya ikit\u0259r\u0259fli \u0259laq\u0259l\u0259rin\u0259 toxunuldu, ticar\u0259t d\u00f6vriyy\u0259sinin v\u0259 Az\u0259rbaycandan Rusiyaya k\u0259nd t\u0259s\u0259rr\u00fcfat\u0131 m\u0259hsullar\u0131n\u0131n ixrac\u0131n\u0131n artmas\u0131 m\u0259mnunluqla vur\u011fulan\u0131b. Az\u0259rbaycan-Rusiya s\u0259rh\u0259dind\u0259 s\u0259rh\u0259d-ke\u00e7id m\u0259nt\u0259q\u0259l\u0259rinin f\u0259aliyy\u0259tinin daha da t\u0259kmill\u0259\u015fdirilm\u0259si il\u0259 ba\u011fl\u0131 m\u0259s\u0259l\u0259l\u0259r m\u00fczakir\u0259 olundu, \u015eimal-C\u0259nub d\u0259hlizi il\u0259 tranzitin art\u0131r\u0131lmas\u0131 prosesinin \u00e7ox f\u0259al getdiyi bildirilib.<\/p>\n\n\n\n<p>S\u00f6hb\u0259t zaman\u0131 ticar\u0259t, iqtisadiyyat, n\u0259qliyyat v\u0259 dig\u0259r sah\u0259l\u0259rd\u0259 \u0259m\u0259kda\u015fl\u0131\u011f\u0131n perspektivl\u0259ri \u0259traf\u0131nda fikir m\u00fcbadil\u0259si apar\u0131l\u0131b.<\/p>\n","protected":false},"excerpt":{"rendered":"<p>Az\u0259rbaycan Respublikas\u0131n\u0131n Prezidenti \u0130lham \u018fliyev iyulun 13-d\u0259 Rusiya Federasiyas\u0131n\u0131n Ba\u015f nazirinin m\u00fcavini Aleksey Over\u00e7uku q\u0259bul edib. Rusiya Ba\u015f nazirinin m\u00fcavini Aleksey Over\u00e7uk Rusiya Federasiyas\u0131n\u0131n<\/p>\n","protected":false},"author":2,"featured_media":42740,"comment_status":"closed","ping_status":"closed","sticky":false,"template":"","format":"standard","meta":{"footnotes":""},"categories":[1],"tags":[],"class_list":["post-42739","post","type-post","status-publish","format-standard","has-post-thumbnail","hentry","category-siyast"],"aioseo_notices":[],"_links":{"self":[{"href":"https:\/\/fedai.az\/index.php?rest_route=\/wp\/v2\/posts\/42739","targetHints":{"allow":["GET"]}}],"collection":[{"href":"https:\/\/fedai.az\/index.php?rest_route=\/wp\/v2\/posts"}],"about":[{"href":"https:\/\/fedai.az\/index.php?rest_route=\/wp\/v2\/types\/post"}],"author":[{"embeddable":true,"href":"https:\/\/fedai.az\/index.php?rest_route=\/wp\/v2\/users\/2"}],"replies":[{"embeddable":true,"href":"https:\/\/fedai.az\/index.php?rest_route=%2Fwp%2Fv2%2Fcomments&post=42739"}],"version-history":[{"count":1,"href":"https:\/\/fedai.az\/index.php?rest_route=\/wp\/v2\/posts\/42739\/revisions"}],"predecessor-version":[{"id":42741,"href":"https:\/\/fedai.az\/index.php?rest_route=\/wp\/v2\/posts\/42739\/revisions\/42741"}],"wp:featuredmedia":[{"embeddable":true,"href":"https:\/\/fedai.az\/index.php?rest_route=\/wp\/v2\/media\/42740"}],"wp:attachment":[{"href":"https:\/\/fedai.az\/index.php?rest_route=%2Fwp%2Fv2%2Fmedia&parent=42739"}],"wp:term":[{"taxonomy":"category","embeddable":true,"href":"https:\/\/fedai.az\/index.php?rest_route=%2Fwp%2Fv2%2Fcategories&post=42739"},{"taxonomy":"post_tag","embeddable":true,"href":"https:\/\/fedai.az\/index.php?rest_route=%2Fwp%2Fv2%2Ftags&post=42739"}],"curies":[{"name":"wp","href":"https:\/\/api.w.org\/{rel}","templated":true}]}}