{"id":42757,"date":"2021-07-14T00:23:25","date_gmt":"2021-07-13T20:23:25","guid":{"rendered":"https:\/\/fedai.az\/?p=42757"},"modified":"2021-07-14T02:49:15","modified_gmt":"2021-07-13T22:49:15","slug":"erm%c9%99ni-avakov-nazir-postundan-istefa-verdi","status":"publish","type":"post","link":"https:\/\/fedai.az\/?p=42757","title":{"rendered":"Erm\u0259ni Avakov nazir postundan istefa verdi"},"content":{"rendered":"\n<p><strong>Ukraynan\u0131n daxili i\u015fl\u0259r naziri Arsen Avakov istefa verib.<\/strong><\/p>\n\n\n\n<p>Onun istefa \u0259riz\u0259si \u00f6lk\u0259nin Daxili \u0130\u015fl\u0259r Nazirliyinin M\u0259tbuat xidm\u0259ti t\u0259r\u0259find\u0259n yay\u0131mlan\u0131b.<\/p>\n\n\n\n<p>Bildirilib ki, &nbsp;Ukrayna Ali Radas\u0131 istefa m\u0259s\u0259l\u0259sin\u0259 iyulun 15-d\u0259 baxacaq.<\/p>\n\n\n\n<figure class=\"wp-block-image size-large is-resized\"><img loading=\"lazy\" decoding=\"async\" src=\"https:\/\/fedai.az\/wp-content\/uploads\/2021\/07\/217040610_4382966791779712_6983116718454119819_n.jpg\" alt=\"\" class=\"wp-image-42775\" width=\"910\" height=\"1213\" srcset=\"https:\/\/fedai.az\/wp-content\/uploads\/2021\/07\/217040610_4382966791779712_6983116718454119819_n.jpg 300w, https:\/\/fedai.az\/wp-content\/uploads\/2021\/07\/217040610_4382966791779712_6983116718454119819_n-225x300.jpg 225w, https:\/\/fedai.az\/wp-content\/uploads\/2021\/07\/217040610_4382966791779712_6983116718454119819_n-113x150.jpg 113w\" sizes=\"auto, (max-width: 910px) 100vw, 910px\" \/><\/figure>\n\n\n\n<p>Qeyd ed\u0259k ki, erm\u0259ni \u0259silli Arsen Avakov&nbsp;Ukraynada h\u0259r zaman Az\u0259rbaycana qar\u015f\u0131 erm\u0259nip\u0259r\u0259st siyas\u0259ti il\u0259 f\u0259rql\u0259nib. O, 24 apreld\u0259 \u00f6z facebook s\u0259hif\u0259sind\u0259 qondarma erm\u0259ni soyq\u0131r\u0131m\u0131 il\u0259 ba\u011fl\u0131 payla\u015f\u0131m ed\u0259r\u0259k prezident Zelenskinin d\u00f6vl\u0259t m\u0259murlar\u0131na bu c\u00fcr hadis\u0259l\u0259r\u0259 m\u00fcnasib\u0259t bildirm\u0259m\u0259k qada\u011fas\u0131na da \u0259ks m\u00f6vqe s\u0259rgil\u0259ymi\u015fdi.&nbsp;Az\u0259rbaycanl\u0131lara qar\u015f\u0131 Ukraynada ba\u015f ver\u0259n cinay\u0259tl\u0259rd\u0259 d\u0259 Avakovun \u0259linin olmas\u0131 bar\u0259d\u0259 m\u0259lumatlar vermi\u015fdik.<\/p>\n\n\n\n<figure class=\"wp-block-image size-large is-resized\"><img loading=\"lazy\" decoding=\"async\" src=\"https:\/\/fedai.az\/wp-content\/uploads\/2021\/07\/11402450_919668834742741_4706569711450013978_o_650x410.jpg\" alt=\"\" class=\"wp-image-42760\" width=\"904\" height=\"570\" srcset=\"https:\/\/fedai.az\/wp-content\/uploads\/2021\/07\/11402450_919668834742741_4706569711450013978_o_650x410.jpg 650w, https:\/\/fedai.az\/wp-content\/uploads\/2021\/07\/11402450_919668834742741_4706569711450013978_o_650x410-300x189.jpg 300w, https:\/\/fedai.az\/wp-content\/uploads\/2021\/07\/11402450_919668834742741_4706569711450013978_o_650x410-150x95.jpg 150w, https:\/\/fedai.az\/wp-content\/uploads\/2021\/07\/11402450_919668834742741_4706569711450013978_o_650x410-115x73.jpg 115w\" sizes=\"auto, (max-width: 904px) 100vw, 904px\" \/><\/figure>\n\n\n\n<p>Ald\u0131\u011f\u0131m\u0131z bilgil\u0259r\u0259 g\u00f6r\u0259, Avakovun Ukrayna d\u00f6vl\u0259tinin r\u0259smi t\u0259msil\u00e7isi olmas\u0131na baxmayaraq, 44 g\u00fcnl\u00fck Qarba\u011f m\u00fcharib\u0259si d\u00f6vr\u00fcnd\u0259 Qaraba\u011fda erm\u0259nil\u0259rini d\u0259st\u0259kl\u0259m\u0259k \u00fc\u00e7\u00fcn Ukraynadak\u0131 b\u00fct\u00fcn erm\u0259ni icmas\u0131na g\u00f6st\u0259ri\u015f verdiyi deyilirdi. H\u0259tta bildirilirdi ki, bundan boyun qa\u00e7\u0131ran b\u0259zi erm\u0259nil\u0259r is\u0259 x\u00fcsusi qrup t\u0259r\u0259find\u0259n a\u011f\u0131r c\u0259zaland\u0131r\u0131l\u0131rd\u0131. Sumqay\u0131tda oldu\u011fu kimi. Onun \u00f6z\u00fc Erm\u0259nistana 4 milyon dollar ian\u0259 etm\u0259k ist\u0259s\u0259 d\u0259 iddialara g\u00f6r\u0259, hesab\u0131 bundan x\u0259b\u0259r tutan hakimiyy\u0259t dair\u0259l\u0259ri t\u0259r\u0259find\u0259n \u201cblok\u201d edilib.&nbsp;<\/p>\n\n\n\n<p>Az\u0259rbaycanl\u0131lara qar\u015f\u0131 bir \u00e7ox cinay\u0259tl\u0259rd\u0259 v\u0259&nbsp;2015-ci ilin iyun-avqustunda Xersonda 3 az\u0259rbaycanl\u0131 biznesmenin \u00f6ld\u00fcr\u00fclm\u0259sind\u0259 d\u0259 Avakovun ad\u0131 hallan\u0131r. \u00dcmumiyy\u0259tl\u0259, Avakovun Ukraynada xalq\u0131 aras\u0131nda m\u0259nfi imic\u0259 sahib olmas\u0131 dan\u0131lmazd\u0131r v\u0259 Zelenskinin bu mafiozu v\u0259zif\u0259d\u0259 saxlamas\u0131 daim q\u0131naq obyektin\u0259 \u00e7evrilmi\u015fdi.<\/p>\n\n\n\n<figure class=\"wp-block-image size-large is-resized\"><img loading=\"lazy\" decoding=\"async\" src=\"https:\/\/fedai.az\/wp-content\/uploads\/2021\/07\/images-1-2.jpg\" alt=\"\" class=\"wp-image-42759\" width=\"905\" height=\"663\" srcset=\"https:\/\/fedai.az\/wp-content\/uploads\/2021\/07\/images-1-2.jpg 262w, https:\/\/fedai.az\/wp-content\/uploads\/2021\/07\/images-1-2-150x110.jpg 150w\" sizes=\"auto, (max-width: 905px) 100vw, 905px\" \/><\/figure>\n\n\n\n<p>Ukraynan\u0131n bu g\u00fcn istefa ver\u0259n erm\u0259ni \u0259silli daxili i\u015fl\u0259r naziri Arsen Avakovun yerin\u0259 Ali Radada (parlament) namiz\u0259dliyi m\u00fczakir\u0259 olunacaq namiz\u0259d m\u00fc\u0259yy\u0259n olunub. Bu \u015f\u0259xs hakim \u201cXalq\u0131n Xidm\u0259t\u00e7isi\u201d (\u201cSuluqa naroda\u201d) partiyas\u0131ndan, haz\u0131rda parlamentd\u0259 H\u00fcquq m\u00fchafiz\u0259 orqanlar\u0131n\u0131n f\u0259aliyy\u0259ti \u00fczr\u0259 komit\u0259nin s\u0259dri Denis Monastriskidir.<\/p>\n\n\n\n<p><br>Avakovun istefa \u0259riz\u0259sin\u0259 v\u0259 yeni daxili i\u015fl\u0259r nazirinin t\u0259sdiqi il\u0259 ba\u011fl\u0131 m\u0259s\u0259l\u0259y\u0259 Ali Radan\u0131n iyulun 15-d\u0259 ke\u00e7iril\u0259c\u0259k iclasda baxmas\u0131 g\u00f6zl\u0259nilir.<\/p>\n\n\n\n<p><strong>Fedai.az<\/strong><\/p>\n","protected":false},"excerpt":{"rendered":"<p>Ukraynan\u0131n daxili i\u015fl\u0259r naziri Arsen Avakov istefa verib. Onun istefa \u0259riz\u0259si \u00f6lk\u0259nin Daxili \u0130\u015fl\u0259r Nazirliyinin M\u0259tbuat xidm\u0259ti t\u0259r\u0259find\u0259n yay\u0131mlan\u0131b. Bildirilib ki, &nbsp;Ukrayna Ali Radas\u0131<\/p>\n","protected":false},"author":2,"featured_media":42762,"comment_status":"closed","ping_status":"closed","sticky":false,"template":"","format":"standard","meta":{"footnotes":""},"categories":[3],"tags":[],"class_list":["post-42757","post","type-post","status-publish","format-standard","has-post-thumbnail","hentry","category-gundm"],"aioseo_notices":[],"_links":{"self":[{"href":"https:\/\/fedai.az\/index.php?rest_route=\/wp\/v2\/posts\/42757","targetHints":{"allow":["GET"]}}],"collection":[{"href":"https:\/\/fedai.az\/index.php?rest_route=\/wp\/v2\/posts"}],"about":[{"href":"https:\/\/fedai.az\/index.php?rest_route=\/wp\/v2\/types\/post"}],"author":[{"embeddable":true,"href":"https:\/\/fedai.az\/index.php?rest_route=\/wp\/v2\/users\/2"}],"replies":[{"embeddable":true,"href":"https:\/\/fedai.az\/index.php?rest_route=%2Fwp%2Fv2%2Fcomments&post=42757"}],"version-history":[{"count":3,"href":"https:\/\/fedai.az\/index.php?rest_route=\/wp\/v2\/posts\/42757\/revisions"}],"predecessor-version":[{"id":42794,"href":"https:\/\/fedai.az\/index.php?rest_route=\/wp\/v2\/posts\/42757\/revisions\/42794"}],"wp:featuredmedia":[{"embeddable":true,"href":"https:\/\/fedai.az\/index.php?rest_route=\/wp\/v2\/media\/42762"}],"wp:attachment":[{"href":"https:\/\/fedai.az\/index.php?rest_route=%2Fwp%2Fv2%2Fmedia&parent=42757"}],"wp:term":[{"taxonomy":"category","embeddable":true,"href":"https:\/\/fedai.az\/index.php?rest_route=%2Fwp%2Fv2%2Fcategories&post=42757"},{"taxonomy":"post_tag","embeddable":true,"href":"https:\/\/fedai.az\/index.php?rest_route=%2Fwp%2Fv2%2Ftags&post=42757"}],"curies":[{"name":"wp","href":"https:\/\/api.w.org\/{rel}","templated":true}]}}