{"id":42764,"date":"2021-07-14T00:28:30","date_gmt":"2021-07-13T20:28:30","guid":{"rendered":"https:\/\/fedai.az\/?p=42764"},"modified":"2021-07-14T00:28:35","modified_gmt":"2021-07-13T20:28:35","slug":"cavusoglu-susa-b%c9%99yannam%c9%99si-il%c9%99-turkiy%c9%99-az%c9%99rbaycan-qardasliq-%c9%99laq%c9%99l%c9%99ri-daha-da-gucl%c9%99nir","status":"publish","type":"post","link":"https:\/\/fedai.az\/?p=42764","title":{"rendered":"\u00c7avu\u015fo\u011flu: \u201c\u015eu\u015fa B\u0259yannam\u0259si il\u0259 T\u00fcrkiy\u0259-Az\u0259rbaycan qarda\u015fl\u0131q \u0259laq\u0259l\u0259ri daha da g\u00fccl\u0259nir\u201d"},"content":{"rendered":"\n<p><strong>&#171;Can Az\u0259rbaycan\u0131n Milli M\u0259clisinin Beyn\u0259lxalq m\u00fcnasib\u0259tl\u0259r v\u0259 parlamentl\u0259raras\u0131 \u0259laq\u0259l\u0259r komit\u0259sinin s\u0259dri S\u0259m\u0259d Seyidov v\u0259 onun ba\u015f\u00e7\u0131l\u0131q etdiyi n\u00fcmay\u0259nd\u0259 hey\u0259ti il\u0259 bir araya g\u0259ldik\u201d.<\/strong><\/p>\n\n\n\n<p><br>Bunu T\u00fcrkiy\u0259nin xarici i\u015fl\u0259r naziri M\u00f6vlud \u00c7avu\u015fo\u011flu tvitter hesab\u0131nda yaz\u0131b.<\/p>\n\n\n\n<p><br>X\u0130N ba\u015f\u00e7\u0131s\u0131 qeyd edib ki, \u015eu\u015fa B\u0259yannam\u0259si il\u0259 T\u00fcrkiy\u0259 v\u0259 Az\u0259rbaycan aras\u0131nda qarda\u015fl\u0131q \u0259laq\u0259l\u0259ri h\u0259r sah\u0259d\u0259 daha da g\u00fccl\u0259nir.<\/p>\n\n\n\n<p>M\u0259nb\u0259: Azxeber.com<\/p>\n","protected":false},"excerpt":{"rendered":"<p>&#171;Can Az\u0259rbaycan\u0131n Milli M\u0259clisinin Beyn\u0259lxalq m\u00fcnasib\u0259tl\u0259r v\u0259 parlamentl\u0259raras\u0131 \u0259laq\u0259l\u0259r komit\u0259sinin s\u0259dri S\u0259m\u0259d Seyidov v\u0259 onun ba\u015f\u00e7\u0131l\u0131q etdiyi n\u00fcmay\u0259nd\u0259 hey\u0259ti il\u0259 bir araya g\u0259ldik\u201d. Bunu<\/p>\n","protected":false},"author":2,"featured_media":42765,"comment_status":"closed","ping_status":"closed","sticky":false,"template":"","format":"standard","meta":{"footnotes":""},"categories":[1],"tags":[],"class_list":["post-42764","post","type-post","status-publish","format-standard","has-post-thumbnail","hentry","category-siyast"],"aioseo_notices":[],"_links":{"self":[{"href":"https:\/\/fedai.az\/index.php?rest_route=\/wp\/v2\/posts\/42764","targetHints":{"allow":["GET"]}}],"collection":[{"href":"https:\/\/fedai.az\/index.php?rest_route=\/wp\/v2\/posts"}],"about":[{"href":"https:\/\/fedai.az\/index.php?rest_route=\/wp\/v2\/types\/post"}],"author":[{"embeddable":true,"href":"https:\/\/fedai.az\/index.php?rest_route=\/wp\/v2\/users\/2"}],"replies":[{"embeddable":true,"href":"https:\/\/fedai.az\/index.php?rest_route=%2Fwp%2Fv2%2Fcomments&post=42764"}],"version-history":[{"count":1,"href":"https:\/\/fedai.az\/index.php?rest_route=\/wp\/v2\/posts\/42764\/revisions"}],"predecessor-version":[{"id":42766,"href":"https:\/\/fedai.az\/index.php?rest_route=\/wp\/v2\/posts\/42764\/revisions\/42766"}],"wp:featuredmedia":[{"embeddable":true,"href":"https:\/\/fedai.az\/index.php?rest_route=\/wp\/v2\/media\/42765"}],"wp:attachment":[{"href":"https:\/\/fedai.az\/index.php?rest_route=%2Fwp%2Fv2%2Fmedia&parent=42764"}],"wp:term":[{"taxonomy":"category","embeddable":true,"href":"https:\/\/fedai.az\/index.php?rest_route=%2Fwp%2Fv2%2Fcategories&post=42764"},{"taxonomy":"post_tag","embeddable":true,"href":"https:\/\/fedai.az\/index.php?rest_route=%2Fwp%2Fv2%2Ftags&post=42764"}],"curies":[{"name":"wp","href":"https:\/\/api.w.org\/{rel}","templated":true}]}}