{"id":42767,"date":"2021-07-14T00:37:28","date_gmt":"2021-07-13T20:37:28","guid":{"rendered":"https:\/\/fedai.az\/?p=42767"},"modified":"2021-07-14T00:37:31","modified_gmt":"2021-07-13T20:37:31","slug":"erm%c9%99ni-h%c9%99yasizligi-s%c9%99rh%c9%99d-tanimir","status":"publish","type":"post","link":"https:\/\/fedai.az\/?p=42767","title":{"rendered":"Erm\u0259ni h\u0259yas\u0131zl\u0131\u011f\u0131 &#171;s\u0259rh\u0259d tan\u0131m\u0131r&#187;&#8230;"},"content":{"rendered":"\n<p><strong>Erm\u0259ni h\u0259yas\u0131zl\u0131\u011f\u0131 h\u00fcdudsuzlu\u011fu il\u0259 g\u00fcl\u00fc\u015f h\u0259d\u0259fin\u0259 \u00e7evrilm\u0259kd\u0259dir. Bu g\u00fcn Erm\u0259nistan\u0131n X\u0130N-in binas\u0131na \u015eu\u015fan\u0131 ziyar\u0259t ed\u0259n \u00f6lk\u0259l\u0259rin s\u0259firl\u0259ri \u00e7a\u011f\u0131r\u0131l\u0131b.<\/strong><\/p>\n\n\n\n<p>Erm\u0259nistan\u0131n sahibsiz nazirliyi onlara nota verib. Erm\u0259ni t\u0259r\u0259fi n\u00f6vb\u0259ti d\u0259f\u0259 h\u0259yas\u0131zl\u0131q n\u00fcmayi\u015f etdir\u0259r\u0259k, Hadrutun v\u0259 \u015eu\u015fan\u0131n i\u015f\u011fal edildiyini v\u0259 oraya getm\u0259yin q\u0259buledilm\u0259z oldu\u011funu bildirib.<\/p>\n\n\n\n<p>Az\u0259rbaycan m\u0259s\u0259l\u0259y\u0259 m\u00fcnasib\u0259t bildirib. Erm\u0259nistan X\u0130N-in bu ilin 9 iyul tarixind\u0259 Az\u0259rbaycanda akkredit\u0259 olunan \u00f6lk\u0259l\u0259rin s\u0259firl\u0259rinin \u015eu\u015fa \u015f\u0259h\u0259rin\u0259 s\u0259f\u0259ri il\u0259 ba\u011fl\u0131 Erm\u0259nistandak\u0131 xarici \u00f6lk\u0259l\u0259rin diplomatik n\u00fcmay\u0259nd\u0259likl\u0259rin\u0259 nota t\u0259qdim etm\u0259si il\u0259 ba\u011fl\u0131 yay\u0131lan m\u0259lumat\u0131 \u015f\u0259rh ed\u0259rk\u0259n Xarici \u0130\u015fl\u0259r Nazirliyinin M\u0259tbuat xidm\u0259ti idar\u0259sinin r\u0259isi Leyla Abdullayeva deyib.<\/p>\n\n\n\n<figure class=\"wp-block-image size-large\"><img loading=\"lazy\" decoding=\"async\" width=\"800\" height=\"599\" src=\"https:\/\/fedai.az\/wp-content\/uploads\/2021\/07\/leylaabdullayeva290619.jpg\" alt=\"\" class=\"wp-image-42768\" srcset=\"https:\/\/fedai.az\/wp-content\/uploads\/2021\/07\/leylaabdullayeva290619.jpg 800w, https:\/\/fedai.az\/wp-content\/uploads\/2021\/07\/leylaabdullayeva290619-300x225.jpg 300w, https:\/\/fedai.az\/wp-content\/uploads\/2021\/07\/leylaabdullayeva290619-150x112.jpg 150w, https:\/\/fedai.az\/wp-content\/uploads\/2021\/07\/leylaabdullayeva290619-768x575.jpg 768w\" sizes=\"auto, (max-width: 800px) 100vw, 800px\" \/><\/figure>\n\n\n\n<p>L.Abdullayeva bildirib: &#171;Erm\u0259nistan X\u0130N-in bu add\u0131m\u0131 bir daha onu g\u00f6st\u0259rir ki, bu \u00f6lk\u0259 h\u0259l\u0259 d\u0259 beyn\u0259lxalq h\u00fcquqa zidd olan v\u0259 \u0259razi iddialar\u0131ndan \u00e7\u0131x\u0131\u015f ed\u0259n m\u00f6vqe s\u0259rgil\u0259yir. Bir daha vur\u011fulay\u0131r\u0131q ki, Az\u0259rbaycan\u0131n beyn\u0259lxalq s\u0259rh\u0259dl\u0259ri \u00e7\u0259r\u00e7iv\u0259sind\u0259ki \u0259razisin\u0259 edil\u0259n h\u0259r hans\u0131 s\u0259f\u0259r Erm\u0259nistan t\u0259r\u0259find\u0259n n\u0259inki etiraz, he\u00e7 \u015f\u0259rh bel\u0259 oluna bilm\u0259z. Bu \u0259razil\u0259r\u0259 s\u0259f\u0259rl\u0259r Erm\u0259nistan\u0131n h\u0259rbi i\u015f\u011fal\u0131 alt\u0131nda olan zaman qanunsuz xarakter da\u015f\u0131y\u0131rd\u0131. Art\u0131q \u015eu\u015fa azad olunub, dig\u0259r azad olunan b\u00f6lg\u0259l\u0259rimiz kimi Az\u0259rbaycan\u0131n t\u0259rkib hiss\u0259sidir. Bura s\u0259f\u0259rl\u0259r d\u0259 edilir v\u0259 edil\u0259c\u0259k, b\u0259rpa i\u015fl\u0259ri d\u0259 h\u0259yata ke\u00e7irilir, \u015f\u0259h\u0259rin qanuni sahibl\u0259ri \u00f6z evl\u0259rin\u0259 geri qay\u0131dacaq, bir s\u00f6zl\u0259 m\u0259d\u0259niyy\u0259t be\u015fiyimizd\u0259 h\u0259yat yenid\u0259n canlanacaq.<\/p>\n\n\n\n<p>Erm\u0259nistan X\u0130N-i nota t\u0259rtib ed\u0259rk\u0259n \u0259n az\u0131ndan n\u0259y\u0259 v\u0259 n\u0259 \u0259sasla etiraz etdiyini d\u00fc\u015f\u00fcnm\u0259lidir. G\u00f6r\u00fcn\u00fcr, Erm\u0259nistan X\u0130N-ind\u0259 r\u0259hb\u0259rliyin olmamas\u0131 bu qurumun t\u0259rtib etdiyi s\u0259n\u0259dl\u0259r\u0259 d\u0259 \u00f6z t\u0259sirini g\u00f6st\u0259rir.<\/p>\n\n\n\n<p><br>Erm\u0259nistan X\u0130N-in art\u0131q b\u00f6lg\u0259d\u0259ki yeni v\u0259ziyy\u0259ti d\u0259rk etm\u0259si g\u0259r\u0259kdir. Ke\u00e7mi\u015fd\u0259 oldu\u011fu kimi, beyn\u0259lxalq h\u00fcquqa zidd v\u0259 destruktiv siyas\u0259td\u0259n \u00e7\u0131x\u0131\u015f etm\u0259k Erm\u0259nistana yax\u015f\u0131 he\u00e7 n\u0259 v\u0259d etmir&#187;.<\/p>\n","protected":false},"excerpt":{"rendered":"<p>Erm\u0259ni h\u0259yas\u0131zl\u0131\u011f\u0131 h\u00fcdudsuzlu\u011fu il\u0259 g\u00fcl\u00fc\u015f h\u0259d\u0259fin\u0259 \u00e7evrilm\u0259kd\u0259dir. Bu g\u00fcn Erm\u0259nistan\u0131n X\u0130N-in binas\u0131na \u015eu\u015fan\u0131 ziyar\u0259t ed\u0259n \u00f6lk\u0259l\u0259rin s\u0259firl\u0259ri \u00e7a\u011f\u0131r\u0131l\u0131b. Erm\u0259nistan\u0131n sahibsiz nazirliyi onlara nota verib.<\/p>\n","protected":false},"author":2,"featured_media":42769,"comment_status":"closed","ping_status":"closed","sticky":false,"template":"","format":"standard","meta":{"footnotes":""},"categories":[15],"tags":[],"class_list":["post-42767","post","type-post","status-publish","format-standard","has-post-thumbnail","hentry","category-atmaca"],"aioseo_notices":[],"_links":{"self":[{"href":"https:\/\/fedai.az\/index.php?rest_route=\/wp\/v2\/posts\/42767","targetHints":{"allow":["GET"]}}],"collection":[{"href":"https:\/\/fedai.az\/index.php?rest_route=\/wp\/v2\/posts"}],"about":[{"href":"https:\/\/fedai.az\/index.php?rest_route=\/wp\/v2\/types\/post"}],"author":[{"embeddable":true,"href":"https:\/\/fedai.az\/index.php?rest_route=\/wp\/v2\/users\/2"}],"replies":[{"embeddable":true,"href":"https:\/\/fedai.az\/index.php?rest_route=%2Fwp%2Fv2%2Fcomments&post=42767"}],"version-history":[{"count":1,"href":"https:\/\/fedai.az\/index.php?rest_route=\/wp\/v2\/posts\/42767\/revisions"}],"predecessor-version":[{"id":42770,"href":"https:\/\/fedai.az\/index.php?rest_route=\/wp\/v2\/posts\/42767\/revisions\/42770"}],"wp:featuredmedia":[{"embeddable":true,"href":"https:\/\/fedai.az\/index.php?rest_route=\/wp\/v2\/media\/42769"}],"wp:attachment":[{"href":"https:\/\/fedai.az\/index.php?rest_route=%2Fwp%2Fv2%2Fmedia&parent=42767"}],"wp:term":[{"taxonomy":"category","embeddable":true,"href":"https:\/\/fedai.az\/index.php?rest_route=%2Fwp%2Fv2%2Fcategories&post=42767"},{"taxonomy":"post_tag","embeddable":true,"href":"https:\/\/fedai.az\/index.php?rest_route=%2Fwp%2Fv2%2Ftags&post=42767"}],"curies":[{"name":"wp","href":"https:\/\/api.w.org\/{rel}","templated":true}]}}