{"id":42771,"date":"2021-07-14T00:42:40","date_gmt":"2021-07-13T20:42:40","guid":{"rendered":"https:\/\/fedai.az\/?p=42771"},"modified":"2021-07-14T00:42:45","modified_gmt":"2021-07-13T20:42:45","slug":"yunisef-in-r%c9%99hb%c9%99ri-istefa-verib","status":"publish","type":"post","link":"https:\/\/fedai.az\/?p=42771","title":{"rendered":"YUN\u0130SEF-in r\u0259hb\u0259ri istefa verib"},"content":{"rendered":"\n<p><strong>BMT-nin U\u015faq Fondunun (UNICEF) icra\u00e7\u0131 direktoru Henrietta For v\u0259zif\u0259sind\u0259n istefa verm\u0259k bar\u0259d\u0259 q\u0259rar q\u0259bul edib.<\/strong><\/p>\n\n\n\n<p>\u201cR\u0130A Novosti\u201d x\u0259b\u0259r verir ki, bunu BMT Ba\u015f katibinin r\u0259smi n\u00fcmay\u0259nd\u0259sinin m\u00fcavini F\u0259rhan Hak m\u0259tbuat konfrans\u0131 zaman\u0131 b\u0259yan edib.\u00a0<\/p>\n\n\n\n<p><br>O, bildirib ki, H.For v\u0259zif\u0259sini t\u0259rk etm\u0259k niyy\u0259ti bar\u0259d\u0259 BMT Ba\u015f katibi Antoniu Quterri\u015fi m\u0259lumatland\u0131r\u0131b.<\/p>\n\n\n\n<p>Qeyd ed\u0259k ki, H.For 1 yanvar 2018-ci ild\u0259n b\u0259ri YUN\u0130SEF-\u0259 r\u0259hb\u0259rlik edir. O, quruma yeni ba\u015f\u00e7\u0131 t\u0259yin edil\u0259n\u0259d\u0259k v\u0259zif\u0259sind\u0259 qalacaq.<\/p>\n","protected":false},"excerpt":{"rendered":"<p>BMT-nin U\u015faq Fondunun (UNICEF) icra\u00e7\u0131 direktoru Henrietta For v\u0259zif\u0259sind\u0259n istefa verm\u0259k bar\u0259d\u0259 q\u0259rar q\u0259bul edib. \u201cR\u0130A Novosti\u201d x\u0259b\u0259r verir ki, bunu BMT Ba\u015f katibinin<\/p>\n","protected":false},"author":2,"featured_media":42773,"comment_status":"closed","ping_status":"closed","sticky":false,"template":"","format":"standard","meta":{"footnotes":""},"categories":[13],"tags":[],"class_list":["post-42771","post","type-post","status-publish","format-standard","has-post-thumbnail","hentry","category-xarici"],"aioseo_notices":[],"_links":{"self":[{"href":"https:\/\/fedai.az\/index.php?rest_route=\/wp\/v2\/posts\/42771","targetHints":{"allow":["GET"]}}],"collection":[{"href":"https:\/\/fedai.az\/index.php?rest_route=\/wp\/v2\/posts"}],"about":[{"href":"https:\/\/fedai.az\/index.php?rest_route=\/wp\/v2\/types\/post"}],"author":[{"embeddable":true,"href":"https:\/\/fedai.az\/index.php?rest_route=\/wp\/v2\/users\/2"}],"replies":[{"embeddable":true,"href":"https:\/\/fedai.az\/index.php?rest_route=%2Fwp%2Fv2%2Fcomments&post=42771"}],"version-history":[{"count":1,"href":"https:\/\/fedai.az\/index.php?rest_route=\/wp\/v2\/posts\/42771\/revisions"}],"predecessor-version":[{"id":42774,"href":"https:\/\/fedai.az\/index.php?rest_route=\/wp\/v2\/posts\/42771\/revisions\/42774"}],"wp:featuredmedia":[{"embeddable":true,"href":"https:\/\/fedai.az\/index.php?rest_route=\/wp\/v2\/media\/42773"}],"wp:attachment":[{"href":"https:\/\/fedai.az\/index.php?rest_route=%2Fwp%2Fv2%2Fmedia&parent=42771"}],"wp:term":[{"taxonomy":"category","embeddable":true,"href":"https:\/\/fedai.az\/index.php?rest_route=%2Fwp%2Fv2%2Fcategories&post=42771"},{"taxonomy":"post_tag","embeddable":true,"href":"https:\/\/fedai.az\/index.php?rest_route=%2Fwp%2Fv2%2Ftags&post=42771"}],"curies":[{"name":"wp","href":"https:\/\/api.w.org\/{rel}","templated":true}]}}