{"id":42777,"date":"2021-07-14T01:04:46","date_gmt":"2021-07-13T21:04:46","guid":{"rendered":"https:\/\/fedai.az\/?p=42777"},"modified":"2021-07-14T13:07:35","modified_gmt":"2021-07-14T09:07:35","slug":"at%c9%99t-in-uc-musketyoru-v%c9%99-bir-d%c9%99-pasinyanin-c%c9%99h%c9%99nn%c9%99m-yolculugu","status":"publish","type":"post","link":"https:\/\/fedai.az\/?p=42777","title":{"rendered":"AT\u018fT-in &#171;\u00dc\u00e7 m\u00fc\u015fketyoru v\u0259 bir d\u0259 Pa\u015finyan&#187;\u0131n c\u0259h\u0259nn\u0259m yol\u00e7ulu\u011fu"},"content":{"rendered":"\n<p><strong>AT\u018fT-in Minsk Qrupu h\u0259ms\u0259dr d\u00f6vl\u0259tl\u0259rinin m\u00f6vqeyi Az\u0259rbaycanda ictimai etiraza s\u0259b\u0259b olub.<\/strong><\/p>\n\n\n\n<p>\u00d6z\u00fc d\u0259 h\u0259r \u00fc\u00e7 h\u0259ms\u0259dr \u00f6lk\u0259d\u0259 separat\u00e7\u0131 rejimin n\u00fcmay\u0259nd\u0259likl\u0259ri h\u0259l\u0259 d\u0259 f\u0259aliyy\u0259t g\u00f6st\u0259rir. <\/p>\n\n\n\n<p>Moskvada, Va\u015finqton v\u0259 Parisd\u0259 separat\u00e7\u0131lara m\u00fcnasib\u0259t h\u0259l\u0259 d\u0259 d\u0259yi\u015fm\u0259yib. <\/p>\n\n\n\n<figure class=\"wp-block-gallery columns-2 is-cropped wp-block-gallery-1 is-layout-flex wp-block-gallery-is-layout-flex\"><ul class=\"blocks-gallery-grid\"><li class=\"blocks-gallery-item\"><figure><img loading=\"lazy\" decoding=\"async\" width=\"857\" height=\"509\" src=\"https:\/\/fedai.az\/wp-content\/uploads\/2021\/07\/9b3322829e6b6f6433993f77d28d8c3b.jpg\" alt=\"\" data-id=\"42778\" data-link=\"https:\/\/fedai.az\/?attachment_id=42778\" class=\"wp-image-42778\" srcset=\"https:\/\/fedai.az\/wp-content\/uploads\/2021\/07\/9b3322829e6b6f6433993f77d28d8c3b.jpg 857w, https:\/\/fedai.az\/wp-content\/uploads\/2021\/07\/9b3322829e6b6f6433993f77d28d8c3b-300x178.jpg 300w, https:\/\/fedai.az\/wp-content\/uploads\/2021\/07\/9b3322829e6b6f6433993f77d28d8c3b-150x89.jpg 150w, https:\/\/fedai.az\/wp-content\/uploads\/2021\/07\/9b3322829e6b6f6433993f77d28d8c3b-768x456.jpg 768w, https:\/\/fedai.az\/wp-content\/uploads\/2021\/07\/9b3322829e6b6f6433993f77d28d8c3b-184x109.jpg 184w\" sizes=\"auto, (max-width: 857px) 100vw, 857px\" \/><\/figure><\/li><li class=\"blocks-gallery-item\"><figure><img loading=\"lazy\" decoding=\"async\" width=\"940\" height=\"529\" src=\"https:\/\/fedai.az\/wp-content\/uploads\/2021\/07\/50097835_403.jpg\" alt=\"\" data-id=\"42779\" data-full-url=\"https:\/\/fedai.az\/wp-content\/uploads\/2021\/07\/50097835_403.jpg\" data-link=\"https:\/\/fedai.az\/?attachment_id=42779\" class=\"wp-image-42779\" srcset=\"https:\/\/fedai.az\/wp-content\/uploads\/2021\/07\/50097835_403.jpg 940w, https:\/\/fedai.az\/wp-content\/uploads\/2021\/07\/50097835_403-300x169.jpg 300w, https:\/\/fedai.az\/wp-content\/uploads\/2021\/07\/50097835_403-150x84.jpg 150w, https:\/\/fedai.az\/wp-content\/uploads\/2021\/07\/50097835_403-768x432.jpg 768w\" sizes=\"auto, (max-width: 940px) 100vw, 940px\" \/><\/figure><\/li><\/ul><\/figure>\n\n\n\n<p>Ona g\u00f6r\u0259 d\u0259 xalq\u0131n bu \u00f6lk\u0259l\u0259r\u0259 qar\u015f\u0131 naraz\u0131l\u0131\u011f\u0131 \u015eu\u015fa s\u0259f\u0259riyl\u0259 ba\u011fl\u0131 pik h\u0259dd\u0259 \u00e7at\u0131b. Bunu n\u0259z\u0259r\u0259 alan AB\u015e-\u0131n Az\u0259rbaycandak\u0131 s\u0259firliyi \u00f6z m\u00f6vqeyini ifad\u0259 ed\u0259n a\u00e7\u0131qlama yay\u0131b: \u201cS\u0259firin i\u015f qrafiki v\u0259 ya m\u00fc\u0259yy\u0259n t\u0259dbirl\u0259rd\u0259 i\u015ftirak ed\u0259 bilm\u0259m\u0259sinin s\u0259b\u0259bl\u0259ri il\u0259 ba\u011fl\u0131 detallar\u0131 \u015f\u0259rh etmirik. <\/p>\n\n\n\n<p>Qeyd etm\u0259k ist\u0259rdik ki, c\u00fcm\u0259 g\u00fcn\u00fc Bak\u0131da F\u00fczuli v\u0259 \u015eu\u015faya ged\u0259 bilm\u0259y\u0259n bir s\u0131ra diplomatik n\u00fcmay\u0259nd\u0259likl\u0259rin \u00fczvl\u0259ri var idi. AB\u015e 2014-c\u00fc ild\u0259 Rusiyaya qar\u015f\u0131 Ukrayna \u0259razil\u0259rinin i\u015f\u011fal\u0131, z\u0259r\u0259rli kiber f\u0259aliyy\u0259tl\u0259r v\u0259 terrorla m\u00fcbariz\u0259 \u0259m\u0259liyyatlar\u0131, insan alveri, silah yay\u0131lmas\u0131 v\u0259 dig\u0259r z\u0259r\u0259rli f\u0259aliyy\u0259tl\u0259r\u0259 g\u00f6r\u0259 sanksiyalar t\u0259tbiq etdi.<\/p>\n\n\n\n<p>AB\u015e Rusiya il\u0259 qar\u015f\u0131durma axtarm\u0131r. Rusiyan\u0131n daha sabit v\u0259 proqnozla\u015fd\u0131r\u0131lan ikit\u0259r\u0259fli m\u00fcnasib\u0259tl\u0259r qurma\u011f\u0131m\u0131z\u0131 t\u0259min ed\u0259c\u0259k qaydalara \u0259saslanan beyn\u0259lxalq \u00f6hd\u0259lik modelin\u0259 qay\u0131daca\u011f\u0131 g\u00fcn\u00fc s\u0259brsizlikl\u0259 g\u00f6zl\u0259yirik. AB\u015e sanksiyalar, silahlar\u0131n azald\u0131lmas\u0131 v\u0259 iqlim d\u0259yi\u015fikliyi kimi qar\u015f\u0131l\u0131ql\u0131 v\u0259 qlobal maraq k\u0259sb ed\u0259n m\u0259s\u0259l\u0259l\u0259rd\u0259 Avropada T\u0259hl\u00fck\u0259sizlik v\u0259 \u018fm\u0259kda\u015fl\u0131q T\u0259\u015fkilat\u0131n\u0131n (AT\u018fT) Minsk Qrupunun h\u0259ms\u0259dri olaraq Rusiya il\u0259 \u0259m\u0259kda\u015fl\u0131\u011f\u0131 istisna etmir. S\u0259firimizin c\u0259dv\u0259linin t\u0259f\u0259rr\u00fcatlar\u0131n\u0131 \u015f\u0259rh etmirik. Dig\u0259r s\u0259firlikl\u0259rl\u0259 ba\u011fl\u0131 \u0259trafl\u0131 m\u0259lumat \u00fc\u00e7\u00fcn Fransa v\u0259 Rusiya s\u0259firl\u0259ri il\u0259 \u0259laq\u0259 saxlama\u011f\u0131n\u0131z\u0131 t\u00f6vsiy\u0259 edirik\u201d.<\/p>\n\n\n\n<p>Lakin Qaraba\u011fda t\u00f6r\u0259dilmi\u015f h\u0259rbi cinay\u0259tl\u0259rd\u0259 birba\u015fa i\u015ftirak etmi\u015f Rusiya v\u0259 Fransan\u0131n bu g\u00fcnk\u00fc h\u0259r\u0259k\u0259tl\u0259ri q\u0131nanmal\u0131d\u0131r. Qaraba\u011fa ilk terror\u00e7u legionu g\u00f6nd\u0259r\u0259n Fransa v\u0259 b\u00fct\u00fcn terror\u00e7ular\u0131 silahla, canl\u0131 q\u00fcvv\u0259 il\u0259 t\u0259min ed\u0259n Rusiya haqq\u0131nda beyn\u0259lxalq qurumlara m\u00fcraci\u0259tl\u0259r etm\u0259liyik. Bu g\u00fcn &#171;s\u00fclhm\u0259raml\u0131&#187; ad\u0131yla yollar\u0131m\u0131z\u0131 v\u0259 3 rayonumuzu i\u015f\u011falda saxlayan Rusiya \u00f6lk\u0259mizd\u0259n qovulmal\u0131d\u0131r.<\/p>\n\n\n\n<p><strong>Elnur S\u0259lim<\/strong><\/p>\n","protected":false},"excerpt":{"rendered":"<p>AT\u018fT-in Minsk Qrupu h\u0259ms\u0259dr d\u00f6vl\u0259tl\u0259rinin m\u00f6vqeyi Az\u0259rbaycanda ictimai etiraza s\u0259b\u0259b olub. \u00d6z\u00fc d\u0259 h\u0259r \u00fc\u00e7 h\u0259ms\u0259dr \u00f6lk\u0259d\u0259 separat\u00e7\u0131 rejimin n\u00fcmay\u0259nd\u0259likl\u0259ri h\u0259l\u0259 d\u0259 f\u0259aliyy\u0259t g\u00f6st\u0259rir.<\/p>\n","protected":false},"author":2,"featured_media":42780,"comment_status":"closed","ping_status":"closed","sticky":false,"template":"","format":"standard","meta":{"footnotes":""},"categories":[4],"tags":[],"class_list":["post-42777","post","type-post","status-publish","format-standard","has-post-thumbnail","hentry","category-qarabag"],"aioseo_notices":[],"_links":{"self":[{"href":"https:\/\/fedai.az\/index.php?rest_route=\/wp\/v2\/posts\/42777","targetHints":{"allow":["GET"]}}],"collection":[{"href":"https:\/\/fedai.az\/index.php?rest_route=\/wp\/v2\/posts"}],"about":[{"href":"https:\/\/fedai.az\/index.php?rest_route=\/wp\/v2\/types\/post"}],"author":[{"embeddable":true,"href":"https:\/\/fedai.az\/index.php?rest_route=\/wp\/v2\/users\/2"}],"replies":[{"embeddable":true,"href":"https:\/\/fedai.az\/index.php?rest_route=%2Fwp%2Fv2%2Fcomments&post=42777"}],"version-history":[{"count":2,"href":"https:\/\/fedai.az\/index.php?rest_route=\/wp\/v2\/posts\/42777\/revisions"}],"predecessor-version":[{"id":42829,"href":"https:\/\/fedai.az\/index.php?rest_route=\/wp\/v2\/posts\/42777\/revisions\/42829"}],"wp:featuredmedia":[{"embeddable":true,"href":"https:\/\/fedai.az\/index.php?rest_route=\/wp\/v2\/media\/42780"}],"wp:attachment":[{"href":"https:\/\/fedai.az\/index.php?rest_route=%2Fwp%2Fv2%2Fmedia&parent=42777"}],"wp:term":[{"taxonomy":"category","embeddable":true,"href":"https:\/\/fedai.az\/index.php?rest_route=%2Fwp%2Fv2%2Fcategories&post=42777"},{"taxonomy":"post_tag","embeddable":true,"href":"https:\/\/fedai.az\/index.php?rest_route=%2Fwp%2Fv2%2Ftags&post=42777"}],"curies":[{"name":"wp","href":"https:\/\/api.w.org\/{rel}","templated":true}]}}