{"id":42782,"date":"2021-07-14T02:07:46","date_gmt":"2021-07-13T22:07:46","guid":{"rendered":"https:\/\/fedai.az\/?p=42782"},"modified":"2021-07-14T02:07:49","modified_gmt":"2021-07-13T22:07:49","slug":"zelenski-putinin-m%c9%99qal%c9%99sin%c9%99-r%c9%99y-yazdi","status":"publish","type":"post","link":"https:\/\/fedai.az\/?p=42782","title":{"rendered":"Zelenski Putinin m\u0259qal\u0259sin\u0259 &#171;r\u0259y&#187; yazd\u0131&#8230;"},"content":{"rendered":"\n<p><strong>Vladimir Putinin \u201cRuslarla ukraynal\u0131lar\u0131n tarixi birliyi haqq\u0131nda\u201d adl\u0131 m\u0259qal\u0259 d\u0259rc etm\u0259si bar\u0259d\u0259 m\u0259lumat vermi\u015fdik. M\u0259qal\u0259d\u0259 qeyd edilirdi ki, 2014-c\u00fc ild\u0259 Q\u0259rbin Ukraynan\u0131n daxili i\u015fl\u0259rin\u0259 birba\u015fa m\u00fcdaxil\u0259sind\u0259n sonra Kiyevin siyas\u0259tini radikal mill\u0259t\u00e7il\u0259rin t\u0259cav\u00fczkar rusofobiyas\u0131 m\u00fc\u0259yy\u0259nl\u0259\u015fdirm\u0259y\u0259 ba\u015flay\u0131b.<\/strong><\/p>\n\n\n\n<p> Prezident xalqlar aras\u0131nda yaranan divar\u0131 b\u00f6y\u00fck f\u0259lak\u0259t adland\u0131r\u0131b v\u0259 Ukraynan\u0131n h\u0259qiqi suverenliyinin yaln\u0131z Rusiya il\u0259 t\u0259r\u0259fda\u015fl\u0131qda m\u00fcmk\u00fcn oldu\u011funu bildirib.Ukrayna Prezidenti Vladimir Zelenski bildirib ki, Kiyev r\u0259hb\u0259rliyi Vladimir Putinin m\u0259qal\u0259sini oxuyub cavabland\u0131rma\u011f\u0131 planla\u015fd\u0131r\u0131r.<\/p>\n\n\n\n<p> Zelenski m\u0259qal\u0259ni \u0259trafl\u0131 \u00f6yr\u0259nm\u0259k imkan\u0131n\u0131n olmad\u0131\u011f\u0131n\u0131, amma b\u0259zi m\u0259qamlarla tan\u0131\u015f oldu\u011funu v\u0259 h\u0259min m\u0259qamlar\u0131 Rusiya Prezidenti il\u0259 \u00fcz-\u00fcz\u0259 m\u00fczakir\u0259 etm\u0259k ist\u0259diyini qeyd ed\u0259r\u0259k deyib: \u201cOna g\u0259l\u0259c\u0259kd\u0259 dig\u0259r m\u0259qal\u0259sind\u0259 istifad\u0259 ed\u0259 bil\u0259c\u0259yi \u00e7oxlu materiallar t\u0259qdim ed\u0259 bil\u0259r\u0259m\u201d.<\/p>\n\n\n\n<p>Zelenski daha sonra rus-ukraynal\u0131 qarda\u015fl\u0131\u011f\u0131 bar\u0259d\u0259 Putinin fikirl\u0259rin\u0259 m\u00fcnasib\u0259t bildirib: \u201cN\u0259d\u0259ns\u0259 fa\u015fizm \u00fcz\u0259rind\u0259ki q\u0259l\u0259b\u0259 haqda dan\u0131\u015fanda, on minl\u0259rl\u0259 ukraynal\u0131n\u0131n h\u0259lak oldu\u011fu \u0130kinci D\u00fcnya M\u00fcharib\u0259si xat\u0131rlananda unuduluruq, amma di\u011f\u0259r m\u0259qamlarda yada d\u00fc\u015f\u00fcr\u00fck v\u0259 qarda\u015f xalq adland\u0131r\u0131l\u0131r\u0131q. M\u0259n\u0259 el\u0259 g\u0259lir ki, bu, daha \u00e7ox Qabill\u0259 Habilin qarda\u015fl\u0131\u011f\u0131n\u0131 xat\u0131rladan bir hekay\u0259dir\u201d.<\/p>\n\n\n\n<p>V. Zelenski V. Putinin m\u0259qal\u0259sini Ukrayna dilind\u0259 &#171;yazmas\u0131na&#187; da s\u00f6z at\u0131b: \u201cAdam\u0131n Ukrayna dilini bilm\u0259si \u00e7ox xo\u015fdur\u201d.<\/p>\n","protected":false},"excerpt":{"rendered":"<p>Vladimir Putinin \u201cRuslarla ukraynal\u0131lar\u0131n tarixi birliyi haqq\u0131nda\u201d adl\u0131 m\u0259qal\u0259 d\u0259rc etm\u0259si bar\u0259d\u0259 m\u0259lumat vermi\u015fdik. M\u0259qal\u0259d\u0259 qeyd edilirdi ki, 2014-c\u00fc ild\u0259 Q\u0259rbin Ukraynan\u0131n daxili i\u015fl\u0259rin\u0259<\/p>\n","protected":false},"author":2,"featured_media":42784,"comment_status":"closed","ping_status":"closed","sticky":false,"template":"","format":"standard","meta":{"footnotes":""},"categories":[1],"tags":[],"class_list":["post-42782","post","type-post","status-publish","format-standard","has-post-thumbnail","hentry","category-siyast"],"aioseo_notices":[],"_links":{"self":[{"href":"https:\/\/fedai.az\/index.php?rest_route=\/wp\/v2\/posts\/42782","targetHints":{"allow":["GET"]}}],"collection":[{"href":"https:\/\/fedai.az\/index.php?rest_route=\/wp\/v2\/posts"}],"about":[{"href":"https:\/\/fedai.az\/index.php?rest_route=\/wp\/v2\/types\/post"}],"author":[{"embeddable":true,"href":"https:\/\/fedai.az\/index.php?rest_route=\/wp\/v2\/users\/2"}],"replies":[{"embeddable":true,"href":"https:\/\/fedai.az\/index.php?rest_route=%2Fwp%2Fv2%2Fcomments&post=42782"}],"version-history":[{"count":1,"href":"https:\/\/fedai.az\/index.php?rest_route=\/wp\/v2\/posts\/42782\/revisions"}],"predecessor-version":[{"id":42785,"href":"https:\/\/fedai.az\/index.php?rest_route=\/wp\/v2\/posts\/42782\/revisions\/42785"}],"wp:featuredmedia":[{"embeddable":true,"href":"https:\/\/fedai.az\/index.php?rest_route=\/wp\/v2\/media\/42784"}],"wp:attachment":[{"href":"https:\/\/fedai.az\/index.php?rest_route=%2Fwp%2Fv2%2Fmedia&parent=42782"}],"wp:term":[{"taxonomy":"category","embeddable":true,"href":"https:\/\/fedai.az\/index.php?rest_route=%2Fwp%2Fv2%2Fcategories&post=42782"},{"taxonomy":"post_tag","embeddable":true,"href":"https:\/\/fedai.az\/index.php?rest_route=%2Fwp%2Fv2%2Ftags&post=42782"}],"curies":[{"name":"wp","href":"https:\/\/api.w.org\/{rel}","templated":true}]}}