{"id":43328,"date":"2021-07-19T14:36:08","date_gmt":"2021-07-19T10:36:08","guid":{"rendered":"https:\/\/fedai.az\/?p=43328"},"modified":"2021-07-19T19:56:38","modified_gmt":"2021-07-19T15:56:38","slug":"v%c9%99t%c9%99n-siz%c9%99-minn%c9%99tdardir-%c9%99ziz-s%c9%99hidl%c9%99rimiz","status":"publish","type":"post","link":"https:\/\/fedai.az\/?p=43328","title":{"rendered":"V\u0259t\u0259n siz\u0259 minn\u0259tdard\u0131r, \u0259ziz \u015f\u0259hidl\u0259rimiz"},"content":{"rendered":"\n<p><strong>A\u011fd\u0259r\u0259nin H\u0259s\u0259nriz (Aterk) k\u0259ndinin m\u00fcdafi\u0259si zaman\u0131 \u015f\u0259hid olmu\u015f h\u0259rb\u00e7il\u0259rimizin ild\u00f6n\u00fcm\u00fcd\u00fcr.<\/strong><\/p>\n\n\n\n<p><br><strong>A\u011fd\u0259r\u0259nin H\u0259s\u0259nriz (Aterk) k\u0259ndinin m\u00fcdafi\u0259si zaman\u0131 h\u0259rbi qulluq\u00e7ular\u0131m\u0131z\u0131n g\u00f6st\u0259rdiyi q\u0259hr\u0259manl\u0131qlar h\u0259rb tariximizin \u015fanl\u0131 s\u0259hif\u0259l\u0259rind\u0259ndir. Daxili Qo\u015funlar\u0131n G\u0259nc\u0259 \u015f\u0259h\u0259rind\u0259 yerl\u0259\u015f\u0259n \u201cN\u201d sayl\u0131 h\u0259rbi hiss\u0259sinin 38 n\u0259f\u0259r d\u00f6y\u00fc\u015f\u00e7\u00fcs\u00fc bu k\u0259ndin m\u00fcdafi\u0259si zaman\u0131 m\u00fchasir\u0259y\u0259 d\u00fc\u015fm\u0259sin\u0259 baxmayaraq, d\u00fc\u015fm\u0259n\u0259 t\u0259slim olmam\u0131\u015f, sonad\u0259k vuru\u015faraq \u015f\u0259hidlik zirv\u0259sin\u0259 y\u00fcks\u0259lmi\u015fl\u0259r.<\/strong><\/p>\n\n\n\n<p>Bak\u0131dak\u0131 \u015e\u0259hidl\u0259r Xiyabanda \u201cQarda\u015fl\u0131q m\u0259zar\u0131\u201dnda d\u0259fn edilmi\u015f v\u0259 38 n\u0259f\u0259r d\u00f6y\u00fc\u015f\u00e7\u00fcn\u00fcn \u015f\u0259r\u0259fin\u0259 ucald\u0131lan q\u0259bir\u00fcst\u00fc abid\u0259d\u0259 \u015f\u0259hid d\u00f6y\u00fc\u015f\u00e7\u00fcl\u0259rimizin adlar\u0131 qeyd olunmu\u015fdu. Yeni abid\u0259d\u0259 is\u0259 adlar yoxdur.<\/p>\n\n\n\n<p><strong>\u015e\u0259hid d\u00f6y\u00fc\u015f\u00e7\u00fcl\u0259rimiz haqq\u0131nda m\u0259lumatlar\u0131 h\u0259m\u00e7inin Az\u0259rbaycan Respublikas\u0131 S\u0259f\u0259rb\u0259rlik v\u0259 H\u0259rbi Xidm\u0259t\u0259 \u00c7a\u011f\u0131r\u0131\u015f \u00fczr\u0259 D\u00f6vl\u0259t Xidm\u0259tinin r\u0259smi internet sayt\u0131ndan \u0259ld\u0259 etm\u0259k olar.<\/strong><\/p>\n\n\n\n<figure class=\"wp-block-image size-large is-resized\"><img loading=\"lazy\" decoding=\"async\" src=\"https:\/\/fedai.az\/wp-content\/uploads\/2021\/07\/Az\u0259rbaycanin_Daxili_Qosunlarinin_h\u0259rbi_qulluqculari_Birinci_Qarabag_muharib\u0259si_zamani.jpg\" alt=\"\" class=\"wp-image-43329\" width=\"890\" height=\"646\" srcset=\"https:\/\/fedai.az\/wp-content\/uploads\/2021\/07\/Az\u0259rbaycanin_Daxili_Qosunlarinin_h\u0259rbi_qulluqculari_Birinci_Qarabag_muharib\u0259si_zamani.jpg 270w, https:\/\/fedai.az\/wp-content\/uploads\/2021\/07\/Az\u0259rbaycanin_Daxili_Qosunlarinin_h\u0259rbi_qulluqculari_Birinci_Qarabag_muharib\u0259si_zamani-150x109.jpg 150w\" sizes=\"auto, (max-width: 890px) 100vw, 890px\" \/><\/figure>\n\n\n\n<p><br>Xat\u0131rladaq ki, Birinci Qaraba\u011f m\u00fcharib\u0259sind\u0259 Daxili \u0130\u015fl\u0259r Nazirliyinin Daxili Qo\u015funlar\u0131n\u0131n \u015f\u0259xsi hey\u0259tind\u0259n 680 n\u0259f\u0259r \u015f\u0259hid olmu\u015fdur, 5 n\u0259f\u0259r itgin d\u00fc\u015fm\u00fc\u015fd\u00fcr, 1177 n\u0259f\u0259r is\u0259 yaralanm\u0131\u015fd\u0131r. 8-i \u00f6l\u00fcm\u00fcnd\u0259n sonra olmaqla 9 n\u0259f\u0259r Az\u0259rbaycan\u0131n Milli Q\u0259hr\u0259man\u0131 ad\u0131na layiq g\u00f6r\u00fclm\u00fc\u015fd\u00fcr.<\/p>\n\n\n\n<p><br>H\u0259rbi \u0259m\u0259liyyatlara Az\u0259rbaycan Silahl\u0131 Q\u00fcvv\u0259l\u0259rinin Quru Qo\u015funlar\u0131, H\u0259rbi Hava Q\u00fcvv\u0259l\u0259ri, H\u0259rbi D\u0259niz Q\u00fcvv\u0259l\u0259ri, D\u00f6vl\u0259t S\u0259rh\u0259d Xidm\u0259tinin S\u0259rh\u0259d Qo\u015funlar\u0131, o c\u00fcml\u0259d\u0259n Daxili \u0130\u015fl\u0259r Nazirliyinin Daxili Qo\u015funlar\u0131n\u0131n X\u00fcsusi T\u0259yinatl\u0131 D\u0259st\u0259l\u0259ri qat\u0131lm\u0131\u015fd\u0131r.<br>V\u0259t\u0259n m\u00fcharib\u0259sinin birinci saatlar\u0131nda Murovda\u011f istiqam\u0259tind\u0259 olan \u0259lveri\u015fli n\u00f6qt\u0259l\u0259r, o c\u00fcml\u0259d\u0259n Murov zirv\u0259si i\u015f\u011faldan azad edilmi\u015fdir. Murovda\u011f d\u00f6y\u00fc\u015fl\u0259ri zaman\u0131 &#171;P\u0259l\u0259ng&#187; v\u0259 &#171;\u015eahin&#187; X\u00fcsusi T\u0259yinatl\u0131 D\u0259st\u0259l\u0259ri sava\u015fm\u0131\u015fd\u0131r. \u015e\u0259xsi hey\u0259td\u0259n 7 h\u0259rbi qulluq\u00e7u Murovda\u011f d\u00f6y\u00fc\u015fl\u0259rind\u0259 \u015f\u0259hid olmu\u015fdur.<\/p>\n\n\n\n<p><br>M\u00fcharib\u0259nin birinci h\u0259ft\u0259l\u0259ri \u0259rzind\u0259 \u0259n \u015fidd\u0259tli d\u00f6y\u00fc\u015fl\u0259r C\u0259bray\u0131l v\u0259 F\u00fczuli istiqam\u0259tl\u0259rind\u0259 olmu\u015fdur. &#171;B\u0259bir&#187;, &#171;\u018fqr\u0259b&#187; v\u0259 &#171;Kobra&#187; X\u00fcsusi T\u0259yinatl\u0131 D\u0259st\u0259l\u0259ri h\u0259m C\u0259bray\u0131l, h\u0259m d\u0259 F\u00fczuli istiqam\u0259tl\u0259rind\u0259 ged\u0259n d\u00f6y\u00fc\u015fl\u0259rd\u0259, &#171;G\u00fcrz\u0259&#187; XTD yaln\u0131zca F\u00fczuli, &#171;P\u0259l\u0259ng&#187; XTD is\u0259 yaln\u0131zca C\u0259bray\u0131l istiqam\u0259tl\u0259rind\u0259 ged\u0259n d\u00f6y\u00fc\u015fl\u0259rd\u0259 sava\u015fm\u0131\u015fd\u0131r.<\/p>\n\n\n\n<p>C\u0259bray\u0131l\u0131n azadl\u0131\u011f\u0131 u\u011frunda ged\u0259n d\u00f6y\u00fc\u015fl\u0259r zaman\u0131 \u015f\u0259xsi hey\u0259tin 13 h\u0259rbi qulluq\u00e7usu, o c\u00fcml\u0259d\u0259n &#171;\u018fqr\u0259b&#187; X\u00fcsusi T\u0259yinatl\u0131 D\u0259st\u0259sinin Qrup Komandiri T\u00fcray H\u00fcseynli \u015f\u0259hid olmu\u015fdur. C\u0259bray\u0131l \u015f\u0259h\u0259rinin i\u015f\u011faldan azad edilm\u0259si \u0259m\u0259liyyat\u0131n\u0131n r\u0259hb\u0259rl\u0259rind\u0259n olan &#171;\u018fqr\u0259b&#187; XTD Komandiri, mayor \u018fl\u0259sg\u0259r Muxtarov Az\u0259rbaycan Prezidenti \u0130lham \u018fliyevin S\u0259r\u0259ncam\u0131na \u0259sas\u0259n &#171;Qaraba\u011f&#187; ordeni il\u0259 t\u0259ltif edilmi\u015fdir.<\/p>\n\n\n\n<figure class=\"wp-block-image size-large\"><img loading=\"lazy\" decoding=\"async\" width=\"1024\" height=\"1024\" src=\"https:\/\/fedai.az\/wp-content\/uploads\/2021\/07\/1200px-Azerbaijani_Internal_Troops_emblem.svg_-1024x1024.png\" alt=\"\" class=\"wp-image-43331\" srcset=\"https:\/\/fedai.az\/wp-content\/uploads\/2021\/07\/1200px-Azerbaijani_Internal_Troops_emblem.svg_-1024x1024.png 1024w, https:\/\/fedai.az\/wp-content\/uploads\/2021\/07\/1200px-Azerbaijani_Internal_Troops_emblem.svg_-300x300.png 300w, https:\/\/fedai.az\/wp-content\/uploads\/2021\/07\/1200px-Azerbaijani_Internal_Troops_emblem.svg_-150x150.png 150w, https:\/\/fedai.az\/wp-content\/uploads\/2021\/07\/1200px-Azerbaijani_Internal_Troops_emblem.svg_-768x768.png 768w, https:\/\/fedai.az\/wp-content\/uploads\/2021\/07\/1200px-Azerbaijani_Internal_Troops_emblem.svg_-215x215.png 215w, https:\/\/fedai.az\/wp-content\/uploads\/2021\/07\/1200px-Azerbaijani_Internal_Troops_emblem.svg_.png 1200w\" sizes=\"auto, (max-width: 1024px) 100vw, 1024px\" \/><\/figure>\n\n\n\n<p><br>44 g\u00fcnl\u00fck V\u0259t\u0259n m\u00fcharib\u0259si zaman\u0131 da Daxili Qo\u015funlar \u00f6nd\u0259 yer ald\u0131. \u018fn \u015fidd\u0259tli d\u00f6y\u00fc\u015fl\u0259rin oldu\u011fu F\u00fczuli istiqam\u0259tind\u0259 Daxili Qo\u015funlar\u0131n &#171;B\u0259bir&#187;, &#171;\u018fqr\u0259b&#187;, &#171;G\u00fcrz\u0259&#187; v\u0259 &#171;Kobra&#187; X\u00fcsusi T\u0259yinatl\u0131 D\u0259st\u0259l\u0259ri sava\u015fm\u0131\u015fd\u0131r. F\u00fczulinin azadl\u0131\u011f\u0131 u\u011frunda ged\u0259n d\u00f6y\u00fc\u015fl\u0259r zaman\u0131 \u015f\u0259xsi hey\u0259tin 13 h\u0259rbi qulluq\u00e7usu, o c\u00fcml\u0259d\u0259n &#171;B\u0259bir&#187; X\u00fcsusi T\u0259yinatl\u0131 D\u0259st\u0259sinin Komandiri, mayor \u015eixamir Qaflanov \u015f\u0259hid olmu\u015fdur. O, \u00f6l\u00fcm\u00fcnd\u0259n sonra Az\u0259rbaycan Prezidenti \u0130lham \u018fliyevin S\u0259r\u0259ncam\u0131na \u0259sas\u0259n V\u0259t\u0259n M\u00fcharib\u0259si Q\u0259hr\u0259man\u0131 ad\u0131 il\u0259 t\u0259ltif edilmi\u015fdir. H\u0259m\u00e7inin F\u00fczuli \u015f\u0259h\u0259rinin i\u015f\u011faldan azad edilm\u0259sind\u0259 xidm\u0259tl\u0259rin\u0259 g\u00f6r\u0259 &#171;G\u00fcrz\u0259&#187; X\u00fcsusi T\u0259yinatl\u0131 D\u0259st\u0259sinin Komandiri Cavid Ta\u011f\u0131yev Az\u0259rbaycan Prezidenti \u0130lham \u018fliyevin S\u0259r\u0259ncam\u0131na \u0259sas\u0259n &#171;Qaraba\u011f&#187; ordeni il\u0259 t\u0259ltif edilmi\u015fdir.<\/p>\n\n\n\n<p><br><strong>Allah \u015f\u0259hidl\u0259rimiz\u0259 r\u0259hm\u0259t el\u0259sin!<\/strong><\/p>\n\n\n\n<p><strong>D\u0259rin h\u00f6rm\u0259tl\u0259, Az\u0259rbaycan V\u0259t\u0259n M\u00fcharib\u0259si Veteranlar \u0130ctimai Birliyi s\u0259drinin m\u00fcavini, polkovnik Salman Musayev<\/strong><\/p>\n","protected":false},"excerpt":{"rendered":"<p>A\u011fd\u0259r\u0259nin H\u0259s\u0259nriz (Aterk) k\u0259ndinin m\u00fcdafi\u0259si zaman\u0131 \u015f\u0259hid olmu\u015f h\u0259rb\u00e7il\u0259rimizin ild\u00f6n\u00fcm\u00fcd\u00fcr. A\u011fd\u0259r\u0259nin H\u0259s\u0259nriz (Aterk) k\u0259ndinin m\u00fcdafi\u0259si zaman\u0131 h\u0259rbi qulluq\u00e7ular\u0131m\u0131z\u0131n g\u00f6st\u0259rdiyi q\u0259hr\u0259manl\u0131qlar h\u0259rb tariximizin \u015fanl\u0131 s\u0259hif\u0259l\u0259rind\u0259ndir.<\/p>\n","protected":false},"author":2,"featured_media":43330,"comment_status":"closed","ping_status":"closed","sticky":false,"template":"","format":"standard","meta":{"footnotes":""},"categories":[4],"tags":[],"class_list":["post-43328","post","type-post","status-publish","format-standard","has-post-thumbnail","hentry","category-qarabag"],"aioseo_notices":[],"_links":{"self":[{"href":"https:\/\/fedai.az\/index.php?rest_route=\/wp\/v2\/posts\/43328","targetHints":{"allow":["GET"]}}],"collection":[{"href":"https:\/\/fedai.az\/index.php?rest_route=\/wp\/v2\/posts"}],"about":[{"href":"https:\/\/fedai.az\/index.php?rest_route=\/wp\/v2\/types\/post"}],"author":[{"embeddable":true,"href":"https:\/\/fedai.az\/index.php?rest_route=\/wp\/v2\/users\/2"}],"replies":[{"embeddable":true,"href":"https:\/\/fedai.az\/index.php?rest_route=%2Fwp%2Fv2%2Fcomments&post=43328"}],"version-history":[{"count":3,"href":"https:\/\/fedai.az\/index.php?rest_route=\/wp\/v2\/posts\/43328\/revisions"}],"predecessor-version":[{"id":43341,"href":"https:\/\/fedai.az\/index.php?rest_route=\/wp\/v2\/posts\/43328\/revisions\/43341"}],"wp:featuredmedia":[{"embeddable":true,"href":"https:\/\/fedai.az\/index.php?rest_route=\/wp\/v2\/media\/43330"}],"wp:attachment":[{"href":"https:\/\/fedai.az\/index.php?rest_route=%2Fwp%2Fv2%2Fmedia&parent=43328"}],"wp:term":[{"taxonomy":"category","embeddable":true,"href":"https:\/\/fedai.az\/index.php?rest_route=%2Fwp%2Fv2%2Fcategories&post=43328"},{"taxonomy":"post_tag","embeddable":true,"href":"https:\/\/fedai.az\/index.php?rest_route=%2Fwp%2Fv2%2Ftags&post=43328"}],"curies":[{"name":"wp","href":"https:\/\/api.w.org\/{rel}","templated":true}]}}