{"id":43334,"date":"2021-07-19T16:42:54","date_gmt":"2021-07-19T12:42:54","guid":{"rendered":"https:\/\/fedai.az\/?p=43334"},"modified":"2021-07-19T18:01:47","modified_gmt":"2021-07-19T14:01:47","slug":"peskov-az%c9%99rbaycan-prezidenti-ilham-%c9%99liyevin-rusiyaya-s%c9%99f%c9%99r-ed%c9%99c%c9%99yini-deyib","status":"publish","type":"post","link":"https:\/\/fedai.az\/?p=43334","title":{"rendered":"Peskov Az\u0259rbaycan Prezidenti \u0130lham \u018fliyevin Rusiyaya s\u0259f\u0259r ed\u0259c\u0259yini deyib"},"content":{"rendered":"\n<p><strong>Kreml Az\u0259rbaycan Prezidenti \u0130lham \u018fliyevin Rusiyaya s\u0259f\u0259rinin haz\u0131rl\u0131qlar\u0131n\u0131 t\u0259sdiql\u0259yir.<\/strong><\/p>\n\n\n\n<p>Bunu jurnalistl\u0259r\u0259 Rusiya Prezidentinin m\u0259tbuat katibi Dmitri Peskov deyib.<\/p>\n\n\n\n<p>Jurnalistl\u0259rin Az\u0259rbaycan v\u0259 Rusiya Prezidentl\u0259ri \u0130lham \u018fliyevl\u0259&nbsp;Vladimir Putin&nbsp;aras\u0131nda g\u00f6r\u00fc\u015f\u00fcn olub-olmayaca\u011f\u0131 sual\u0131na Peskov <strong>\u201cB\u0259li, bel\u0259 bir i\u015fg\u00fczar s\u0259f\u0259rin haz\u0131rl\u0131qlar\u0131 gedir\u201d,<\/strong> \u2013 dey\u0259 cavab verib.<\/p>\n\n\n\n<p>Onun s\u00f6zl\u0259rin\u0259 g\u00f6r\u0259, s\u0259f\u0259r \u00e7\u0259r\u00e7iv\u0259sind\u0259 h\u0259r hans\u0131 bir s\u0259n\u0259din imzalanaca\u011f\u0131 g\u00f6zl\u0259nilmir.<\/p>\n\n\n\n<p>S\u0259f\u0259rin iyulun 20-d\u0259 ba\u015f tutaca\u011f\u0131 bildirilir.<\/p>\n\n\n\n<p>S\u0259f\u0259rl\u0259 ba\u011fl\u0131 Az\u0259rbaycan t\u0259r\u0259find\u0259n he\u00e7 bir a\u00e7\u0131qlama verilm\u0259yib.<\/p>\n","protected":false},"excerpt":{"rendered":"<p>Kreml Az\u0259rbaycan Prezidenti \u0130lham \u018fliyevin Rusiyaya s\u0259f\u0259rinin haz\u0131rl\u0131qlar\u0131n\u0131 t\u0259sdiql\u0259yir. Bunu jurnalistl\u0259r\u0259 Rusiya Prezidentinin m\u0259tbuat katibi Dmitri Peskov deyib. Jurnalistl\u0259rin Az\u0259rbaycan v\u0259 Rusiya Prezidentl\u0259ri \u0130lham<\/p>\n","protected":false},"author":2,"featured_media":43335,"comment_status":"closed","ping_status":"closed","sticky":false,"template":"","format":"standard","meta":{"footnotes":""},"categories":[3],"tags":[],"class_list":["post-43334","post","type-post","status-publish","format-standard","has-post-thumbnail","hentry","category-gundm"],"aioseo_notices":[],"_links":{"self":[{"href":"https:\/\/fedai.az\/index.php?rest_route=\/wp\/v2\/posts\/43334","targetHints":{"allow":["GET"]}}],"collection":[{"href":"https:\/\/fedai.az\/index.php?rest_route=\/wp\/v2\/posts"}],"about":[{"href":"https:\/\/fedai.az\/index.php?rest_route=\/wp\/v2\/types\/post"}],"author":[{"embeddable":true,"href":"https:\/\/fedai.az\/index.php?rest_route=\/wp\/v2\/users\/2"}],"replies":[{"embeddable":true,"href":"https:\/\/fedai.az\/index.php?rest_route=%2Fwp%2Fv2%2Fcomments&post=43334"}],"version-history":[{"count":2,"href":"https:\/\/fedai.az\/index.php?rest_route=\/wp\/v2\/posts\/43334\/revisions"}],"predecessor-version":[{"id":43337,"href":"https:\/\/fedai.az\/index.php?rest_route=\/wp\/v2\/posts\/43334\/revisions\/43337"}],"wp:featuredmedia":[{"embeddable":true,"href":"https:\/\/fedai.az\/index.php?rest_route=\/wp\/v2\/media\/43335"}],"wp:attachment":[{"href":"https:\/\/fedai.az\/index.php?rest_route=%2Fwp%2Fv2%2Fmedia&parent=43334"}],"wp:term":[{"taxonomy":"category","embeddable":true,"href":"https:\/\/fedai.az\/index.php?rest_route=%2Fwp%2Fv2%2Fcategories&post=43334"},{"taxonomy":"post_tag","embeddable":true,"href":"https:\/\/fedai.az\/index.php?rest_route=%2Fwp%2Fv2%2Ftags&post=43334"}],"curies":[{"name":"wp","href":"https:\/\/api.w.org\/{rel}","templated":true}]}}