{"id":43343,"date":"2021-07-20T00:10:32","date_gmt":"2021-07-19T20:10:32","guid":{"rendered":"https:\/\/fedai.az\/?p=43343"},"modified":"2021-07-20T00:10:37","modified_gmt":"2021-07-19T20:10:37","slug":"putinl%c9%99-ilham-%c9%99liyevin-gorusu-zamani-muzakir%c9%99-edil%c9%99c%c9%99k-%c9%99sas-movzular-aciqlanib","status":"publish","type":"post","link":"https:\/\/fedai.az\/?p=43343","title":{"rendered":"Putinl\u0259 \u0130lham \u018fliyevin g\u00f6r\u00fc\u015f\u00fc zaman\u0131 m\u00fczakir\u0259 edil\u0259c\u0259k \u0259sas m\u00f6vzular a\u00e7\u0131qlan\u0131b"},"content":{"rendered":"\n<p><strong>20 iyul Moskvada Rusiya Prezidenti Vladimir Putinl\u0259 Az\u0259rbaycan Respublikas\u0131n\u0131n Prezidenti \u0130lham \u018fliyevin g\u00f6r\u00fc\u015f\u00fc zaman\u0131 m\u00fczakir\u0259 edil\u0259c\u0259k \u0259sas m\u00f6vzular a\u00e7\u0131qlan\u0131b.<\/strong><br><br>Kremlin bu g\u00f6r\u00fc\u015f bar\u0259d\u0259 r\u0259smi m\u0259lumat yay\u0131b.<br><br>M\u0259lumata g\u00f6r\u0259, g\u00f6r\u00fc\u015fd\u0259 diqq\u0259t Rusiya-Az\u0259rbaycan m\u00fcnasib\u0259tl\u0259rind\u0259ki strateji \u0259m\u0259kda\u015fl\u0131\u011f\u0131n \u0259sas istiqam\u0259tl\u0259ri kimi ticar\u0259t-investisiya v\u0259 humanitar \u0259m\u0259kda\u015fl\u0131q istiqam\u0259tind\u0259 m\u00fczakir\u0259l\u0259rin apar\u0131lmas\u0131na y\u00f6n\u0259l\u0259c\u0259k.<br><br>G\u00f6r\u00fc\u015f \u00e7\u0259r\u00e7iv\u0259sind\u0259 aktual regional probleml\u0259r bar\u0259d\u0259 fikir m\u00fcbadil\u0259si apar\u0131lacaq.<br>\u00a0<br><strong>Rusiya, Az\u0259rbaycan v\u0259 Erm\u0259nistan liderl\u0259rinin Qaraba\u011fla ba\u011fl\u0131 doqquz noyabr 2020-ci il v\u0259 11 yanvar 2021-ci il tarixli raz\u0131la\u015fman\u0131n icras\u0131 da \u0259sas m\u00fczakir\u0259 m\u00f6zular\u0131ndan olacaq.<\/strong><\/p>\n","protected":false},"excerpt":{"rendered":"<p>20 iyul Moskvada Rusiya Prezidenti Vladimir Putinl\u0259 Az\u0259rbaycan Respublikas\u0131n\u0131n Prezidenti \u0130lham \u018fliyevin g\u00f6r\u00fc\u015f\u00fc zaman\u0131 m\u00fczakir\u0259 edil\u0259c\u0259k \u0259sas m\u00f6vzular a\u00e7\u0131qlan\u0131b. Kremlin bu g\u00f6r\u00fc\u015f bar\u0259d\u0259 r\u0259smi<\/p>\n","protected":false},"author":2,"featured_media":43345,"comment_status":"closed","ping_status":"closed","sticky":false,"template":"","format":"standard","meta":{"footnotes":""},"categories":[1],"tags":[],"class_list":["post-43343","post","type-post","status-publish","format-standard","has-post-thumbnail","hentry","category-siyast"],"aioseo_notices":[],"_links":{"self":[{"href":"https:\/\/fedai.az\/index.php?rest_route=\/wp\/v2\/posts\/43343","targetHints":{"allow":["GET"]}}],"collection":[{"href":"https:\/\/fedai.az\/index.php?rest_route=\/wp\/v2\/posts"}],"about":[{"href":"https:\/\/fedai.az\/index.php?rest_route=\/wp\/v2\/types\/post"}],"author":[{"embeddable":true,"href":"https:\/\/fedai.az\/index.php?rest_route=\/wp\/v2\/users\/2"}],"replies":[{"embeddable":true,"href":"https:\/\/fedai.az\/index.php?rest_route=%2Fwp%2Fv2%2Fcomments&post=43343"}],"version-history":[{"count":1,"href":"https:\/\/fedai.az\/index.php?rest_route=\/wp\/v2\/posts\/43343\/revisions"}],"predecessor-version":[{"id":43346,"href":"https:\/\/fedai.az\/index.php?rest_route=\/wp\/v2\/posts\/43343\/revisions\/43346"}],"wp:featuredmedia":[{"embeddable":true,"href":"https:\/\/fedai.az\/index.php?rest_route=\/wp\/v2\/media\/43345"}],"wp:attachment":[{"href":"https:\/\/fedai.az\/index.php?rest_route=%2Fwp%2Fv2%2Fmedia&parent=43343"}],"wp:term":[{"taxonomy":"category","embeddable":true,"href":"https:\/\/fedai.az\/index.php?rest_route=%2Fwp%2Fv2%2Fcategories&post=43343"},{"taxonomy":"post_tag","embeddable":true,"href":"https:\/\/fedai.az\/index.php?rest_route=%2Fwp%2Fv2%2Ftags&post=43343"}],"curies":[{"name":"wp","href":"https:\/\/api.w.org\/{rel}","templated":true}]}}