{"id":43364,"date":"2021-07-20T01:08:04","date_gmt":"2021-07-19T21:08:04","guid":{"rendered":"https:\/\/fedai.az\/?p=43364"},"modified":"2021-07-20T01:08:10","modified_gmt":"2021-07-19T21:08:10","slug":"%c9%99rdogan-kiprd%c9%99-hansi-mujd%c9%99l%c9%99ri-ver%c9%99c%c9%99k","status":"publish","type":"post","link":"https:\/\/fedai.az\/?p=43364","title":{"rendered":"\u018frdo\u011fan Kiprd\u0259 hans\u0131 m\u00fcjd\u0259l\u0259ri ver\u0259c\u0259k?"},"content":{"rendered":"\n<p><strong>T\u00fcrkiy\u0259 Prezidenti R\u0259c\u0259b Tayyib \u018frdo\u011fan\u0131n \u015eimali Kipr s\u0259f\u0259ri \u00f6nc\u0259si ardarda verdiyi a\u00e7\u0131qlamalar g\u00fcnd\u0259m yarad\u0131b v\u0259 says\u0131z-hesabs\u0131z ehtimallar\u0131n \u00fcz\u0259 \u00e7\u0131xmas\u0131na s\u0259b\u0259b olub.<\/strong><\/p>\n\n\n\n<p>\u00d6t\u0259n g\u00fcn R\u0259c\u0259b Tayyib \u018frdo\u011fan\u0131n Kiprd\u0259 &#171;iki m\u00fcjd\u0259 ver\u0259c\u0259yi&#187; bildirilirdis\u0259, Yunan\u0131stan\u0131n \u201cEthnos\u201d jurnal\u0131nda d\u0259rc olunan m\u0259qal\u0259 \u201c\u018frdo\u011fan\u0131n Kiprd\u0259 elan ed\u0259c\u0259yi 5 yax\u015f\u0131 x\u0259b\u0259r&#187; ba\u015fl\u0131\u011f\u0131 il\u0259 yay\u0131mlan\u0131b.<\/p>\n\n\n\n<p><strong>M\u0259qal\u0259d\u0259 ehtimallar bel\u0259 s\u0131ralan\u0131b:<\/strong><\/p>\n\n\n\n<p><strong>1. Prezident \u018frdo\u011fan Az\u0259rbaycan\u0131n \u015eimali Kiprl\u0259 diplomatik \u0259laq\u0259l\u0259r\u0259 ba\u015flamaq q\u0259rar\u0131n\u0131 elan ed\u0259c\u0259k;<\/strong><\/p>\n\n\n\n<p><strong>2. \u018frdo\u011fan s\u0259f\u0259ri zaman\u0131 yenid\u0259n Qapal\u0131 Mara\u015f\u0131 ziyar\u0259t ed\u0259c\u0259k. Yunanlar\u0131n Mara\u015fdak\u0131 evl\u0259ri il\u0259 \u0259laq\u0259dar Da\u015f\u0131nmaz \u018fmlak Komissiyas\u0131na m\u00fcraci\u0259t etm\u0259l\u0259ri \u00fc\u00e7\u00fcn add\u0131m at\u0131lacaq v\u0259 b\u00f6lg\u0259d\u0259 bu istiqam\u0259td\u0259 yeni t\u0259\u015f\u0259bb\u00fcsl\u0259r meydana g\u0259l\u0259c\u0259k;<\/strong><\/p>\n\n\n\n<p><strong>3. Prezident \u018frdo\u011fan\u0131n Famaqusta yax\u0131nl\u0131\u011f\u0131nda yeni bir d\u0259niz bazas\u0131n\u0131n in\u015fas\u0131 il\u0259 ba\u011fl\u0131 x\u0259b\u0259r ver\u0259c\u0259k;<\/strong><\/p>\n\n\n\n<p><strong>4. Ke\u00e7idqaladak\u0131 daimi h\u0259rbi bazada PUA \u00fc\u00e7\u00fcn baza yarad\u0131lacaq;<\/strong><\/p>\n\n\n\n<p><strong>5. \u018frdo\u011fan Kipr yax\u0131nl\u0131\u011f\u0131nda qaz yata\u011f\u0131 k\u0259\u015ff edildiyini elan ed\u0259c\u0259k. \u00c7\u00fcnki t\u00fcrk qazma v\u0259 t\u0259dqiqat g\u0259mil\u0259ri ke\u00e7\u0259n il Kipr sahill\u0259rind\u0259 bir s\u0131ra qazma v\u0259 seysmik t\u0259dqiqatlar h\u0259yata ke\u00e7irib.<\/strong><\/p>\n\n\n\n<p>Bu ehtimallar yunanlar\u0131 ciddi narahat etm\u0259kd\u0259dir.<\/p>\n\n\n\n<p>M\u0259nb\u0259: Eurasia Diary<\/p>\n","protected":false},"excerpt":{"rendered":"<p>T\u00fcrkiy\u0259 Prezidenti R\u0259c\u0259b Tayyib \u018frdo\u011fan\u0131n \u015eimali Kipr s\u0259f\u0259ri \u00f6nc\u0259si ardarda verdiyi a\u00e7\u0131qlamalar g\u00fcnd\u0259m yarad\u0131b v\u0259 says\u0131z-hesabs\u0131z ehtimallar\u0131n \u00fcz\u0259 \u00e7\u0131xmas\u0131na s\u0259b\u0259b olub. \u00d6t\u0259n g\u00fcn R\u0259c\u0259b<\/p>\n","protected":false},"author":2,"featured_media":43365,"comment_status":"closed","ping_status":"closed","sticky":false,"template":"","format":"standard","meta":{"footnotes":""},"categories":[3],"tags":[],"class_list":["post-43364","post","type-post","status-publish","format-standard","has-post-thumbnail","hentry","category-gundm"],"aioseo_notices":[],"_links":{"self":[{"href":"https:\/\/fedai.az\/index.php?rest_route=\/wp\/v2\/posts\/43364","targetHints":{"allow":["GET"]}}],"collection":[{"href":"https:\/\/fedai.az\/index.php?rest_route=\/wp\/v2\/posts"}],"about":[{"href":"https:\/\/fedai.az\/index.php?rest_route=\/wp\/v2\/types\/post"}],"author":[{"embeddable":true,"href":"https:\/\/fedai.az\/index.php?rest_route=\/wp\/v2\/users\/2"}],"replies":[{"embeddable":true,"href":"https:\/\/fedai.az\/index.php?rest_route=%2Fwp%2Fv2%2Fcomments&post=43364"}],"version-history":[{"count":1,"href":"https:\/\/fedai.az\/index.php?rest_route=\/wp\/v2\/posts\/43364\/revisions"}],"predecessor-version":[{"id":43366,"href":"https:\/\/fedai.az\/index.php?rest_route=\/wp\/v2\/posts\/43364\/revisions\/43366"}],"wp:featuredmedia":[{"embeddable":true,"href":"https:\/\/fedai.az\/index.php?rest_route=\/wp\/v2\/media\/43365"}],"wp:attachment":[{"href":"https:\/\/fedai.az\/index.php?rest_route=%2Fwp%2Fv2%2Fmedia&parent=43364"}],"wp:term":[{"taxonomy":"category","embeddable":true,"href":"https:\/\/fedai.az\/index.php?rest_route=%2Fwp%2Fv2%2Fcategories&post=43364"},{"taxonomy":"post_tag","embeddable":true,"href":"https:\/\/fedai.az\/index.php?rest_route=%2Fwp%2Fv2%2Ftags&post=43364"}],"curies":[{"name":"wp","href":"https:\/\/api.w.org\/{rel}","templated":true}]}}