{"id":43648,"date":"2021-07-22T16:32:44","date_gmt":"2021-07-22T12:32:44","guid":{"rendered":"https:\/\/fedai.az\/?p=43648"},"modified":"2021-07-22T16:34:52","modified_gmt":"2021-07-22T12:34:52","slug":"avropa-ittifaqi-s%c9%99rh%c9%99dl%c9%99rin-delimitasiyasina-kom%c9%99klik-gost%c9%99rm%c9%99y%c9%99-hazirdir","status":"publish","type":"post","link":"https:\/\/fedai.az\/?p=43648","title":{"rendered":"Avropa \u0130ttifaq\u0131 s\u0259rh\u0259dl\u0259rin delimitasiyas\u0131na k\u00f6m\u0259klik g\u00f6st\u0259rm\u0259y\u0259 haz\u0131rd\u0131r"},"content":{"rendered":"\n<div class=\"wp-block-media-text alignwide is-stacked-on-mobile\"><figure class=\"wp-block-media-text__media\"><img loading=\"lazy\" decoding=\"async\" width=\"521\" height=\"603\" src=\"https:\/\/fedai.az\/wp-content\/uploads\/2021\/07\/xxcf.jpg\" alt=\"\" class=\"wp-image-43649 size-full\" srcset=\"https:\/\/fedai.az\/wp-content\/uploads\/2021\/07\/xxcf.jpg 521w, https:\/\/fedai.az\/wp-content\/uploads\/2021\/07\/xxcf-259x300.jpg 259w, https:\/\/fedai.az\/wp-content\/uploads\/2021\/07\/xxcf-130x150.jpg 130w\" sizes=\"auto, (max-width: 521px) 100vw, 521px\" \/><\/figure><div class=\"wp-block-media-text__content\">\n<p class=\"has-large-font-size\"><strong><span class=\"has-inline-color has-vivid-cyan-blue-color\">M\u00fc\u015ffiq \u018fliyev<\/span><\/strong><\/p>\n\n\n\n<p><strong><em><span class=\"has-inline-color has-vivid-cyan-blue-color\">Az\u0259rbaycan Respublikas\u0131 \u015e\u0259hid Ail\u0259l\u0259rin\u0259 \u201cQay\u011f\u0131\u201d C\u0259miyy\u0259tinin s\u0259dri, Az\u0259rbaycan V\u0259t\u0259n M\u00fcharib\u0259si Veteranlar\u0131 \u0130ctimai Birliyi s\u0259drinin humanitar m\u0259s\u0259l\u0259l\u0259r \u00fczr\u0259 s\u0259lahiyy\u0259tli n\u00fcmay\u0259nd\u0259si<\/span><\/em><\/strong><\/p>\n\n\n\n<p><strong>BAKI \u015e\u018fH\u018fR\u0130, X\u018fZ\u018fR RAYON SAK\u0130N\u0130<\/strong><\/p>\n<\/div><\/div>\n\n\n\n<p><strong>H\u0259r k\u0259s\u0259 m\u0259lumdur ki, Avropa \u0130ttifaq\u0131 bizim \u00fc\u00e7\u00fcn yax\u0131n t\u0259r\u0259fda\u015fd\u0131r. Avropa \u0130ttifaq\u0131 \u015euras\u0131n\u0131n Prezidenti \u015earl Mi\u015felin Az\u0259rbaycana s\u0259f\u0259ri t\u0259r\u0259fda\u015fl\u0131\u011f\u0131m\u0131z\u0131n g\u00f6st\u0259rcisidir. \u018fm\u0259kda\u015fl\u0131q \u00e7\u0259r\u00e7iv\u0259sind\u0259 uzun ill\u0259rdir m\u00fcxt\u0259lif sah\u0259l\u0259rd\u0259 birg\u0259 i\u015fl\u0259r g\u00f6r\u00fcl\u00fcr. Eyni zamanda, \u0259m\u0259kda\u015fl\u0131\u011f\u0131n \u015fax\u0259l\u0259ndirilm\u0259si \u00fc\u00e7\u00fcn \u00e7ox yax\u015f\u0131 \u0259saslar m\u00f6vcuddur. <\/strong><\/p>\n\n\n\n<p>\u015earl Mi\u015felin Qafqaz\u0131n 3 \u00f6lk\u0259sin\u0259 s\u0259f\u0259ri Avropan\u0131n i\u015ftirak\u0131n\u0131, Avropa g\u00fcnd\u0259liyini n\u00fcmayi\u015f etdirir v\u0259 bu, \u00f6lk\u0259mizin g\u00fcnd\u0259liyin\u0259 tam uy\u011fundur. Avropa \u0130ttifaq\u0131 \u00f6lk\u0259mizin \u0259sas ticar\u0259t t\u0259r\u0259fda\u015f\u0131d\u0131r. Ticar\u0259timizin 40 faizi Avropa \u0130ttifaq\u0131 il\u0259 apar\u0131l\u0131r. \u00d6t\u0259nilki ticar\u0259t d\u00f6vriyy\u0259si 9,5 milyard AB\u015e dollar\u0131 idi. Az\u0259rbaycan\u0131n Avropa \u0130ttifaq\u0131na \u00fczv d\u00f6vl\u0259tl\u0259rl\u0259 ixrac\u0131n\u0131n h\u0259cmi 6,8 milyard AB\u015e dollar\u0131 t\u0259\u015fkil edir. \u00dczv d\u00f6vl\u0259tl\u0259rd\u0259n 1700-d\u0259n \u00e7ox \u015firk\u0259t Az\u0259rbaycanda f\u0259aliyy\u0259t g\u00f6st\u0259rir. Bu, h\u0259m\u00e7inin bizim iqtisadi f\u0259aliyy\u0259timizin miqyas\u0131n\u0131 n\u00fcmayi\u015f etdirir. Az\u0259rbaycan \u00fczv d\u00f6vl\u0259tl\u0259rl\u0259 ikit\u0259r\u0259fli \u0259laq\u0259l\u0259rd\u0259 \u00e7ox f\u0259ald\u0131r. Az\u0259rbaycan Avropa \u0130ttifaq\u0131n\u0131n 9 \u00fczv d\u00f6vl\u0259ti il\u0259 strateji t\u0259r\u0259fda\u015fl\u0131q haqq\u0131nda s\u0259n\u0259dl\u0259r imzalay\u0131b v\u0259 ya q\u0259bul edib.<\/p>\n\n\n\n<p> Bel\u0259likl\u0259, Avropa \u0130ttifaq\u0131na \u00fczv d\u00f6vl\u0259tl\u0259rin \u00fc\u00e7d\u0259biri Az\u0259rbaycan\u0131 strateji t\u0259r\u0259fda\u015f hesab edir. Enerji t\u0259hl\u00fck\u0259sizliyinin t\u0259min olunmas\u0131 \u0259m\u0259kda\u015fl\u0131\u011f\u0131n \u0259sas istiqam\u0259tl\u0259rind\u0259n biridir. Enerji t\u0259hl\u00fck\u0259sizliyinin t\u0259min olunmas\u0131nda tarixi nailiyy\u0259tl\u0259r \u0259ld\u0259 olunub. Burada x\u00fcsusil\u0259 C\u0259nub Qaz D\u0259hlizi layih\u0259sinin tamamlanmas\u0131 qeyd olunmal\u0131d\u0131r. \u00d6t\u0259n ilin sonuncu g\u00fcn\u00fcnd\u0259 h\u0259qiq\u0259t\u0259n d\u0259 tarixi \u0259h\u0259miyy\u0259t k\u0259sb ed\u0259n hadis\u0259 ba\u015f verdi. C\u0259nub Qaz D\u0259hlizinin sonuncu \u2013 d\u00f6rd\u00fcnc\u00fc seqmenti olan Trans-Adriatik k\u0259m\u0259ri art\u0131q istismara verilib. Yanvar\u0131n 1-d\u0259n bu g\u00fcn\u0259d\u0259k Az\u0259rbaycandan Avropa \u0130ttifaq\u0131na \u00fczv d\u00f6vl\u0259tl\u0259r\u0259, x\u00fcsusil\u0259 \u0130taliya, Yunan\u0131stan v\u0259 Bolqar\u0131stana 3 milyard kubmetrd\u0259n \u00e7ox t\u0259bii qaz ixrac olunub. \u018flb\u0259tt\u0259 ki, Avropa bazar\u0131na ixrac olunacaq t\u0259bii qaz\u0131n h\u0259cmi artacaq. Az\u0259rbaycan Avropa \u0130ttifaq\u0131 il\u0259 birlikd\u0259 uzun ill\u0259rdir C\u0259nub Qaz D\u0259hlizi M\u0259\u015fv\u0259r\u0259t \u015euras\u0131na s\u0259drlik edir. Avropa \u0130ttifaq\u0131 v\u0259 Az\u0259rbaycan\u0131n r\u0259hb\u0259rliyi alt\u0131nda M\u0259\u015fv\u0259r\u0259t \u015euras\u0131 bu layih\u0259nin u\u011furla h\u0259yata ke\u00e7irilm\u0259sinin m\u00fch\u00fcm amili olub. 3500 kilometr uzunlu\u011funda inteqr\u0259 olunmu\u015f k\u0259m\u0259r sistemi v\u0259 n\u0259h\u0259ng \u201c\u015eahd\u0259niz-2\u201d qaz yataqlar\u0131n\u0131n i\u015fl\u0259nm\u0259si \u00f6lk\u0259l\u0259r, \u015firk\u0259tl\u0259r v\u0259 beyn\u0259lxalq maliyy\u0259 institutlar\u0131 aras\u0131nda \u0259m\u0259kda\u015fl\u0131\u011f\u0131n nadir t\u0259cr\u00fcb\u0259sidir. C\u0259nub Qaz D\u0259hlizi layih\u0259sin\u0259 yat\u0131r\u0131lm\u0131\u015f \u00fcmumi investisiyalar\u0131n h\u0259cmi 33 milyard AB\u015e dollar\u0131ndan \u00e7oxdur.<\/p>\n\n\n\n<p>Eyni zamanda, art\u0131q 15 ildir ki, Az\u0259rbaycan Avropa istehlak\u00e7\u0131lar\u0131n\u0131n etibarl\u0131 xam neft t\u0259chizat\u00e7\u0131s\u0131d\u0131r. Qaz t\u0259chizat\u00e7\u0131s\u0131 kimi Az\u0259rbaycan\u0131n potensial\u0131 artacaq v\u0259 bu, ixracat\u00e7\u0131 olaraq bizim \u00fc\u00e7\u00fcn, tranzit \u00f6lk\u0259l\u0259r \u00fc\u00e7\u00fcn v\u0259 istehlak\u00e7\u0131lar \u00fc\u00e7\u00fcn daha \u00e7ox imkanlar yaradacaq. \u00c7\u00fcnki Az\u0259rbaycan qaz\u0131 t\u0259kc\u0259 yeni mar\u015frutdan olan qaz deyil, yeni m\u0259nb\u0259d\u0259n olan qazd\u0131r v\u0259 bu, layih\u0259ni h\u0259qiq\u0259t\u0259n d\u0259 enerji t\u0259hl\u00fck\u0259sizliyi layih\u0259sin\u0259 \u00e7evirir. N\u0259h\u0259ng n\u0259qliyyat infrastruktur layih\u0259l\u0259ri Avropa \u0130ttifaq\u0131 il\u0259 Az\u0259rbaycan aras\u0131nda \u0259m\u0259kda\u015fl\u0131\u011f\u0131n strateji \u0259h\u0259miyy\u0259tind\u0259n x\u0259b\u0259r verir. \u0130kinci Qaraba\u011f m\u00fcharib\u0259sind\u0259n sonra \u00f6t\u0259n il 10 noyabr tarixli \u00fc\u00e7t\u0259r\u0259fli raz\u0131la\u015fmada \u0259ks olundu\u011fu kimi regionda b\u00fct\u00fcn kommunikasiyalar\u0131n a\u00e7\u0131lmas\u0131 \u00fc\u00e7\u00fcn yeni imkanlar var. Bu g\u00fcn daha miqyasl\u0131 \u0259m\u0259kda\u015fl\u0131q \u00fc\u00e7\u00fcn yeni imkanlar yaran\u0131b. <\/p>\n\n\n\n<p>Avropa \u0130ttifaq\u0131 il\u0259 \u0259m\u0259kda\u015fl\u0131q strateji \u0259h\u0259miyy\u0259t k\u0259sb edir. \u0130nnovasiyalara, texnoloji m\u00fcbadil\u0259l\u0259r\u0259 v\u0259 iqtisadi \u0259m\u0259kda\u015fl\u0131\u011fa \u0259saslanan t\u0259r\u0259fda\u015fl\u0131q \u00e7ox \u00f6n\u0259mlidir. M\u00f6vcud \u0259laq\u0259l\u0259r\u0259 \u0259lav\u0259, n\u00f6vb\u0259ti t\u0259kan verilm\u0259lidir. Avropa \u0130ttifaq\u0131 il\u0259 Az\u0259rbaycan aras\u0131nda t\u0259r\u0259fda\u015fl\u0131q, \u0259sas\u0259n, maliyy\u0259 d\u0259st\u0259yin\u0259 \u0259saslanan i\u015fbirliyi deyil. Avropa \u0130ttifaq\u0131n\u0131n hesab etdiyi iki prioritet \u2013 iqlim d\u0259yi\u015fm\u0259si v\u0259 r\u0259q\u0259msal inqilab birg\u0259 ba\u015flan\u0131lan layih\u0259l\u0259rin \u0259sas\u0131nda olmal\u0131d\u0131r. Bir s\u0131ra \u00f6hd\u0259likl\u0259ri \u00f6z \u00fcz\u0259rin\u0259 g\u00f6t\u00fcrm\u0259si Az\u0259rbaycan\u0131n m\u0259suliyy\u0259tli d\u00f6vl\u0259t olmas\u0131ndan x\u0259b\u0259r verir. Avropa \u0130ttifaq\u0131 m\u00fcxt\u0259lif m\u0259s\u0259l\u0259l\u0259r \u00fczr\u0259 ir\u0259lil\u0259yi\u015f\u0259 nail olmaq \u00fc\u00e7\u00fcn s\u0259yl\u0259ri d\u0259st\u0259kl\u0259m\u0259y\u0259 haz\u0131rd\u0131r. S\u0259rh\u0259dl\u0259rin delimitasiyas\u0131 m\u0259s\u0259l\u0259sind\u0259 d\u0259 Avropa \u0130ttifaq\u0131 yax\u0131ndan i\u015ftirak etm\u0259y\u0259 haz\u0131rd\u0131r. Avropa \u0130ttifaq\u0131 regional \u0259m\u0259kda\u015fl\u0131q s\u0259yl\u0259rind\u0259 i\u015ftirak etm\u0259k, h\u0259v\u0259sl\u0259ndirm\u0259k arzusundad\u0131r.Dayanaql\u0131 s\u00fclh namin\u0259 \u0259m\u0259kda\u015fl\u0131q m\u00fch\u00fcm v\u0259 \u0259h\u0259miyy\u0259tlidir. Dayan\u0131ql\u0131 s\u00fclh v\u0259 rifah namin\u0259 regionda olan \u00f6lk\u0259l\u0259r aras\u0131nda \u0259m\u0259kda\u015fl\u0131q \u0259laq\u0259l\u0259ri geni\u015fl\u0259nm\u0259lidir.<\/p>\n\n\n\n<p>Az\u0259rbaycan \u00f6z Q\u0259l\u0259b\u0259si il\u0259 b\u00fct\u00fcn regionda yeni reall\u0131q yarad\u0131b. Az\u0259rbaycan \u0259razil\u0259rinin i\u015f\u011fal\u0131na son qoydu. Az\u0259rbaycan \u0259razil\u0259rinin uzun m\u00fcdd\u0259t Erm\u0259nistan t\u0259r\u0259find\u0259n i\u015f\u011fal\u0131na son qoydu. Az\u0259rbaycan Erm\u0259nistan qo\u015funlar\u0131n\u0131n Az\u0259rbaycan \u0259razil\u0259rind\u0259n tam v\u0259 qeyd-\u015f\u0259rtsiz \u00e7\u0131xar\u0131lmas\u0131n\u0131 t\u0259l\u0259b ed\u0259n BMT T\u0259hl\u00fck\u0259sizlik \u015euras\u0131n\u0131n q\u0259tnam\u0259l\u0259rini \u00f6z\u00fc yerin\u0259 yetirdi. Ona g\u00f6r\u0259 d\u0259 indi s\u00fclh bar\u0259d\u0259 d\u00fc\u015f\u00fcnm\u0259k v\u0259 s\u0259hif\u0259ni \u00e7evirm\u0259k vaxt\u0131d\u0131r. B\u00fct\u00fcn kommunikasiyalar\u0131n a\u00e7\u0131lmas\u0131 m\u00fcnaqi\u015f\u0259d\u0259n sonrak\u0131 nizamlanmada m\u00fch\u00fcm m\u0259s\u0259l\u0259dir. M\u00f6vcud m\u00fcasir infrastruktur v\u0259 n\u0259qliyyat Az\u0259rbaycana \u00f6z \u0259razil\u0259rind\u0259 layih\u0259l\u0259ri nisb\u0259t\u0259n q\u0131sa zamanda h\u0259yata ke\u00e7irm\u0259y\u0259 imkan ver\u0259c\u0259k. \u00c7\u00fcnki bu g\u00fcn biz art\u0131q \u015fax\u0259l\u0259ndirilmi\u015f n\u0259qliyyat \u015f\u0259b\u0259k\u0259sin\u0259 malikik. Az\u0259rbaycan a\u00e7\u0131q d\u0259niz\u0259 \u00e7\u0131x\u0131\u015f\u0131 olmayan \u00f6lk\u0259dir. Lakin buna baxmayaraq, biz Avrasiyada m\u00fch\u00fcm n\u0259qliyyat v\u0259 logistik hablardan birini yaratma\u011fa nail olmu\u015fuq. Biz qon\u015fular\u0131m\u0131zla birlikd\u0259 Bak\u0131-Tbilisi-Qars d\u0259mir yolunun tikintisini tamamlama\u011fa nail olmu\u015fuq, o, 2017-ci ild\u0259 a\u00e7\u0131laraq \u015e\u0259rq-Q\u0259rb n\u0259qliyyat d\u0259hlizin\u0259 b\u00f6y\u00fck t\u00f6hf\u0259 verib. Eyni zamanda, biz Az\u0259rbaycanda \u015eimal-C\u0259nub n\u0259qliyyat d\u0259hlizinin yarad\u0131lmas\u0131na investisiya yat\u0131rm\u0131\u015f\u0131q. Art\u0131q bu yax\u0131nlarda Finlandiyadan Hindistana ilk y\u00fckl\u0259r Az\u0259rbaycan \u0259razisind\u0259n \u00e7atd\u0131r\u0131l\u0131b.<\/p>\n\n\n\n<figure class=\"wp-block-image size-large\"><img decoding=\"async\" src=\"https:\/\/fedai.az\/wp-content\/uploads\/2021\/07\/001-3-1024x682.jpg\" alt=\"\" class=\"wp-image-43654\"\/><\/figure>\n\n\n\n<p> S\u00f6zs\u00fcz ki, ist\u0259r \u015e\u0259rq-Q\u0259rb, ist\u0259rs\u0259 d\u0259 \u015eimal-C\u0259nub n\u0259qliyyat d\u0259hlizl\u0259ri il\u0259 Az\u0259rbaycan vasit\u0259sil\u0259 da\u015f\u0131nacaq y\u00fckl\u0259rin h\u0259cmi artacaq. \u0130\u015f\u011faldan azad edilmi\u015f \u0259razil\u0259rd\u0259 infrastrukturun yarad\u0131lmas\u0131 istiqam\u0259tind\u0259 f\u0259al i\u015fl\u0259r g\u00f6r\u00fcl\u00fcr. \u0130\u015f\u011faldan azad edilmi\u015f \u0259razil\u0259rimizd\u0259 \u00fc\u00e7 beyn\u0259lxalq hava liman\u0131 in\u015fa edilir. Birincisi &#8212; F\u00fczulid\u0259ki hava liman\u0131 ilin sonunad\u0259k istismara veril\u0259c\u0259k. \u0130kincisi &#8212; Z\u0259ngilandak\u0131 hava liman\u0131 g\u0259l\u0259n il v\u0259 La\u00e7\u0131ndak\u0131 beyn\u0259lxalq hava liman\u0131 is\u0259 2023-c\u00fc ild\u0259 haz\u0131r olacaq. Bel\u0259likl\u0259, Az\u0259rbaycandak\u0131 beyn\u0259lxalq hava limanlar\u0131n\u0131n say\u0131 9-a \u00e7atacaq. \u0130kinci Qaraba\u011f m\u00fcharib\u0259si n\u0259tic\u0259sind\u0259 Az\u0259rbaycan t\u0259r\u0259find\u0259n azad olunmu\u015f \u0259razil\u0259rd\u0259 daha \u00e7ox \u015firk\u0259tl\u0259r \u00e7al\u0131\u015facaq v\u0259 daha geni\u015f f\u0259aliyy\u0259t olacaqd\u0131r. \u0130\u015f\u011faldan azad olunmu\u015f \u0259razil\u0259r xarici investisiyalar \u00fc\u00e7\u00fcn a\u00e7\u0131qd\u0131r. Burada xarici investorlar \u00fc\u00e7\u00fcn maraql\u0131 ola bil\u0259c\u0259k bir ne\u00e7\u0259 sah\u0259 var. Birincisi, b\u0259rpaolunan enerji m\u0259nb\u0259l\u0259ridir. Azad olunmu\u015f \u0259razil\u0259rin \u00e7ox b\u00f6y\u00fck potensial\u0131 var v\u0259 bizim ilkin hesablamalar\u0131m\u0131za g\u00f6r\u0259, enerji istehsal\u0131n\u0131n potensial\u0131 5 min meqavat g\u00fcn\u0259\u015f v\u0259 min meqavat k\u00fcl\u0259k enerjisi t\u0259\u015fkil edir. S\u0259rmay\u0259 qoyulu\u015fu \u00fc\u00e7\u00fcn dig\u0259r potensial sah\u0259 k\u0259nd t\u0259s\u0259rr\u00fcfat\u0131 v\u0259 k\u0259nd t\u0259s\u0259rr\u00fcfat\u0131 m\u0259hsullar\u0131n\u0131n emal\u0131d\u0131r. \u00c7\u00fcnki torpaq olduqca m\u00fcnbitdir v\u0259 bu da xaricil\u0259r \u00fc\u00e7\u00fcn c\u0259lbedici ola bil\u0259r. Xarici s\u0259rmay\u0259 \u00fc\u00e7\u00fcn c\u0259lbedici sah\u0259 turizm ola bil\u0259r. Qaraba\u011f v\u0259 \u015e\u0259rqi Z\u0259ng\u0259zur t\u0259kc\u0259 Az\u0259rbaycan\u0131n deyil, b\u00fct\u00fcn regionun \u0259n g\u00f6z\u0259l b\u00f6lg\u0259l\u0259ridir. <\/p>\n\n\n\n<p>D\u00fcnya Bank\u0131n\u0131n \u201cDoing Business\u201d hesabat\u0131na \u0259sas\u0259n, Az\u0259rbaycan biznes m\u00fchitin\u0259 g\u00f6r\u0259 d\u00fcnyada 28-ci yerd\u0259dir v\u0259 Az\u0259rbaycanda xarici s\u0259rmay\u0259l\u0259r m\u00fcvafiq qaydada qorunur. H\u0259m\u00e7inin, bilirik ki, &nbsp;Az\u0259rbaycan X\u0259z\u0259r regionunda \u0259n b\u00f6y\u00fck d\u0259niz donanmas\u0131na malikdir. Bu, biz\u0259 \u015e\u0259rqd\u0259n Q\u0259rb\u0259 v\u0259 \u0259ks istiqam\u0259td\u0259 y\u00fckl\u0259rin n\u0259qlini art\u0131rma\u011fa imkan verir. Az\u0259rbaycan bu yax\u0131nlarda y\u00fcka\u015f\u0131rma qabiliyy\u0259ti 10 milyon ton olan v\u0259 y\u00fcka\u015f\u0131rma qabiliyy\u0259tinin 25 milyon tonad\u0259k art\u0131r\u0131lmas\u0131 potensial\u0131na malik \u018fl\u0259t Beyn\u0259lxalq Ticar\u0259t Liman\u0131n\u0131n a\u00e7\u0131l\u0131\u015f\u0131n\u0131 edib. Bu, Az\u0259rbaycan\u0131n logistik v\u0259 n\u0259qliyyat \u015f\u0259b\u0259k\u0259sinin \u0259n m\u00fch\u00fcm elementl\u0259rind\u0259n biridir. Davos D\u00fcnya \u0130qtisadi Forumunun qiym\u0259tl\u0259ndirm\u0259sin\u0259 \u0259sas\u0259n Az\u0259rbaycanda yollar\u0131n keyfiyy\u0259ti d\u00fcnyada 24-c\u00fc, d\u0259mir yolu xidm\u0259tl\u0259ri 11-ci, hava yolu xidm\u0259tl\u0259ri 12-ci yerd\u0259dir. Bu, h\u0259qiq\u0259t\u0259n d\u0259 onu g\u00f6st\u0259rir ki, Az\u0259rbaycan h\u00f6kum\u0259ti infrastruktura b\u00f6y\u00fck s\u0259rmay\u0259 yat\u0131r\u0131b. \u018flb\u0259tt\u0259 ki, regionda b\u00fct\u00fcn kommunikasiyalar\u0131n a\u00e7\u0131lmas\u0131 Az\u0259rbaycana \u00f6z ayr\u0131lmaz hiss\u0259si olan Nax\u00e7\u0131van Muxtar Respublikas\u0131na Erm\u0259nistan \u0259razisi vasit\u0259sil\u0259 mane\u0259siz \u00e7\u0131x\u0131\u015f \u0259ld\u0259 etm\u0259k imkan\u0131 ver\u0259c\u0259k. Eyni zamanda, Erm\u0259nistan s\u0259rh\u0259din\u0259 do\u011fru d\u0259mir yollar\u0131n\u0131n tikintisin\u0259 ba\u015flan\u0131l\u0131b. <\/p>\n\n\n\n<p>Erm\u0259nistan s\u0259rh\u0259din\u0259 do\u011fru magistral yolun tikintisin\u0259 ba\u015flan\u0131l\u0131b. Biz \u00f6z \u0259razimizd\u0259 Erm\u0259nistan \u0259razisin\u0259 100 kilometrd\u0259n \u00e7ox magistral v\u0259 d\u0259mir yollar\u0131 tikm\u0259liyik. Erm\u0259nistan \u0259razisind\u0259 bu, t\u0259xmin\u0259n c\u0259mi 40 kilometrdir. Regionda b\u00fct\u00fcn kommunikasiyalar paralel olaraq a\u00e7\u0131lmal\u0131d\u0131r. Bu, Erm\u0259nistan \u00fc\u00e7\u00fcn Rusiya v\u0259 \u0130ranla d\u0259mir yolu \u0259laq\u0259sin\u0259 sahib olmaq imkan\u0131 yarad\u0131r. Bu, Az\u0259rbaycan \u00fc\u00e7\u00fcn Nax\u00e7\u0131van Muxtar Respublikas\u0131na \u0259lav\u0259 \u00e7\u0131x\u0131\u015f \u0259ld\u0259 etm\u0259k imkan\u0131 yarad\u0131r v\u0259 regionun 4 \u00f6lk\u0259si &#8212; Az\u0259rbaycan, \u0130ran, Rusiya v\u0259 T\u00fcrkiy\u0259 bu yana\u015fmaya g\u00fccl\u00fc d\u0259st\u0259k verir. B\u00fct\u00fcn regionda dayanaql\u0131 s\u00fclh\u00fcn b\u0259rq\u0259rar olmas\u0131na v\u0259 beyn\u0259lxalq layih\u0259l\u0259rin inki\u015faf\u0131na mane\u0259 olan amill\u0259r m\u00f6vcuddur. He\u00e7 k\u0259s\u0259 sirr deyil ki, r\u0259smi \u0130r\u0259van h\u0259rbi cinay\u0259tkard\u0131r. <\/p>\n\n\n\n<p>Azad olunmu\u015f \u0259razil\u0259rd\u0259ki da\u011f\u0131nt\u0131lar beyn\u0259lxalq mediada geni\u015f \u015f\u0259kild\u0259 t\u0259qdim edilib. \u0130ki m\u00fcharib\u0259 aras\u0131ndak\u0131 d\u00f6n\u0259md\u0259 erm\u0259nil\u0259r i\u015f\u011fal olunmu\u015f \u0259razil\u0259rd\u0259 Az\u0259rbaycan xalq\u0131n\u0131n tarixi, m\u0259d\u0259ni v\u0259 dini irsini q\u0259sd\u0259n m\u0259hv edibl\u0259r. A\u011fdam kimi b\u00f6y\u00fck \u015f\u0259h\u0259r bu g\u00fcn art\u0131q m\u00f6vcud deyil. Orada bir d\u0259n\u0259 d\u0259 olsun salamat bina yoxdur. F\u00fczuli kimi \u015f\u0259h\u0259r m\u00f6vcud deyil. C\u0259bray\u0131l tamamil\u0259 da\u011f\u0131d\u0131l\u0131b. Dig\u0259r \u015f\u0259h\u0259rl\u0259r erm\u0259nil\u0259r t\u0259r\u0259find\u0259n qeyri-qanuni m\u0259skunla\u015fd\u0131rma \u00fc\u00e7\u00fcn istifad\u0259 edilib ki, bunun \u00f6z\u00fc d\u0259 m\u00fcharib\u0259 cinay\u0259tidir. H\u0259min m\u0259skunla\u015fd\u0131rma hallar\u0131 b\u0259lli faktd\u0131r v\u0259 etibarl\u0131 m\u0259nb\u0259l\u0259r t\u0259r\u0259find\u0259n t\u0259sdiq olunub. Basd\u0131r\u0131lm\u0131\u015f minalar \u0259razid\u0259 b\u0259rpa-quruculuq i\u015fl\u0259rinin apar\u0131lmas\u0131n\u0131 \u0259sasl\u0131 \u015f\u0259kild\u0259 \u00e7\u0259tinl\u0259\u015fdirir. Az\u0259rbaycan 10 min kvadratkilometrd\u0259n art\u0131q \u0259razini minalardan t\u0259mizl\u0259m\u0259li v\u0259 yenid\u0259n qurmal\u0131d\u0131r. Orada 100 minl\u0259rl\u0259 mina basd\u0131r\u0131l\u0131b v\u0259 m\u00fcharib\u0259 ba\u015fa \u00e7atd\u0131qdan &#8212; 10 noyabr tarixind\u0259n bu g\u00fcn\u0259d\u0259k minalar s\u0259b\u0259bind\u0259n 140 n\u0259f\u0259r h\u0259lak olub v\u0259 ya yaralan\u0131b. O c\u00fcml\u0259d\u0259n iki jurnalistimiz h\u0259lak olub. \u0130kinci Qaraba\u011f m\u00fcharib\u0259si zaman\u0131 Erm\u0259nistan dig\u0259r m\u00fcharib\u0259 cinay\u0259tl\u0259ri d\u0259 t\u00f6r\u0259dib. Onlar bizim \u015f\u0259h\u0259r v\u0259 k\u0259ndl\u0259rimizi qada\u011fan olunmu\u015f sursatlarla, o c\u00fcml\u0259d\u0259n a\u011f fosforlu m\u0259rmil\u0259rl\u0259 at\u0259\u015f\u0259 tutublar. Bu, s\u00fcbuta yetirilmi\u015f faktd\u0131r. Bizim \u015f\u0259h\u0259r v\u0259 k\u0259ndl\u0259rimiz\u0259 qar\u015f\u0131 \u201cSCUD\u201d, \u201cTo\u00e7ka-U\u201d v\u0259 \u201c\u0130sg\u0259nd\u0259r-M\u201d tipli ballistik raketl\u0259rd\u0259n istifad\u0259 olunub v\u0259 h\u0259min m\u00fcharib\u0259 cinay\u0259tl\u0259ri n\u0259tic\u0259sind\u0259 100-d\u0259n art\u0131q dinc sakin q\u0259tl\u0259 yetirilib<strong>.<\/strong><\/p>\n\n\n\n<p><strong> Erm\u0259nil\u0259r xain mill\u0259tdir! Tarix boyu, m\u00fcxt\u0259lif d\u00f6vrl\u0259rd\u0259 xisl\u0259tl\u0259rini gizl\u0259tm\u0259y\u0259 \u00e7al\u0131\u015fsalar bel\u0259, 2020-ci ild\u0259 b\u00fct\u00fcn d\u00fcnya erm\u0259niliyin i\u00e7 \u00fcz\u00fcn\u00fcn \u015fahidi oldu. H\u0259m\u00e7inin \u00f6t\u0259n ili m\u00fcst\u0259qillik tariximizin \u0259n \u0259lam\u0259tdar ili hesab etm\u0259k olar. \u015eanl\u0131 ordumuz erm\u0259ni \u0259sar\u0259tind\u0259 olan tarixi torpaqlar\u0131m\u0131z\u0131 i\u015f\u011faldan azad etdi. \u018frazi b\u00fct\u00f6vl\u00fcy\u00fcm\u00fcz b\u0259rpa olundu. M\u00fcharib\u0259 bitdi. M\u00fctl\u0259q z\u0259f\u0259r qazan\u0131ld\u0131. Az\u0259rbaycan Ordusu b\u00f6lg\u0259y\u0259 s\u00fclh, \u0259min-amanl\u0131q g\u0259tirdi.<\/strong><\/p>\n\n\n\n<p><strong>Ya\u015fas\u0131n m\u00fcst\u0259qil Az\u0259rbaycan Respublikas\u0131! E\u015fq olsun Az\u0259rbaycan xalq\u0131na v\u0259 R\u0259\u015fad\u0259tli Az\u0259rbaycan Ordusuna! Allah c\u0259mi \u015f\u0259hidl\u0259rimiz\u0259 r\u0259hm\u0259t etsin! Allah yaral\u0131 h\u0259rbi qulluq\u00e7ular\u0131m\u0131za \u015f\u0259fa versin! H\u0259r birimiz <\/strong><strong>Az\u0259rbaycan Respublikas\u0131n\u0131n Prezidenti, Ali Ba\u015f Komandan, c\u0259nab \u0130lham \u018fliyevl\u0259 q\u00fcrur duyuruq!<\/strong><strong>!!&#8230; Qaraba\u011f Az\u0259rbaycand\u0131r!&#8230;<\/strong><\/p>\n\n\n\n<p><strong>&nbsp;&nbsp;&nbsp;&nbsp;&nbsp;&nbsp;&nbsp;&nbsp;&nbsp;&nbsp;&nbsp;&nbsp;&nbsp;&nbsp;&nbsp;&nbsp;&nbsp;&nbsp;&nbsp;&nbsp;&nbsp;&nbsp;&nbsp;&nbsp;&nbsp;&nbsp;&nbsp;&nbsp;&nbsp;&nbsp;&nbsp;&nbsp;&nbsp;&nbsp;&nbsp;&nbsp;&nbsp;&nbsp;&nbsp;&nbsp;&nbsp;&nbsp;&nbsp;&nbsp;&nbsp;&nbsp;&nbsp;&nbsp;&nbsp;&nbsp;&nbsp;&nbsp;&nbsp;&nbsp;&nbsp;&nbsp;&nbsp;&nbsp;&nbsp;&nbsp;&nbsp;&nbsp;&nbsp;&nbsp;&nbsp;&nbsp;&nbsp;&nbsp;&nbsp;&nbsp;&nbsp;&nbsp;&nbsp;&nbsp;&nbsp;&nbsp;&nbsp;&nbsp;&nbsp;&nbsp;&nbsp;&nbsp;&nbsp;&nbsp;&nbsp;&nbsp;&nbsp;&nbsp;&nbsp;&nbsp;&nbsp;&nbsp;&nbsp;&nbsp;&nbsp;&nbsp;&nbsp;&nbsp;&nbsp;&nbsp;&nbsp;&nbsp;&nbsp;&nbsp;&nbsp;&nbsp;&nbsp;&nbsp;&nbsp;&nbsp;&nbsp;&nbsp;&nbsp;&nbsp;&nbsp;&nbsp;&nbsp;&nbsp;&nbsp; &nbsp;&nbsp;&nbsp;&nbsp;&nbsp;&nbsp;&nbsp;&nbsp;&nbsp;&nbsp;&nbsp;&nbsp;&nbsp;&nbsp;&nbsp;&nbsp;&nbsp;&nbsp;&nbsp;&nbsp;&nbsp;&nbsp;&nbsp;&nbsp;&nbsp;&nbsp;&nbsp;&nbsp;&nbsp;&nbsp;&nbsp;<\/strong><\/p>\n\n\n\n<p><strong>&nbsp;&nbsp;&nbsp;&nbsp;&nbsp;&nbsp;&nbsp;&nbsp;&nbsp;&nbsp;&nbsp;&nbsp;&nbsp;&nbsp;&nbsp;&nbsp;&nbsp;&nbsp;&nbsp;&nbsp;&nbsp;&nbsp;&nbsp;&nbsp;&nbsp;&nbsp;&nbsp;&nbsp;&nbsp;&nbsp;&nbsp;&nbsp;&nbsp;&nbsp;&nbsp;&nbsp;&nbsp;&nbsp;&nbsp;&nbsp;&nbsp;&nbsp;&nbsp;&nbsp;&nbsp;&nbsp;&nbsp;&nbsp;&nbsp;&nbsp;&nbsp;&nbsp;&nbsp;&nbsp;&nbsp;&nbsp;&nbsp;&nbsp;&nbsp;&nbsp;&nbsp;&nbsp;&nbsp;&nbsp;&nbsp;&nbsp;&nbsp;&nbsp;&nbsp;&nbsp;&nbsp;&nbsp;&nbsp;&nbsp;&nbsp;&nbsp;&nbsp;&nbsp;&nbsp;&nbsp;&nbsp;&nbsp;&nbsp;&nbsp;&nbsp;&nbsp;&nbsp;&nbsp;&nbsp;&nbsp;&nbsp;&nbsp;&nbsp;&nbsp;&nbsp;&nbsp;&nbsp;&nbsp;&nbsp;&nbsp;&nbsp;&nbsp;&nbsp;&nbsp;&nbsp;&nbsp;&nbsp;&nbsp;&nbsp;&nbsp;&nbsp;&nbsp;&nbsp;&nbsp;&nbsp;&nbsp;&nbsp;&nbsp;&nbsp;&nbsp;&nbsp;&nbsp;&nbsp;&nbsp;&nbsp;&nbsp;&nbsp;&nbsp;&nbsp;&nbsp;&nbsp;&nbsp;&nbsp;&nbsp;&nbsp; &nbsp;&nbsp;&nbsp;&nbsp;&nbsp;&nbsp;&nbsp;&nbsp;&nbsp;&nbsp;&nbsp;<\/strong><\/p>\n\n\n\n<p><strong>&nbsp;&nbsp;&nbsp;&nbsp;&nbsp;&nbsp;&nbsp;&nbsp;&nbsp;&nbsp;&nbsp;&nbsp;&nbsp;&nbsp;&nbsp;&nbsp;&nbsp;&nbsp;&nbsp;&nbsp;&nbsp;&nbsp;&nbsp;&nbsp;&nbsp;&nbsp;&nbsp;&nbsp;&nbsp;&nbsp;&nbsp;&nbsp;&nbsp;&nbsp;&nbsp; &nbsp;&nbsp;&nbsp;&nbsp;&nbsp;&nbsp;&nbsp;&nbsp;&nbsp;&nbsp;&nbsp;&nbsp;&nbsp;&nbsp;&nbsp;&nbsp;&nbsp;&nbsp;&nbsp;&nbsp;&nbsp;&nbsp;&nbsp;&nbsp;&nbsp;&nbsp;&nbsp;&nbsp;&nbsp;&nbsp;&nbsp;&nbsp;&nbsp;&nbsp;&nbsp;&nbsp;&nbsp;&nbsp;&nbsp;&nbsp;&nbsp;&nbsp;&nbsp;&nbsp;&nbsp;&nbsp;&nbsp;&nbsp;&nbsp;&nbsp;&nbsp;&nbsp;&nbsp;&nbsp;&nbsp;&nbsp;&nbsp;&nbsp;&nbsp;&nbsp;&nbsp;&nbsp;&nbsp;&nbsp;&nbsp;&nbsp;&nbsp;&nbsp;&nbsp;&nbsp;&nbsp;&nbsp;&nbsp;&nbsp;&nbsp;&nbsp;&nbsp;&nbsp;&nbsp;&nbsp;&nbsp;&nbsp;&nbsp;&nbsp;&nbsp;&nbsp;&nbsp;&nbsp;&nbsp;&nbsp;&nbsp;&nbsp;&nbsp;&nbsp;&nbsp;&nbsp;&nbsp;&nbsp;&nbsp;&nbsp;&nbsp;&nbsp;&nbsp;&nbsp;&nbsp;&nbsp;&nbsp;<\/strong><\/p>\n\n\n\n<p>&nbsp;&nbsp;&nbsp;&nbsp;&nbsp;&nbsp;&nbsp;&nbsp;&nbsp;&nbsp;&nbsp;&nbsp;&nbsp;&nbsp;&nbsp;&nbsp;&nbsp;&nbsp;&nbsp;&nbsp;&nbsp;&nbsp;&nbsp;&nbsp;&nbsp;&nbsp;&nbsp;&nbsp;&nbsp;&nbsp;&nbsp;&nbsp;&nbsp;&nbsp;&nbsp;&nbsp;&nbsp;&nbsp;&nbsp;&nbsp;&nbsp;&nbsp;&nbsp;&nbsp;&nbsp;&nbsp;&nbsp;&nbsp;&nbsp;&nbsp;&nbsp;&nbsp;&nbsp;&nbsp;&nbsp;&nbsp;&nbsp;&nbsp;&nbsp;&nbsp;&nbsp;&nbsp;&nbsp;&nbsp;&nbsp;&nbsp;&nbsp;&nbsp;&nbsp;&nbsp; &nbsp;&nbsp;&nbsp;&nbsp;&nbsp;&nbsp;&nbsp;&nbsp;&nbsp;<\/p>\n\n\n\n<p>&nbsp;&nbsp;&nbsp;&nbsp;&nbsp;&nbsp;&nbsp;&nbsp;&nbsp;&nbsp;&nbsp;&nbsp;&nbsp;&nbsp;&nbsp;&nbsp;&nbsp;&nbsp;&nbsp;&nbsp;&nbsp;&nbsp;&nbsp;&nbsp;&nbsp;&nbsp;&nbsp;&nbsp;&nbsp;&nbsp;&nbsp;&nbsp;&nbsp;&nbsp;&nbsp;&nbsp;&nbsp;&nbsp;&nbsp;&nbsp;&nbsp;&nbsp;&nbsp;&nbsp;&nbsp;&nbsp;&nbsp;&nbsp;&nbsp;&nbsp;&nbsp;&nbsp;&nbsp;&nbsp;&nbsp;&nbsp;&nbsp;&nbsp;&nbsp;&nbsp;&nbsp;&nbsp;&nbsp;&nbsp;&nbsp; &nbsp;&nbsp;&nbsp;&nbsp;&nbsp;&nbsp;&nbsp;&nbsp;<\/p>\n\n\n\n<p><strong>&nbsp;&nbsp;&nbsp;&nbsp;&nbsp;&nbsp;&nbsp;&nbsp;&nbsp;&nbsp;&nbsp;&nbsp;&nbsp;&nbsp;&nbsp;&nbsp;&nbsp;&nbsp;&nbsp;&nbsp;&nbsp;&nbsp;&nbsp;&nbsp;&nbsp;&nbsp;&nbsp;&nbsp;&nbsp;&nbsp;&nbsp;&nbsp;&nbsp;&nbsp;&nbsp;&nbsp;&nbsp;&nbsp;&nbsp;&nbsp;&nbsp;&nbsp;&nbsp;&nbsp;&nbsp;&nbsp;&nbsp;&nbsp;&nbsp;&nbsp;&nbsp;&nbsp;&nbsp;&nbsp;&nbsp;&nbsp;&nbsp;&nbsp;&nbsp;&nbsp;&nbsp;&nbsp;&nbsp;&nbsp;&nbsp;&nbsp;&nbsp;&nbsp;&nbsp;&nbsp;&nbsp;&nbsp;&nbsp;&nbsp;&nbsp;&nbsp;&nbsp;&nbsp;&nbsp;&nbsp;&nbsp;&nbsp;&nbsp;&nbsp;&nbsp;&nbsp; &nbsp;&nbsp;&nbsp;&nbsp;&nbsp;&nbsp;&nbsp;&nbsp;<\/strong><\/p>\n","protected":false},"excerpt":{"rendered":"<p>M\u00fc\u015ffiq \u018fliyev Az\u0259rbaycan Respublikas\u0131 \u015e\u0259hid Ail\u0259l\u0259rin\u0259 \u201cQay\u011f\u0131\u201d C\u0259miyy\u0259tinin s\u0259dri, Az\u0259rbaycan V\u0259t\u0259n M\u00fcharib\u0259si Veteranlar\u0131 \u0130ctimai Birliyi s\u0259drinin humanitar m\u0259s\u0259l\u0259l\u0259r \u00fczr\u0259 s\u0259lahiyy\u0259tli n\u00fcmay\u0259nd\u0259si BAKI \u015e\u018fH\u018fR\u0130, X\u018fZ\u018fR<\/p>\n","protected":false},"author":2,"featured_media":43652,"comment_status":"closed","ping_status":"closed","sticky":false,"template":"","format":"standard","meta":{"footnotes":""},"categories":[1],"tags":[],"class_list":["post-43648","post","type-post","status-publish","format-standard","has-post-thumbnail","hentry","category-siyast"],"aioseo_notices":[],"_links":{"self":[{"href":"https:\/\/fedai.az\/index.php?rest_route=\/wp\/v2\/posts\/43648","targetHints":{"allow":["GET"]}}],"collection":[{"href":"https:\/\/fedai.az\/index.php?rest_route=\/wp\/v2\/posts"}],"about":[{"href":"https:\/\/fedai.az\/index.php?rest_route=\/wp\/v2\/types\/post"}],"author":[{"embeddable":true,"href":"https:\/\/fedai.az\/index.php?rest_route=\/wp\/v2\/users\/2"}],"replies":[{"embeddable":true,"href":"https:\/\/fedai.az\/index.php?rest_route=%2Fwp%2Fv2%2Fcomments&post=43648"}],"version-history":[{"count":2,"href":"https:\/\/fedai.az\/index.php?rest_route=\/wp\/v2\/posts\/43648\/revisions"}],"predecessor-version":[{"id":43655,"href":"https:\/\/fedai.az\/index.php?rest_route=\/wp\/v2\/posts\/43648\/revisions\/43655"}],"wp:featuredmedia":[{"embeddable":true,"href":"https:\/\/fedai.az\/index.php?rest_route=\/wp\/v2\/media\/43652"}],"wp:attachment":[{"href":"https:\/\/fedai.az\/index.php?rest_route=%2Fwp%2Fv2%2Fmedia&parent=43648"}],"wp:term":[{"taxonomy":"category","embeddable":true,"href":"https:\/\/fedai.az\/index.php?rest_route=%2Fwp%2Fv2%2Fcategories&post=43648"},{"taxonomy":"post_tag","embeddable":true,"href":"https:\/\/fedai.az\/index.php?rest_route=%2Fwp%2Fv2%2Ftags&post=43648"}],"curies":[{"name":"wp","href":"https:\/\/api.w.org\/{rel}","templated":true}]}}