{"id":43656,"date":"2021-07-23T10:51:40","date_gmt":"2021-07-23T06:51:40","guid":{"rendered":"https:\/\/fedai.az\/?p=43656"},"modified":"2021-07-23T10:52:43","modified_gmt":"2021-07-23T06:52:43","slug":"ilham-%c9%99liyevin-xank%c9%99ndi-il%c9%99-bagli-cixisinin-videosu","status":"publish","type":"post","link":"https:\/\/fedai.az\/?p=43656","title":{"rendered":"\u0130lham \u018fliyevin Xank\u0259ndi il\u0259 ba\u011fl\u0131 \u00e7\u0131x\u0131\u015f\u0131n\u0131n videosu"},"content":{"rendered":"\n<p><strong>&#171;M\u0259n m\u00fcharib\u0259 ba\u015fa \u00e7atandan sonra noyabr\u0131n 10-da statusun yerini g\u00f6st\u0259rmi\u015fdim. O, h\u0259l\u0259 oradad\u0131r v\u0259 orada qalacaq yana-yana, \u0259b\u0259di. Ona g\u00f6r\u0259 bu m\u0259s\u0259l\u0259 il\u0259 d\u0259 ba\u011fl\u0131 ba\u015fqa fikir ola bilm\u0259z\u201d.<\/strong><\/p>\n\n\n\n<p><br>Bu fikirl\u0259ri Prezident \u0130lham \u018fliyev Az\u0259rbaycan Televiziyas\u0131na m\u00fcsahib\u0259sind\u0259 bildirib.<\/p>\n\n\n\n<p><br>Ali Ba\u015f Komandan qeyd edib ki, Xank\u0259ndi v\u0259 d\u0259hlizd\u0259 ba\u015f ver\u0259nl\u0259rd\u0259n x\u0259b\u0259rdard\u0131r:<\/p>\n\n\n\n<p><br>&#171;Bir d\u0259 bilirsiniz, g\u0259lin bel\u0259 dan\u0131\u015faq, bu, s\u00fcni \u015f\u0259kild\u0259 Az\u0259rbaycan\u0131n i\u00e7ind\u0259 daim bir m\u00fcnaqi\u015f\u0259 oca\u011f\u0131 yaratmaq \u00fc\u00e7\u00fcn sovet h\u00f6kum\u0259ti t\u0259r\u0259find\u0259n ortal\u0131\u011fa at\u0131lm\u0131\u015f t\u0259xribat idi. Bizim tarixi torpa\u011f\u0131m\u0131zda Da\u011fl\u0131q Qaraba\u011f Muxtar Vilay\u0259tini yaratmaq, bir k\u0259ndi &#8212; Xank\u0259ndini, hans\u0131 ki, k\u0259nd idi, onu oran\u0131n m\u0259rk\u0259zi etm\u0259k v\u0259 c\u0259llad \u015eaumyan\u0131n ad\u0131n\u0131 verm\u0259k Az\u0259rbaycan xalq\u0131na qar\u015f\u0131 \u00e7ox m\u0259nfi bir add\u0131m idi. Bizim \u00fc\u00e7\u00fcn t\u0259hqir idi. Tarix h\u0259r \u015feyi yerin\u0259 qoyub. Ancaq statusa g\u0259ldikd\u0259, bu g\u00fcn orada 25 min adam ya\u015fay\u0131r. Orada ged\u0259n prosesl\u0259rl\u0259 ba\u011fl\u0131 bizim m\u0259lumat\u0131m\u0131z kifay\u0259t q\u0259d\u0259r b\u00f6y\u00fckd\u00fcr, \u00e7ox\u015fax\u0259lidir. Biz \u0259vv\u0259ll\u0259r d\u0259, m\u00fcharib\u0259d\u0259n \u0259vv\u0259l d\u0259 bilirdik orada n\u0259l\u0259r ba\u015f verir. \u018flb\u0259tt\u0259, indi d\u0259 bilirik, \u00e7\u00fcnki onlar bizim aya\u011f\u0131m\u0131z\u0131n alt\u0131ndad\u0131r.<\/p>\n\n\n\n<p>Orada ya\u015fayanlar\u0131n real say\u0131 25 mindir. Ba\u015fqa r\u0259q\u0259ml\u0259r d\u0259 s\u0259sl\u0259ndirilib ki, m\u00fcharib\u0259d\u0259n sonra oraya 50 mind\u0259n \u00e7ox adam qay\u0131d\u0131b, ola bil\u0259r, ancaq qay\u0131dan o dem\u0259k deyil ki, orada qal\u0131r. Qay\u0131d\u0131b, sonra \u00e7\u0131x\u0131b gedib, geri d\u00f6n\u00fcb. \u0130kincisi, bizim m\u00fcxt\u0259lif texniki vasit\u0259l\u0259rimiz, peykimiz var. Biz oradak\u0131 ma\u015f\u0131nlar\u0131n say\u0131n\u0131 bilirik. Biz insanlar\u0131n h\u0259r\u0259k\u0259tini g\u00f6r\u00fcr\u00fck. Nec\u0259 dey\u0259rl\u0259r, dig\u0259r obyektiv vasit\u0259l\u0259r var ki, onlar\u0131 \u0259sas g\u00f6t\u00fcr\u00fcb, d\u0259qiq bilirik orada n\u0259 q\u0259d\u0259r adam ya\u015fay\u0131r &#8212; 25 min maksimum. Biz g\u00fcnd\u0259lik monitorinq apar\u0131r\u0131q, ne\u00e7\u0259 ma\u015f\u0131n girib La\u00e7\u0131n d\u0259hlizin\u0259, ne\u00e7\u0259 ma\u015f\u0131n \u00e7\u0131x\u0131b. Eyni zamanda, biz xaricd\u0259n g\u0259l\u0259n ma\u015f\u0131nlar\u0131 da g\u00f6r\u00fcr\u00fck v\u0259 demi\u015fik ki, buna son qoyulmal\u0131d\u0131r, bu, yax\u015f\u0131 deyil, bu, bizim \u0259razimizdir. Bizim icaz\u0259miz olmadan xarici ma\u015f\u0131n nec\u0259 gir\u0259 bil\u0259r ora. Bir d\u0259 \u0259g\u0259r kims\u0259 hesab edir ki, biz bunu g\u00f6rm\u00fcr\u00fck, s\u0259hv edir. B\u0259zi hallarda o ma\u015f\u0131nlara erm\u0259ni n\u00f6mr\u0259l\u0259ri yap\u0131\u015fd\u0131r\u0131l\u0131r. Ancaq biz oraday\u0131q, biz d\u0259hlizd\u0259yik. Biz h\u0259r \u015feyi g\u00f6r\u00fcr\u00fck, Xank\u0259ndini d\u0259, d\u0259hlizi d\u0259. Ona g\u00f6r\u0259 buna da son qoyulmal\u0131d\u0131r. Oradan g\u00fcnd\u0259lik \u00e7\u0131xan ma\u015f\u0131nlar\u0131n say\u0131 gir\u0259n ma\u015f\u0131nlardan xeyli \u00e7oxdur. 25 min insan \u00fc\u00e7\u00fcn status yaratmaq hans\u0131 m\u0259ntiq\u0259 s\u0131\u011f\u0131r?<\/p>\n\n\n\n<p><br>M\u0259n sual verir\u0259m. Bu g\u00fcn Fransada v\u0259 Amerikada bu m\u0259s\u0259l\u0259 il\u0259 ba\u011fl\u0131 reall\u0131\u011f\u0131 \u0259ks etdirm\u0259y\u0259n b\u0259yanatlar s\u0259sl\u0259n\u0259nd\u0259 haql\u0131 olaraq Az\u0259rbaycan xalq\u0131 bundan naraz\u0131 olur ki, m\u00fcnaqi\u015f\u0259 \u00f6z h\u0259llini tapmal\u0131d\u0131r. M\u0259n demi\u015f\u0259m, deyin nec\u0259 h\u0259ll olunmal\u0131d\u0131r? M\u0259n deyir\u0259m, m\u0259n Az\u0259rbaycan Prezidenti deyir\u0259m, m\u0259n bu m\u0259s\u0259l\u0259ni h\u0259ll etmi\u015f\u0259m, v\u0259ssalam!&#187;<\/p>\n\n\n\n<p>M\u0259nb\u0259: Qaynarinfo<\/p>\n\n\n\n<figure class=\"wp-block-embed is-type-video is-provider-youtube wp-block-embed-youtube wp-embed-aspect-16-9 wp-has-aspect-ratio\"><div class=\"wp-block-embed__wrapper\">\n<iframe loading=\"lazy\" title=\"Prezident \u0130lham \u018fliyev Xank\u0259ndid\u0259n dan\u0131\u015fd\u0131: &quot;Biz h\u0259r \u015feyi g\u00f6r\u00fcr\u00fck&quot;\" width=\"715\" height=\"402\" src=\"https:\/\/www.youtube.com\/embed\/9rZLXrr8GJ8?feature=oembed\" frameborder=\"0\" allow=\"accelerometer; autoplay; clipboard-write; encrypted-media; gyroscope; picture-in-picture\" allowfullscreen><\/iframe>\n<\/div><\/figure>\n","protected":false},"excerpt":{"rendered":"<p>&#171;M\u0259n m\u00fcharib\u0259 ba\u015fa \u00e7atandan sonra noyabr\u0131n 10-da statusun yerini g\u00f6st\u0259rmi\u015fdim. O, h\u0259l\u0259 oradad\u0131r v\u0259 orada qalacaq yana-yana, \u0259b\u0259di. Ona g\u00f6r\u0259 bu m\u0259s\u0259l\u0259 il\u0259 d\u0259<\/p>\n","protected":false},"author":2,"featured_media":0,"comment_status":"closed","ping_status":"closed","sticky":false,"template":"","format":"standard","meta":{"footnotes":""},"categories":[3],"tags":[],"class_list":["post-43656","post","type-post","status-publish","format-standard","hentry","category-gundm"],"aioseo_notices":[],"_links":{"self":[{"href":"https:\/\/fedai.az\/index.php?rest_route=\/wp\/v2\/posts\/43656","targetHints":{"allow":["GET"]}}],"collection":[{"href":"https:\/\/fedai.az\/index.php?rest_route=\/wp\/v2\/posts"}],"about":[{"href":"https:\/\/fedai.az\/index.php?rest_route=\/wp\/v2\/types\/post"}],"author":[{"embeddable":true,"href":"https:\/\/fedai.az\/index.php?rest_route=\/wp\/v2\/users\/2"}],"replies":[{"embeddable":true,"href":"https:\/\/fedai.az\/index.php?rest_route=%2Fwp%2Fv2%2Fcomments&post=43656"}],"version-history":[{"count":2,"href":"https:\/\/fedai.az\/index.php?rest_route=\/wp\/v2\/posts\/43656\/revisions"}],"predecessor-version":[{"id":43660,"href":"https:\/\/fedai.az\/index.php?rest_route=\/wp\/v2\/posts\/43656\/revisions\/43660"}],"wp:attachment":[{"href":"https:\/\/fedai.az\/index.php?rest_route=%2Fwp%2Fv2%2Fmedia&parent=43656"}],"wp:term":[{"taxonomy":"category","embeddable":true,"href":"https:\/\/fedai.az\/index.php?rest_route=%2Fwp%2Fv2%2Fcategories&post=43656"},{"taxonomy":"post_tag","embeddable":true,"href":"https:\/\/fedai.az\/index.php?rest_route=%2Fwp%2Fv2%2Ftags&post=43656"}],"curies":[{"name":"wp","href":"https:\/\/api.w.org\/{rel}","templated":true}]}}