{"id":43670,"date":"2021-07-23T11:15:23","date_gmt":"2021-07-23T07:15:23","guid":{"rendered":"https:\/\/fedai.az\/?p=43670"},"modified":"2021-07-23T11:15:26","modified_gmt":"2021-07-23T07:15:26","slug":"akopcanyan-tehran-susa-bizd%c9%99-olanda-orada-m%c9%99scid-tikdirdi","status":"publish","type":"post","link":"https:\/\/fedai.az\/?p=43670","title":{"rendered":"Akopcanyan: &#171;Tehran \u015eu\u015fa bizd\u0259 olanda, orada m\u0259scid tikdirdi&#187;"},"content":{"rendered":"\n<p><strong>Nikol Pa\u015finyan v\u0259 onun komandas\u0131 burnunun ucunda ba\u015f ver\u0259n \u00e7ox t\u0259hl\u00fck\u0259li hadis\u0259l\u0259ri n\u0259z\u0259r\u0259 almadan, Q\u0259rb istiqam\u0259tind\u0259 olan i\u015fl\u0259r\u0259 h\u0259ddind\u0259n art\u0131q vaxt s\u0259rf edir. \u0130ran istiqam\u0259tind\u0259 \u0259vv\u0259lki dostlu\u011fun s\u00fcr\u0259tl\u0259 itirilm\u0259si prosesi gedir ki, bu da b\u00fct\u00fcn Erm\u0259nistan \u00fc\u00e7\u00fcn \u00e7ox ciddi h\u0259y\u0259can siqnal\u0131d\u0131r.<\/strong><\/p>\n\n\n\n<p>Bu s\u00f6zl\u0259ri erm\u0259ni siyasi \u015f\u0259rh\u00e7i Razmik Akopcanyan bildirib.<\/p>\n\n\n\n<p>\u201cG\u00f6rd\u00fcy\u00fcm\u00fcz kimi, Erm\u0259nistan daha bir m\u00fctt\u0259fiqini itirir. Tehran \u015eu\u015fa bizd\u0259 olanda, orada m\u0259scid tikdirdi. \u0130ndi is\u0259 onlar\u0131n lideri deyir ki, Az\u0259rbaycan\u0131n \u015eu\u015fa \u015f\u0259h\u0259rind\u0259 olan m\u0259s\u00e7idd\u0259 namaz q\u0131lmaqdan xo\u015fb\u0259xtdir&#8230; Biz art\u0131q g\u00f6r\u00fcr\u00fck ki, Az\u0259rbaycan, T\u00fcrkiy\u0259 v\u0259 Rusiya \u00fc\u00e7l\u00fcy\u00fc nec\u0259 m\u00f6hk\u0259ml\u0259nir. Bel\u0259 bir \u015f\u0259raitd\u0259 \u0130ran\u0131n da Erm\u0259nistan \u00fc\u00e7\u00fcn itirilm\u0259si do\u011frudan da Erm\u0259nistan \u00fc\u00e7\u00fcn m\u0259hvedici ola bil\u0259r\u201d, &#8212; dey\u0259 erm\u0259ni ekspert yaz\u0131b.\u00a0 \u00a0<\/p>\n\n\n\n<p>M\u0259nb\u0259: Axar.az<\/p>\n","protected":false},"excerpt":{"rendered":"<p>Nikol Pa\u015finyan v\u0259 onun komandas\u0131 burnunun ucunda ba\u015f ver\u0259n \u00e7ox t\u0259hl\u00fck\u0259li hadis\u0259l\u0259ri n\u0259z\u0259r\u0259 almadan, Q\u0259rb istiqam\u0259tind\u0259 olan i\u015fl\u0259r\u0259 h\u0259ddind\u0259n art\u0131q vaxt s\u0259rf edir. \u0130ran<\/p>\n","protected":false},"author":2,"featured_media":43672,"comment_status":"closed","ping_status":"closed","sticky":false,"template":"","format":"standard","meta":{"footnotes":""},"categories":[4],"tags":[],"class_list":["post-43670","post","type-post","status-publish","format-standard","has-post-thumbnail","hentry","category-qarabag"],"aioseo_notices":[],"_links":{"self":[{"href":"https:\/\/fedai.az\/index.php?rest_route=\/wp\/v2\/posts\/43670","targetHints":{"allow":["GET"]}}],"collection":[{"href":"https:\/\/fedai.az\/index.php?rest_route=\/wp\/v2\/posts"}],"about":[{"href":"https:\/\/fedai.az\/index.php?rest_route=\/wp\/v2\/types\/post"}],"author":[{"embeddable":true,"href":"https:\/\/fedai.az\/index.php?rest_route=\/wp\/v2\/users\/2"}],"replies":[{"embeddable":true,"href":"https:\/\/fedai.az\/index.php?rest_route=%2Fwp%2Fv2%2Fcomments&post=43670"}],"version-history":[{"count":1,"href":"https:\/\/fedai.az\/index.php?rest_route=\/wp\/v2\/posts\/43670\/revisions"}],"predecessor-version":[{"id":43673,"href":"https:\/\/fedai.az\/index.php?rest_route=\/wp\/v2\/posts\/43670\/revisions\/43673"}],"wp:featuredmedia":[{"embeddable":true,"href":"https:\/\/fedai.az\/index.php?rest_route=\/wp\/v2\/media\/43672"}],"wp:attachment":[{"href":"https:\/\/fedai.az\/index.php?rest_route=%2Fwp%2Fv2%2Fmedia&parent=43670"}],"wp:term":[{"taxonomy":"category","embeddable":true,"href":"https:\/\/fedai.az\/index.php?rest_route=%2Fwp%2Fv2%2Fcategories&post=43670"},{"taxonomy":"post_tag","embeddable":true,"href":"https:\/\/fedai.az\/index.php?rest_route=%2Fwp%2Fv2%2Ftags&post=43670"}],"curies":[{"name":"wp","href":"https:\/\/api.w.org\/{rel}","templated":true}]}}