{"id":43674,"date":"2021-07-23T11:39:54","date_gmt":"2021-07-23T07:39:54","guid":{"rendered":"https:\/\/fedai.az\/?p=43674"},"modified":"2021-07-23T12:24:40","modified_gmt":"2021-07-23T08:24:40","slug":"t%c9%99brik-beybudov-rovs%c9%99n-aslan-oglu-51","status":"publish","type":"post","link":"https:\/\/fedai.az\/?p=43674","title":{"rendered":"T\u018fBR\u0130K: BEYBUDOV R\u00d6V\u015e\u018fN ASLAN O\u011eLU &#8212; 51"},"content":{"rendered":"\n<p><strong>T\u0130BB X\u0130DM\u018fT\u0130 MAYORU R\u00d6V\u015e\u018fN BEYBUDOVUN 51 YA\u015eI TAMAM OLUR.<\/strong><\/p>\n\n\n\n<p><strong>&nbsp;&nbsp;&nbsp; AVMV\u0130B r\u0259hb\u0259rliyi, F\u0259dai kolektivi v\u0259 Az\u0259rbaycan V\u0259t\u0259n M\u00fcharib\u0259si Veteranlar\u0131 \u0130ctimai Birliyinin s\u0259dr m\u00fcavini, polkovnik Salman Musayev&nbsp; tibb xidm\u0259ti mayoru R\u00f6v\u015f\u0259n Beybudovu do\u011fum g\u00fcn\u00fc m\u00fcnasib\u0259til\u0259 s\u0259mimi q\u0259lbd\u0259n t\u0259brik edir, h\u0259yatda \u0259n \u015firin nem\u0259t olan m\u00f6hk\u0259m can sa\u011fl\u0131\u011f\u0131 v\u0259 h\u0259yat yollar\u0131nda bitib &#8212; t\u00fck\u0259nm\u0259y\u0259n nailiyy\u0259tl\u0259r arzulay\u0131r: Qoy ya\u015f\u0131n\u0131n \u00fcst\u0259 g\u0259l\u0259n bu ya\u015f ona sevinc dolu g\u00fcnl\u0259r b\u0259x\u015f etsin, h\u0259r yeni g\u00fcn is\u0259 \u00f6t\u0259n g\u00fcnl\u0259rd\u0259n daha g\u00f6z\u0259l ist\u0259kl\u0259rin\u0259 uy\u011fun onu xo\u015fb\u0259xt ed\u0259c\u0259k \u015f\u0259kild\u0259 ke\u00e7sin. AM\u0130N.<\/strong><\/p>\n\n\n\n<figure class=\"wp-block-gallery columns-2 is-cropped wp-block-gallery-1 is-layout-flex wp-block-gallery-is-layout-flex\"><ul class=\"blocks-gallery-grid\"><li class=\"blocks-gallery-item\"><figure><img loading=\"lazy\" decoding=\"async\" width=\"720\" height=\"720\" src=\"https:\/\/fedai.az\/wp-content\/uploads\/2021\/07\/222249835_2991065991162963_2113485705098193205_n.jpg\" alt=\"\" data-id=\"43675\" data-link=\"https:\/\/fedai.az\/?attachment_id=43675\" class=\"wp-image-43675\" srcset=\"https:\/\/fedai.az\/wp-content\/uploads\/2021\/07\/222249835_2991065991162963_2113485705098193205_n.jpg 720w, https:\/\/fedai.az\/wp-content\/uploads\/2021\/07\/222249835_2991065991162963_2113485705098193205_n-300x300.jpg 300w, https:\/\/fedai.az\/wp-content\/uploads\/2021\/07\/222249835_2991065991162963_2113485705098193205_n-150x150.jpg 150w, https:\/\/fedai.az\/wp-content\/uploads\/2021\/07\/222249835_2991065991162963_2113485705098193205_n-215x215.jpg 215w\" sizes=\"auto, (max-width: 720px) 100vw, 720px\" \/><\/figure><\/li><li class=\"blocks-gallery-item\"><figure><img loading=\"lazy\" decoding=\"async\" width=\"719\" height=\"676\" src=\"https:\/\/fedai.az\/wp-content\/uploads\/2021\/07\/NNNH.jpg\" alt=\"\" data-id=\"43676\" data-link=\"https:\/\/fedai.az\/?attachment_id=43676\" class=\"wp-image-43676\" srcset=\"https:\/\/fedai.az\/wp-content\/uploads\/2021\/07\/NNNH.jpg 719w, https:\/\/fedai.az\/wp-content\/uploads\/2021\/07\/NNNH-300x282.jpg 300w, https:\/\/fedai.az\/wp-content\/uploads\/2021\/07\/NNNH-150x141.jpg 150w\" sizes=\"auto, (max-width: 719px) 100vw, 719px\" \/><\/figure><\/li><\/ul><\/figure>\n\n\n\n<p>&nbsp;&nbsp; &nbsp;Ehtiyyatda olan tibb xidm\u0259ti mayoru Beybudov R\u00f6v\u015f\u0259n Aslan o\u011flu&nbsp; 23 \u0131yul 1970- ci ild\u0259 Masall\u0131 rayonunun T\u0259kl\u0259 k\u0259ndind\u0259 anadan olub. 1985 &#8212; 1988 &#8212; ci ill\u0259rd\u0259 Bak\u0131 \u015f\u0259h\u0259rind\u0259&nbsp; kimya &#8212; biologiya litseyind\u0259 oxuyub .1995 &#8212; ci ild\u0259 Az\u0259rbaycan D\u00f6vl\u0259t T\u0130BB \u00dcniversitetini bitrib. Az\u0259rbaycan Respublikas\u0131 S\u0259hiyy\u0259 Nazirliyi H\u0259kiml\u0259ri T\u0259kmill\u0259\u015fdirm\u0259si \u0130nstitutunda &#171;Sosial gigiyena v\u0259 S\u0259hiyy\u0259nin t\u0259\u015fkili kursunda olmu\u015f v\u0259 Daxili \u0130\u015fl\u0259r Nazirliyinin Tibb \u0130dar\u0259sind\u0259 ke\u00e7iril\u0259n professor v\u0259 m\u00fc\u0259llim hey\u0259tinin atestasiyas\u0131nda&nbsp; 1 (birinci) d\u0259r\u0259c\u0259li s\u0259hiyy\u0259 t\u0259\u015fkilat\u00e7\u0131s\u0131 ad\u0131n\u0131 alm\u0131\u015fd\u0131r.<\/p>\n\n\n\n<figure class=\"wp-block-gallery columns-2 is-cropped wp-block-gallery-2 is-layout-flex wp-block-gallery-is-layout-flex\"><ul class=\"blocks-gallery-grid\"><li class=\"blocks-gallery-item\"><figure><img loading=\"lazy\" decoding=\"async\" width=\"684\" height=\"929\" src=\"https:\/\/fedai.az\/wp-content\/uploads\/2021\/07\/bhggf.jpg\" alt=\"\" data-id=\"43716\" data-link=\"https:\/\/fedai.az\/?attachment_id=43716\" class=\"wp-image-43716\" srcset=\"https:\/\/fedai.az\/wp-content\/uploads\/2021\/07\/bhggf.jpg 684w, https:\/\/fedai.az\/wp-content\/uploads\/2021\/07\/bhggf-221x300.jpg 221w, https:\/\/fedai.az\/wp-content\/uploads\/2021\/07\/bhggf-110x150.jpg 110w\" sizes=\"auto, (max-width: 684px) 100vw, 684px\" \/><\/figure><\/li><li class=\"blocks-gallery-item\"><figure><img loading=\"lazy\" decoding=\"async\" width=\"586\" height=\"712\" src=\"https:\/\/fedai.az\/wp-content\/uploads\/2021\/07\/ooo.jpg\" alt=\"\" data-id=\"43717\" data-full-url=\"https:\/\/fedai.az\/wp-content\/uploads\/2021\/07\/ooo.jpg\" data-link=\"https:\/\/fedai.az\/?attachment_id=43717\" class=\"wp-image-43717\" srcset=\"https:\/\/fedai.az\/wp-content\/uploads\/2021\/07\/ooo.jpg 586w, https:\/\/fedai.az\/wp-content\/uploads\/2021\/07\/ooo-247x300.jpg 247w, https:\/\/fedai.az\/wp-content\/uploads\/2021\/07\/ooo-123x150.jpg 123w\" sizes=\"auto, (max-width: 586px) 100vw, 586px\" \/><\/figure><\/li><\/ul><\/figure>\n\n\n\n<p>&nbsp;&nbsp; R\u00f6v\u015f\u0259n Behbudov&nbsp; 2021- ci ild\u0259 T\u00fcrkiy\u0259 Respublikas\u0131 &#171;Ademer Egitim Kurslar\u0131na\u201d&nbsp; qat\u0131laraq &#171;Fitoterapiya,&nbsp; Akupunktura&#187; \u00e7in qida vasit\u0259l\u0259ri, tibet t\u0259bab\u0259ti&nbsp; sah\u0259si \u00fczr\u0259 &#187; Beyn\u0259lxalq Sertifikat\u0131na&#187; layiq g\u00f6r\u00fclm\u00fc\u015fd\u00fcr.<\/p>\n\n\n\n<p>&nbsp;&nbsp;&nbsp;&nbsp; 1995 &#8212; 2015 -ci ill\u0259rd\u0259 Daxili \u0130\u015fl\u0259r Nazirliyinin Daxili Qo\u015funlar\u0131n\u0131n Bas \u0130dar\u0259sinin N\u0259rmanov, F\u00fczuli, Bin\u0259q\u0259di v\u0259 X\u0259tai rayonlar\u0131nda yerl\u0259\u015f\u0259n h\u0259rbi hiss\u0259l\u0259rd\u0259 tibb m\u0259nt\u0259q\u0259sinin r\u0259isi, Alay\u0131n v\u0259 birqadan\u0131n is\u0259 Tibb Xidm\u0259t r\u0259isi v\u0259zif\u0259sind\u0259 xidm\u0259t edib.<\/p>\n\n\n\n<p>&nbsp;&nbsp;&nbsp; 2015 &#8212; ci ild\u0259n Xarici \u015eirk\u0259tinin Transmilli Holdinqinin &#171;Sa\u011flaml\u0131q sektorunda &#187; menecment haz\u0131rlamaq&nbsp; v\u0259 Almaniyan\u0131n Nano texnologiyas\u0131 \u0259sas\u0131nda Tibet reseptl\u0259ri il\u0259 haz\u0131rlanm\u0131\u015f saglamla\u015fd\u0131r\u0131c\u0131 t\u0259bii m\u0259hsullar v\u0259 tibbi avadanl\u0131qlar\u0131n \u0259halinin sa\u011flaml\u0131\u011f\u0131 v\u0259 maarifl\u0259ndirilm\u0259si sah\u0259sind\u0259 lektor, t\u0259lim\u00e7i kimi f\u0259aliyy\u0259tin\u0259 start verib. Bununla yana\u015f\u0131, \u015e\u0259rq-Tibet t\u0259bab\u0259ti, Akupunktura,&nbsp; fitoterapiya qidalarla m\u00fcalic\u0259 sah\u0259sind\u0259 f\u0259aliyy\u0259tini art\u0131raraq&nbsp; t\u0259bii yolla m\u00fcalic\u0259 il\u0259 d\u0259 m\u0259\u015f\u011fuldur.<\/p>\n\n\n\n<figure class=\"wp-block-gallery columns-3 is-cropped wp-block-gallery-3 is-layout-flex wp-block-gallery-is-layout-flex\"><ul class=\"blocks-gallery-grid\"><li class=\"blocks-gallery-item\"><figure><img loading=\"lazy\" decoding=\"async\" width=\"720\" height=\"720\" src=\"https:\/\/fedai.az\/wp-content\/uploads\/2021\/07\/221692247_202311488571309_8021847525806540835_n.jpg\" alt=\"\" data-id=\"43677\" data-link=\"https:\/\/fedai.az\/?attachment_id=43677\" class=\"wp-image-43677\" srcset=\"https:\/\/fedai.az\/wp-content\/uploads\/2021\/07\/221692247_202311488571309_8021847525806540835_n.jpg 720w, https:\/\/fedai.az\/wp-content\/uploads\/2021\/07\/221692247_202311488571309_8021847525806540835_n-300x300.jpg 300w, https:\/\/fedai.az\/wp-content\/uploads\/2021\/07\/221692247_202311488571309_8021847525806540835_n-150x150.jpg 150w, https:\/\/fedai.az\/wp-content\/uploads\/2021\/07\/221692247_202311488571309_8021847525806540835_n-215x215.jpg 215w\" sizes=\"auto, (max-width: 720px) 100vw, 720px\" \/><\/figure><\/li><li class=\"blocks-gallery-item\"><figure><img loading=\"lazy\" decoding=\"async\" width=\"407\" height=\"421\" src=\"https:\/\/fedai.az\/wp-content\/uploads\/2021\/07\/BHN.jpg\" alt=\"\" data-id=\"43678\" data-link=\"https:\/\/fedai.az\/?attachment_id=43678\" class=\"wp-image-43678\" srcset=\"https:\/\/fedai.az\/wp-content\/uploads\/2021\/07\/BHN.jpg 407w, https:\/\/fedai.az\/wp-content\/uploads\/2021\/07\/BHN-290x300.jpg 290w, https:\/\/fedai.az\/wp-content\/uploads\/2021\/07\/BHN-145x150.jpg 145w\" sizes=\"auto, (max-width: 407px) 100vw, 407px\" \/><\/figure><\/li><li class=\"blocks-gallery-item\"><figure><img loading=\"lazy\" decoding=\"async\" width=\"595\" height=\"523\" src=\"https:\/\/fedai.az\/wp-content\/uploads\/2021\/07\/XS.jpg\" alt=\"\" data-id=\"43679\" data-full-url=\"https:\/\/fedai.az\/wp-content\/uploads\/2021\/07\/XS.jpg\" data-link=\"https:\/\/fedai.az\/?attachment_id=43679\" class=\"wp-image-43679\" srcset=\"https:\/\/fedai.az\/wp-content\/uploads\/2021\/07\/XS.jpg 595w, https:\/\/fedai.az\/wp-content\/uploads\/2021\/07\/XS-300x264.jpg 300w, https:\/\/fedai.az\/wp-content\/uploads\/2021\/07\/XS-150x132.jpg 150w\" sizes=\"auto, (max-width: 595px) 100vw, 595px\" \/><\/figure><\/li><\/ul><\/figure>\n\n\n\n<p>&nbsp;&nbsp;&nbsp; O, pe\u015f\u0259karl\u0131\u011f\u0131, humanistliyi v\u0259 s\u0259m\u0259r\u0259liliyi il\u0259 secil\u0259n \u0259n m\u0259hsuldar d\u00f6vr\u00fcn\u00fcn&nbsp; 33 illik \u015f\u0259r\u0259fli xidm\u0259t yolunun 7 (yeddi) ilini tibb universitetind\u0259 , 20 (iyrimi) ild\u0259n \u00e7oxunu Daxili \u0130\u015fl\u0259r Nazirliyinin Daxili Qo\u015funlar\u0131nda h\u0259rbi xidm\u0259td\u0259 kecirib,&nbsp; 6 (alt\u0131) ilini is\u0259 Xarici \u015eirk\u0259tin Transmilli Holdinqinin &#171;Sa\u011flaml\u0131q sektorunda&#187; ke\u00e7irib.<\/p>\n\n\n\n<p>&nbsp;&nbsp; Tibb xidm\u0259ti&nbsp; mayoru R.Beybudov Daxili \u0130\u015fl\u0259r Nazirliyinin Daxili Qo\u015funlar\u0131n\u0131n Bas \u0130dar\u0259sinin&nbsp; Bin\u0259q\u0259di, X\u0259tai, N\u0259rimanov v\u0259 F\u00fczuli&nbsp; rayonunlar\u0131nda yerl\u0259\u015f\u0259n h\u0259rbi<\/p>\n\n\n\n<figure class=\"wp-block-gallery columns-2 is-cropped wp-block-gallery-4 is-layout-flex wp-block-gallery-is-layout-flex\"><ul class=\"blocks-gallery-grid\"><li class=\"blocks-gallery-item\"><figure><img loading=\"lazy\" decoding=\"async\" width=\"622\" height=\"397\" src=\"https:\/\/fedai.az\/wp-content\/uploads\/2021\/07\/BHK.jpg\" alt=\"\" data-id=\"43680\" data-link=\"https:\/\/fedai.az\/?attachment_id=43680\" class=\"wp-image-43680\" srcset=\"https:\/\/fedai.az\/wp-content\/uploads\/2021\/07\/BHK.jpg 622w, https:\/\/fedai.az\/wp-content\/uploads\/2021\/07\/BHK-300x191.jpg 300w, https:\/\/fedai.az\/wp-content\/uploads\/2021\/07\/BHK-150x96.jpg 150w, https:\/\/fedai.az\/wp-content\/uploads\/2021\/07\/BHK-115x73.jpg 115w\" sizes=\"auto, (max-width: 622px) 100vw, 622px\" \/><\/figure><\/li><li class=\"blocks-gallery-item\"><figure><img loading=\"lazy\" decoding=\"async\" width=\"622\" height=\"462\" src=\"https:\/\/fedai.az\/wp-content\/uploads\/2021\/07\/NJU.jpg\" alt=\"\" data-id=\"43682\" data-full-url=\"https:\/\/fedai.az\/wp-content\/uploads\/2021\/07\/NJU.jpg\" data-link=\"https:\/\/fedai.az\/?attachment_id=43682\" class=\"wp-image-43682\" srcset=\"https:\/\/fedai.az\/wp-content\/uploads\/2021\/07\/NJU.jpg 622w, https:\/\/fedai.az\/wp-content\/uploads\/2021\/07\/NJU-300x223.jpg 300w, https:\/\/fedai.az\/wp-content\/uploads\/2021\/07\/NJU-150x111.jpg 150w\" sizes=\"auto, (max-width: 622px) 100vw, 622px\" \/><\/figure><\/li><\/ul><\/figure>\n\n\n\n<p>hiss\u0259l\u0259rind\u0259 xidm\u0259t ed\u0259rk\u0259n, s\u0259m\u0259r\u0259li f\u0259aliyy\u0259ti il\u0259, i\u015fg\u00fczarl\u0131q v\u0259&nbsp; m\u0259n\u0259vi keyfiyy\u0259ti il\u0259, t\u0259\u015fk\u0131lat\u00e7\u0131l\u0131q bacar\u0131\u011f\u0131 il\u0259, n\u0259z\u0259ri v\u0259 praktiki biliyi il\u0259 il\u0259 Daxili Qo\u015funlar\u0131n Komandanl\u0131\u011f\u0131n\u0131n v\u0259 xidm\u0259t etdiyi h\u0259rbi hiss\u0259 komandirl\u0259rinin daimi diqq\u0259t m\u0259rk\u0259zind\u0259 olmu\u015fdur<\/p>\n\n\n\n<p>&nbsp;&nbsp; Tibb xidm\u0259ti mayoru R.Beybudov&nbsp; Daxili \u0130\u015fl\u0259r Naziri Nazirliyinin Daxili Qo\u015funlar\u0131n\u0131n Bas \u0130dar\u0259sinin h\u0259rbi hiss\u0259l\u0259rind\u0259 xidm\u0259t etdiyi ill\u0259r \u0259rzind\u0259 Az\u0259rbaycan Respublikas\u0131n\u0131n Konstitusiyas\u0131na v\u0259 qanunlar\u0131na, h\u0259rbi and\u0131n, h\u0259rbi nizamnam\u0259l\u0259rin t\u0259l\u0259bl\u0259rin\u0259 v\u0259 v\u0259zif\u0259 borcuna, h\u0259kim and\u0131na \u0259m\u0259l etm\u0259kd\u0259, \u015f\u0259xs\u0259n bir \u00e7ox h\u0259rbi qulluq\u00e7ulara n\u00fcmun\u0259 olmu\u015fdur.<\/p>\n\n\n\n<figure class=\"wp-block-gallery columns-3 is-cropped wp-block-gallery-5 is-layout-flex wp-block-gallery-is-layout-flex\"><ul class=\"blocks-gallery-grid\"><li class=\"blocks-gallery-item\"><figure><img loading=\"lazy\" decoding=\"async\" width=\"594\" height=\"594\" src=\"https:\/\/fedai.az\/wp-content\/uploads\/2021\/07\/218496065_279163290631682_1321299730003397269_n.jpg\" alt=\"\" data-id=\"43681\" data-link=\"https:\/\/fedai.az\/?attachment_id=43681\" class=\"wp-image-43681\" srcset=\"https:\/\/fedai.az\/wp-content\/uploads\/2021\/07\/218496065_279163290631682_1321299730003397269_n.jpg 594w, https:\/\/fedai.az\/wp-content\/uploads\/2021\/07\/218496065_279163290631682_1321299730003397269_n-300x300.jpg 300w, https:\/\/fedai.az\/wp-content\/uploads\/2021\/07\/218496065_279163290631682_1321299730003397269_n-150x150.jpg 150w, https:\/\/fedai.az\/wp-content\/uploads\/2021\/07\/218496065_279163290631682_1321299730003397269_n-215x215.jpg 215w\" sizes=\"auto, (max-width: 594px) 100vw, 594px\" \/><\/figure><\/li><li class=\"blocks-gallery-item\"><figure><img loading=\"lazy\" decoding=\"async\" width=\"631\" height=\"540\" src=\"https:\/\/fedai.az\/wp-content\/uploads\/2021\/07\/MMK.jpg\" alt=\"\" data-id=\"43683\" data-link=\"https:\/\/fedai.az\/?attachment_id=43683\" class=\"wp-image-43683\" srcset=\"https:\/\/fedai.az\/wp-content\/uploads\/2021\/07\/MMK.jpg 631w, https:\/\/fedai.az\/wp-content\/uploads\/2021\/07\/MMK-300x257.jpg 300w, https:\/\/fedai.az\/wp-content\/uploads\/2021\/07\/MMK-150x128.jpg 150w\" sizes=\"auto, (max-width: 631px) 100vw, 631px\" \/><\/figure><\/li><li class=\"blocks-gallery-item\"><figure><img loading=\"lazy\" decoding=\"async\" width=\"559\" height=\"510\" src=\"https:\/\/fedai.az\/wp-content\/uploads\/2021\/07\/MI.jpg\" alt=\"\" data-id=\"43684\" data-full-url=\"https:\/\/fedai.az\/wp-content\/uploads\/2021\/07\/MI.jpg\" data-link=\"https:\/\/fedai.az\/?attachment_id=43684\" class=\"wp-image-43684\" srcset=\"https:\/\/fedai.az\/wp-content\/uploads\/2021\/07\/MI.jpg 559w, https:\/\/fedai.az\/wp-content\/uploads\/2021\/07\/MI-300x274.jpg 300w, https:\/\/fedai.az\/wp-content\/uploads\/2021\/07\/MI-150x137.jpg 150w\" sizes=\"auto, (max-width: 559px) 100vw, 559px\" \/><\/figure><\/li><\/ul><\/figure>\n\n\n\n<p>&nbsp;&nbsp; O, Daxili Qo\u015funlara, xidm\u0259t etdiyi h\u0259rbi hiss\u0259y\u0259 v\u0259 tibb xidm\u0259tin\u0259&nbsp; h\u0259val\u0259 edilmi\u015f v\u0259zif\u0259l\u0259rin v\u0259 tap\u015f\u0131r\u0131qlar\u0131n\u0131n yerin\u0259 yetirilm\u0259sind\u0259, cinay\u0259tkarl\u0131\u011fa qar\u015f\u0131 m\u00fcbariz\u0259d\u0259, ictimai qaydan\u0131n qorunmas\u0131nda, ictimai t\u0259hl\u00fck\u0259sizliyin t\u0259min edilm\u0259sind\u0259,&nbsp; el\u0259c\u0259d\u0259 xidm\u0259t etdiyi h\u0259rbi hiss\u0259nin F\u00fczuli rayon d\u00f6y\u00fc\u015f b\u00f6lg\u0259sind\u0259 oldu\u011fu m\u00fcdd\u0259td\u0259 \u00fcz\u0259rin\u0259 d\u00fc\u015f\u0259n v\u0259zif\u0259l\u0259rin yerin\u0259 yetirilm\u0259sin\u0259 m\u0259suliyy\u0259tl\u0259 yana\u015f\u0131b.<\/p>\n\n\n\n<figure class=\"wp-block-gallery columns-2 is-cropped wp-block-gallery-6 is-layout-flex wp-block-gallery-is-layout-flex\"><ul class=\"blocks-gallery-grid\"><li class=\"blocks-gallery-item\"><figure><img decoding=\"async\" src=\"https:\/\/fedai.az\/wp-content\/uploads\/2021\/07\/BBY-2.jpg\" alt=\"\" data-id=\"43685\" data-link=\"https:\/\/fedai.az\/?attachment_id=43685\" class=\"wp-image-43685\"\/><\/figure><\/li><li class=\"blocks-gallery-item\"><figure><img loading=\"lazy\" decoding=\"async\" width=\"437\" height=\"488\" src=\"https:\/\/fedai.az\/wp-content\/uploads\/2021\/07\/BYI.jpg\" alt=\"\" data-id=\"43687\" data-link=\"https:\/\/fedai.az\/?attachment_id=43687\" class=\"wp-image-43687\" srcset=\"https:\/\/fedai.az\/wp-content\/uploads\/2021\/07\/BYI.jpg 437w, https:\/\/fedai.az\/wp-content\/uploads\/2021\/07\/BYI-269x300.jpg 269w, https:\/\/fedai.az\/wp-content\/uploads\/2021\/07\/BYI-134x150.jpg 134w\" sizes=\"auto, (max-width: 437px) 100vw, 437px\" \/><\/figure><\/li><\/ul><\/figure>\n\n\n\n<p>&nbsp;&nbsp;&nbsp;&nbsp; Ehtiyatda olan tibb xidm\u0259ti mayoru R\u00f6v\u015f\u0259n Beybudov&nbsp; Daxili Qo\u015funlar\u0131n Ba\u015f \u0130dar\u0259sinin&nbsp; h\u0259rbi hiss\u0259l\u0259rind\u0259 xidm\u0259t etdiyi ill\u0259rd\u0259, xidm\u0259td\u0259 f\u0259rql\u0259ndiyin\u0259 g\u00f6r\u0259 Daxili \u0130\u015fl\u0259r Nazirinin, Daxili Qo\u015funlar Komandan\u0131n\u0131n v\u0259 xidm\u0259t etdiyi h\u0259rbi hiss\u0259 komandirl\u0259rinin m\u00fcvafiq \u0259mrl\u0259ri il\u0259 bir sira medalarla ( &#171;Q\u00fcsursuz xidm\u0259t\u0259 g\u00f6r\u0259&#187;, &#171;Silahl\u0131 Q\u00fcvv\u0259l\u0259rin 10 illiyi v\u0259 90 illiyi&#187; medallar\u0131 il\u0259),&nbsp;Daxili Qo\u015fular\u0131n &#171;15 illik yubiley d\u00f6\u015f ni\u015fan\u0131&#187; il\u0259, f\u0259xri f\u0259rmanlarla, qiym\u0259tli h\u0259diyy\u0259l\u0259r il\u0259&nbsp;mukafland\u0131rl\u0131b.<\/p>\n\n\n\n<p>&nbsp;&nbsp;&nbsp;&nbsp; Bundan \u0259lav\u0259 o, Az\u0259rbaycan V\u0259t\u0259n m\u00fcharib\u0259si Veteranlar\u0131 \u0130ctimai Birliyinin t\u0259sis etdiyi medallarla t\u0259ltif olunub.<\/p>\n\n\n\n<p><strong>Az\u0259rbaycan V\u0259t\u0259n M\u00fcharib\u0259si Veteranlar\u0131 \u0130ctimai Birliyinin s\u0259dr m\u00fcavini, polkovnik Salman Musayev<\/strong><\/p>\n\n\n\n<figure class=\"wp-block-gallery columns-2 is-cropped wp-block-gallery-7 is-layout-flex wp-block-gallery-is-layout-flex\"><ul class=\"blocks-gallery-grid\"><li class=\"blocks-gallery-item\"><figure><img loading=\"lazy\" decoding=\"async\" width=\"720\" height=\"720\" src=\"https:\/\/fedai.az\/wp-content\/uploads\/2021\/07\/221692247_202311488571309_8021847525806540835_n-1.jpg\" alt=\"\" data-id=\"43698\" data-full-url=\"https:\/\/fedai.az\/wp-content\/uploads\/2021\/07\/221692247_202311488571309_8021847525806540835_n-1.jpg\" data-link=\"https:\/\/fedai.az\/?attachment_id=43698\" class=\"wp-image-43698\" srcset=\"https:\/\/fedai.az\/wp-content\/uploads\/2021\/07\/221692247_202311488571309_8021847525806540835_n-1.jpg 720w, https:\/\/fedai.az\/wp-content\/uploads\/2021\/07\/221692247_202311488571309_8021847525806540835_n-1-300x300.jpg 300w, https:\/\/fedai.az\/wp-content\/uploads\/2021\/07\/221692247_202311488571309_8021847525806540835_n-1-150x150.jpg 150w, https:\/\/fedai.az\/wp-content\/uploads\/2021\/07\/221692247_202311488571309_8021847525806540835_n-1-215x215.jpg 215w\" sizes=\"auto, (max-width: 720px) 100vw, 720px\" \/><\/figure><\/li><li class=\"blocks-gallery-item\"><figure><img decoding=\"async\" src=\"https:\/\/fedai.az\/wp-content\/uploads\/2021\/07\/8265a327389da9fe4fdc2714b309120e-2.jpg\" alt=\"\" data-id=\"43689\" data-link=\"https:\/\/fedai.az\/?attachment_id=43689\" class=\"wp-image-43689\"\/><\/figure><\/li><\/ul><\/figure>\n","protected":false},"excerpt":{"rendered":"<p>T\u0130BB X\u0130DM\u018fT\u0130 MAYORU R\u00d6V\u015e\u018fN BEYBUDOVUN 51 YA\u015eI TAMAM OLUR. &nbsp;&nbsp;&nbsp; AVMV\u0130B r\u0259hb\u0259rliyi, F\u0259dai kolektivi v\u0259 Az\u0259rbaycan V\u0259t\u0259n M\u00fcharib\u0259si Veteranlar\u0131 \u0130ctimai Birliyinin s\u0259dr m\u00fcavini, polkovnik<\/p>\n","protected":false},"author":2,"featured_media":0,"comment_status":"closed","ping_status":"closed","sticky":false,"template":"","format":"standard","meta":{"footnotes":""},"categories":[5],"tags":[],"class_list":["post-43674","post","type-post","status-publish","format-standard","hentry","category-veteran"],"aioseo_notices":[],"_links":{"self":[{"href":"https:\/\/fedai.az\/index.php?rest_route=\/wp\/v2\/posts\/43674","targetHints":{"allow":["GET"]}}],"collection":[{"href":"https:\/\/fedai.az\/index.php?rest_route=\/wp\/v2\/posts"}],"about":[{"href":"https:\/\/fedai.az\/index.php?rest_route=\/wp\/v2\/types\/post"}],"author":[{"embeddable":true,"href":"https:\/\/fedai.az\/index.php?rest_route=\/wp\/v2\/users\/2"}],"replies":[{"embeddable":true,"href":"https:\/\/fedai.az\/index.php?rest_route=%2Fwp%2Fv2%2Fcomments&post=43674"}],"version-history":[{"count":5,"href":"https:\/\/fedai.az\/index.php?rest_route=\/wp\/v2\/posts\/43674\/revisions"}],"predecessor-version":[{"id":43718,"href":"https:\/\/fedai.az\/index.php?rest_route=\/wp\/v2\/posts\/43674\/revisions\/43718"}],"wp:attachment":[{"href":"https:\/\/fedai.az\/index.php?rest_route=%2Fwp%2Fv2%2Fmedia&parent=43674"}],"wp:term":[{"taxonomy":"category","embeddable":true,"href":"https:\/\/fedai.az\/index.php?rest_route=%2Fwp%2Fv2%2Fcategories&post=43674"},{"taxonomy":"post_tag","embeddable":true,"href":"https:\/\/fedai.az\/index.php?rest_route=%2Fwp%2Fv2%2Ftags&post=43674"}],"curies":[{"name":"wp","href":"https:\/\/api.w.org\/{rel}","templated":true}]}}