{"id":43700,"date":"2021-07-23T12:03:42","date_gmt":"2021-07-23T08:03:42","guid":{"rendered":"https:\/\/fedai.az\/?p=43700"},"modified":"2021-07-23T12:03:47","modified_gmt":"2021-07-23T08:03:47","slug":"t%c9%99brik-xalid-seyf%c9%99ddin-oglu-salbuzov-60","status":"publish","type":"post","link":"https:\/\/fedai.az\/?p=43700","title":{"rendered":"T\u018fBR\u0130K: XAL\u0130D SEYF\u018fDD\u0130N \u00d6GLU \u015eALBUZOV &#8212; 60"},"content":{"rendered":"\n<p><strong>&nbsp;&nbsp;&nbsp;&nbsp; Az\u0259rbaycan V\u0259t\u0259n M\u00fcharib\u0259si Veteranlar\u0131 \u0130ctimai Birliyinin s\u0259dr m\u00fcavini polkovnik Salman Musayev&nbsp; ehtiyatda olan mayor Xalid \u015ealbuzovu dogum g\u00fcn\u00fc munasb\u0259til\u0259 s\u0259mimi q\u0259lbd\u0259n t\u0259brik edir, h\u0259yatda insan \u00fcc\u00fcn \u0259n \u015firin neym\u0259t olan m\u00f6hk\u0259m can sa\u011fl\u0131\u011f\u0131 v\u0259 h\u0259yat yollar\u0131nda bitib &#8212; t\u00fck\u0259nm\u0259y\u0259n nailiyy\u0259tl\u0259r arzulay\u0131r. Qoy&nbsp; ya\u015f\u0131n\u0131n \u00fcst\u0259 g\u0259l\u0259n bu ya\u015f ona sevinc dolu g\u00fcnl\u0259r b\u0259x\u015f etsin, h\u0259r yeni g\u00fcn&nbsp; is\u0259 \u00f6t\u0259n g\u00fcnl\u0259rd\u0259n daha g\u00f6z\u0259l ist\u0259kl\u0259rin\u0259 uy\u011fun onu xo\u015fb\u0259xt ed\u0259c\u0259k \u015f\u0259kild\u0259 ke\u00e7sin. <\/strong><strong>AM\u0130N.<\/strong><\/p>\n\n\n\n<p>\u00a0\u00a0\u00a0\u00a0\u00a0 \u0130stefada olan mayor \u015ealbuzov Xalid Seyf\u0259ddin o\u011flu 23 iyul 1961ci ild\u0259 Qusar rayonunun Yuxar\u0131 Tahircan k\u0259ndind\u0259 anadan olub. O, 1979 &#8212; cu ild\u0259 orta m\u0259kt\u0259bi bitirib.<\/p>\n\n\n\n<figure class=\"wp-block-gallery columns-2 is-cropped wp-block-gallery-1 is-layout-flex wp-block-gallery-is-layout-flex\"><ul class=\"blocks-gallery-grid\"><li class=\"blocks-gallery-item\"><figure><img loading=\"lazy\" decoding=\"async\" width=\"720\" height=\"858\" src=\"https:\/\/fedai.az\/wp-content\/uploads\/2021\/07\/jkj.jpg\" alt=\"\" data-id=\"43701\" data-link=\"https:\/\/fedai.az\/?attachment_id=43701\" class=\"wp-image-43701\" srcset=\"https:\/\/fedai.az\/wp-content\/uploads\/2021\/07\/jkj.jpg 720w, https:\/\/fedai.az\/wp-content\/uploads\/2021\/07\/jkj-252x300.jpg 252w, https:\/\/fedai.az\/wp-content\/uploads\/2021\/07\/jkj-126x150.jpg 126w\" sizes=\"auto, (max-width: 720px) 100vw, 720px\" \/><\/figure><\/li><li class=\"blocks-gallery-item\"><figure><img loading=\"lazy\" decoding=\"async\" width=\"719\" height=\"1024\" src=\"https:\/\/fedai.az\/wp-content\/uploads\/2021\/07\/bgto-719x1024.jpg\" alt=\"\" data-id=\"43702\" data-full-url=\"https:\/\/fedai.az\/wp-content\/uploads\/2021\/07\/bgto.jpg\" data-link=\"https:\/\/fedai.az\/?attachment_id=43702\" class=\"wp-image-43702\" srcset=\"https:\/\/fedai.az\/wp-content\/uploads\/2021\/07\/bgto-719x1024.jpg 719w, https:\/\/fedai.az\/wp-content\/uploads\/2021\/07\/bgto-211x300.jpg 211w, https:\/\/fedai.az\/wp-content\/uploads\/2021\/07\/bgto-105x150.jpg 105w, https:\/\/fedai.az\/wp-content\/uploads\/2021\/07\/bgto-768x1094.jpg 768w, https:\/\/fedai.az\/wp-content\/uploads\/2021\/07\/bgto.jpg 901w\" sizes=\"auto, (max-width: 719px) 100vw, 719px\" \/><\/figure><\/li><\/ul><\/figure>\n\n\n\n<p>\u00a0\u00a0\u00a0\u00a0 X. \u015ealbuzov 1980 -1982 ci ill\u0259rd\u0259\u00a0 SSR\u0130 M\u00fcdafi\u0259 Nazirliyinin Pol\u015fada yerl\u0259\u015f\u0259n h\u0259rbi his\u0259sind\u0259 m\u00fcdd\u0259tli h\u0259qqi h\u0259rbi xidm\u0259td\u0259 olub. O, 1984 -cu ild\u0259 SSR\u0130 M\u00fcdafi\u0259 Nazirliyinin\u00a0 Volqaqrad \u015f\u0259h\u0259rind\u0259 yerl\u0259\u015f\u0259n gizirl\u0259r m\u0259kt\u0259bini bitirib.<\/p>\n\n\n\n<p>\u00a0\u00a0\u00a0\u00a0 O, 1985 -1991 -ci ill\u0259rd\u0259 SSR\u0130 M\u00fcdafi\u0259 Nazirliyinin D\u0259miryol Qo\u015funlar\u0131n\u0131n Bak\u0131 \u015f\u0259h\u0259rinin N\u0259rimanov rayonunda (Montin q\u0259s\u0259b\u0259sind\u0259) yerl\u0259\u015f\u0259n h\u0259rbi hiss\u0259nin Silah xidm\u0259tind\u0259 m\u00fcxt\u0259lif v\u0259zif\u0259l\u0259rd\u0259 olub. X.\u015ealbuzov1992 -2017 -ci ill\u0259rd\u0259\u00a0 Az\u0259rbaycan Respublikas\u0131n\u0131n Daxili \u0130\u015fl\u0259r Nazirliyinin Daxili Qo\u015funlar\u0131n\u0131n Bas \u0130dar\u0259sinin \u018flahidd\u0259 konvoy (m\u00fc\u015fayi\u0259t) h\u0259rbi his\u0259sind\u0259, Daxili Qo\u015funlar\u0131n Bas \u0130dar\u0259sinin N\u0259rimanov, F\u00fczuli, X\u0259tai, Hac\u0131qabul rayonlar\u0131nda v\u0259 L\u0259nk\u0259ran \u015f\u0259h\u0259rind\u0259 yerl\u0259\u015f\u0259n h\u0259rbi hiss\u0259l\u0259rd\u0259 silah xidm\u0259ti uzr\u0259 m\u00fcxt\u0259lif v\u0259zif\u0259l\u0259rd\u0259 xidm\u0259t edib. O, 2017-ci ild\u0259\u00a0 h\u0259rb\u0131 hiss\u0259nin silah xidm\u0259ti r\u0259isi\u00a0 v\u0259zif\u0259sind\u0259n Silahl\u0131 Q\u00fcvv\u0259l\u0259rd\u0259n ehtiyata burax\u0131l\u0131b.<\/p>\n\n\n\n<p>\u00a0\u00a0\u00a0\u00a0 O, \u00f6z pe\u015f\u0259karl\u0131\u011f\u0131, humanistliyi v\u0259 s\u0259m\u0259r\u0259liliyi il\u0259 secil\u0259n \u0259n m\u0259hsuldar d\u00f6vr\u00fcn\u00fcn 33 (otuz \u00fcc ) ild\u0259n cox \u015f\u0259r\u0259fli xidm\u0259ti yolunu SSR\u0130\u00a0 H\u0259rbi D\u0259mir Yol Qo\u015funlar\u0131nda v\u0259 Az\u0259rbaycan Respublikas\u0131n\u0131n Daxili \u0130\u015fl\u0259r Nazirliyinin Daxili Qo\u015funlar\u0131nda h\u0259rbi xidm\u0259td\u0259 kecirib<\/p>\n\n\n\n<p>&nbsp;&nbsp;&nbsp;&nbsp; O, Daxili Qo\u015funlarda xidm\u0259t etdiyi h\u0259rbi hiss\u0259y\u0259 v\u0259 Silah Xidm\u0259tin\u0259 aid h\u0259val\u0259 edilmi\u015f v\u0259zif\u0259l\u0259rin v\u0259 tap\u015f\u0131r\u0131qlar\u0131n\u0131n yerin\u0259 yetirilm\u0259sind\u0259, cinay\u0259tkarl\u0131\u011fa qar\u015f\u0131 m\u00fcbariz\u0259d\u0259 , ictimai \u0259sayi\u015fin qorunmas\u0131nda, ictimai t\u0259hl\u00fck\u0259sizliyin t\u0259min edilm\u0259sind\u0259, el\u0259c\u0259d\u0259&nbsp; xidm\u0259t etdiyi h\u0259rbi hiss\u0259nin d\u00f6y\u00fc\u015f b\u00f6lg\u0259l\u0259rind\u0259 oldu\u011fu m\u00fcdd\u0259td\u0259 \u00fcz\u0259rin\u0259 d\u00fc\u015f\u0259n v\u0259zif\u0259l\u0259rin yerin\u0259 yetirilm\u0259sin\u0259 m\u0259suliyy\u0259tl\u0259 yana\u015fib.<\/p>\n\n\n\n<p>&nbsp;&nbsp;&nbsp;&nbsp; Ehtiyatda olan mayor Xalid \u015ealbuzov Daxili \u0130\u015fl\u0259r Nazirliyinin Daxili qo\u015funlar\u0131n\u0131n Bas \u0130dar\u0259sinin&nbsp; h\u0259rbi hiss\u0259l\u0259rind\u0259 xidm\u0259t etdiyi ill\u0259r \u0259rzind\u0259 Az\u0259rbaycan Respublikas\u0131n\u0131n Konstitusiyas\u0131na v\u0259 qanunlar\u0131na, h\u0259rbi and\u0131n, h\u0259rbi nizamnam\u0259l\u0259rin t\u0259l\u0259bl\u0259rin\u0259 v\u0259 v\u0259zif\u0259 borcuna \u0259m\u0259l etm\u0259kd\u0259 bir cox h\u0259rbi qulluq\u00e7ulara \u015f\u0259xsi n\u00fcmun\u0259 olmu\u015fdur.<\/p>\n\n\n\n<figure class=\"wp-block-gallery columns-1 is-cropped wp-block-gallery-2 is-layout-flex wp-block-gallery-is-layout-flex\"><ul class=\"blocks-gallery-grid\"><li class=\"blocks-gallery-item\"><figure><img loading=\"lazy\" decoding=\"async\" width=\"719\" height=\"951\" src=\"https:\/\/fedai.az\/wp-content\/uploads\/2021\/07\/bbby-1.jpg\" alt=\"\" data-id=\"43703\" data-full-url=\"https:\/\/fedai.az\/wp-content\/uploads\/2021\/07\/bbby-1.jpg\" data-link=\"https:\/\/fedai.az\/?attachment_id=43703\" class=\"wp-image-43703\" srcset=\"https:\/\/fedai.az\/wp-content\/uploads\/2021\/07\/bbby-1.jpg 719w, https:\/\/fedai.az\/wp-content\/uploads\/2021\/07\/bbby-1-227x300.jpg 227w, https:\/\/fedai.az\/wp-content\/uploads\/2021\/07\/bbby-1-113x150.jpg 113w\" sizes=\"auto, (max-width: 719px) 100vw, 719px\" \/><\/figure><\/li><\/ul><\/figure>\n\n\n\n<p>&nbsp;&nbsp;&nbsp;&nbsp;&nbsp; Silahl\u0131 Q\u00fcvv\u0259l\u0259r Veteran\u0131 X. \u015ealbuzov D\u00f6vl\u0259t\u0259, Xalqa s\u0259daq\u0259tl\u0259 xidm\u0259t etmi\u015fdir, O, Daxili Qo\u015funlarin h\u0259rbi his\u0259l\u0259rind\u0259 xidm\u0259t etd\u0259rk\u0259n s\u0259m\u0259r\u0259li f\u0259aliyy\u0259ti il\u0259 ,t\u0259\u015fkilat\u00e7\u0131l\u0131q bacar\u0131\u011f\u0131 il\u0259, i\u015fg\u00fczarl\u0131q v\u0259 m\u0259n\u0259vi keyfiyy\u0259ti il\u0259, n\u0259z\u0259ri v\u0259 praktiki biliyi il\u0259 Daxili Qosunlar komandanl\u0131\u011f\u0131n\u0131n v\u0259 xidm\u0259t etdiyi h\u0259rbi hiss\u0259 komandirinin daimi diqq\u0259t m\u0259rk\u0259zind\u0259 olmu\u015fdur.<\/p>\n\n\n\n<p>&nbsp;&nbsp; &nbsp;\u015ealbuzov Xalid Seyf\u0259ddin o\u011flu&nbsp; Sovet Ordusunda v\u0259&nbsp; D\u0130N-in Daxili &nbsp;Qosunlar\u0131nda xidmet ed\u0259rk\u0259n Xidm\u0259td\u0259 f\u0259rql\u0259ndiyin\u0259 g\u00f6r\u0259 SSR\u0130 M\u00fcdafi\u0259 Nazirliyinin, SSR\u0130 D\u0259mir Yol Qo\u015funlar Komandanl\u0131\u011f\u0131n\u0131n, Az\u0259rbaycan Respublikas\u0131 Daxili \u0130\u015fl\u0259r Nazirinin, Daxili Qo\u015funlar Komandan\u0131n\u0131n v\u0259 xidm\u0259t etdiyi h\u0259rbi hiss\u0259nin komandirl\u0259rinin m\u00fcvafiq \u0259mrl\u0259ri il\u0259 bir s\u0131ra medallar\u0131 il\u0259, d\u00f6\u015f nisanlar\u0131 il\u0259,&nbsp; f\u0259xri f\u0259rmanlar\u0131 il\u0259, pul m\u00fckafatlar\u0131 il\u0259 v\u0259 qiym\u0259tli h\u0259diyy\u0259l\u0259rl\u0259 mukafland\u0131r\u0131l\u0131b.<\/p>\n\n\n\n<p><strong>B\u00fct\u00fcn g\u00f6z\u0259l n\u0259 varsa,\u00a0s\u0259nin olsun Xalid b\u0259y!<\/strong><\/p>\n\n\n\n<p><strong>100 ya\u015fa, sa\u011flam ya\u015fa<\/strong>!<\/p>\n\n\n\n<p><strong>D\u0259rin h\u00f6rm\u0259tl\u0259, Az\u0259rbaycan V\u0259t\u0259n M\u00fcharib\u0259si Veteranlar\u0131 \u0130ctimai Birliyinin s\u0259dr m\u00fcavini, polkovnik Salman Musayev<\/strong><\/p>\n\n\n\n<figure class=\"wp-block-gallery columns-2 is-cropped wp-block-gallery-3 is-layout-flex wp-block-gallery-is-layout-flex\"><ul class=\"blocks-gallery-grid\"><li class=\"blocks-gallery-item\"><figure><img loading=\"lazy\" decoding=\"async\" width=\"768\" height=\"896\" src=\"https:\/\/fedai.az\/wp-content\/uploads\/2021\/07\/bbyt.jpg\" alt=\"\" data-id=\"43704\" data-link=\"https:\/\/fedai.az\/?attachment_id=43704\" class=\"wp-image-43704\" srcset=\"https:\/\/fedai.az\/wp-content\/uploads\/2021\/07\/bbyt.jpg 768w, https:\/\/fedai.az\/wp-content\/uploads\/2021\/07\/bbyt-257x300.jpg 257w, https:\/\/fedai.az\/wp-content\/uploads\/2021\/07\/bbyt-129x150.jpg 129w\" sizes=\"auto, (max-width: 768px) 100vw, 768px\" \/><\/figure><\/li><li class=\"blocks-gallery-item\"><figure><img decoding=\"async\" src=\"https:\/\/fedai.az\/wp-content\/uploads\/2021\/07\/8265a327389da9fe4fdc2714b309120e-2-1.jpg\" alt=\"\" data-id=\"43705\" data-full-url=\"https:\/\/fedai.az\/wp-content\/uploads\/2021\/07\/8265a327389da9fe4fdc2714b309120e-2-1.jpg\" data-link=\"https:\/\/fedai.az\/?attachment_id=43705\" class=\"wp-image-43705\"\/><\/figure><\/li><\/ul><\/figure>\n","protected":false},"excerpt":{"rendered":"<p>&nbsp;&nbsp;&nbsp;&nbsp; Az\u0259rbaycan V\u0259t\u0259n M\u00fcharib\u0259si Veteranlar\u0131 \u0130ctimai Birliyinin s\u0259dr m\u00fcavini polkovnik Salman Musayev&nbsp; ehtiyatda olan mayor Xalid \u015ealbuzovu dogum g\u00fcn\u00fc munasb\u0259til\u0259 s\u0259mimi q\u0259lbd\u0259n t\u0259brik edir,<\/p>\n","protected":false},"author":2,"featured_media":0,"comment_status":"closed","ping_status":"closed","sticky":false,"template":"","format":"standard","meta":{"footnotes":""},"categories":[5],"tags":[],"class_list":["post-43700","post","type-post","status-publish","format-standard","hentry","category-veteran"],"aioseo_notices":[],"_links":{"self":[{"href":"https:\/\/fedai.az\/index.php?rest_route=\/wp\/v2\/posts\/43700","targetHints":{"allow":["GET"]}}],"collection":[{"href":"https:\/\/fedai.az\/index.php?rest_route=\/wp\/v2\/posts"}],"about":[{"href":"https:\/\/fedai.az\/index.php?rest_route=\/wp\/v2\/types\/post"}],"author":[{"embeddable":true,"href":"https:\/\/fedai.az\/index.php?rest_route=\/wp\/v2\/users\/2"}],"replies":[{"embeddable":true,"href":"https:\/\/fedai.az\/index.php?rest_route=%2Fwp%2Fv2%2Fcomments&post=43700"}],"version-history":[{"count":1,"href":"https:\/\/fedai.az\/index.php?rest_route=\/wp\/v2\/posts\/43700\/revisions"}],"predecessor-version":[{"id":43707,"href":"https:\/\/fedai.az\/index.php?rest_route=\/wp\/v2\/posts\/43700\/revisions\/43707"}],"wp:attachment":[{"href":"https:\/\/fedai.az\/index.php?rest_route=%2Fwp%2Fv2%2Fmedia&parent=43700"}],"wp:term":[{"taxonomy":"category","embeddable":true,"href":"https:\/\/fedai.az\/index.php?rest_route=%2Fwp%2Fv2%2Fcategories&post=43700"},{"taxonomy":"post_tag","embeddable":true,"href":"https:\/\/fedai.az\/index.php?rest_route=%2Fwp%2Fv2%2Ftags&post=43700"}],"curies":[{"name":"wp","href":"https:\/\/api.w.org\/{rel}","templated":true}]}}