{"id":43719,"date":"2021-07-24T03:53:46","date_gmt":"2021-07-23T23:53:46","guid":{"rendered":"https:\/\/fedai.az\/?p=43719"},"modified":"2021-07-24T03:53:49","modified_gmt":"2021-07-23T23:53:49","slug":"az%c9%99rbaycan-ordusunun-bas-q%c9%99rargah-r%c9%99isi-general-leytenant-k%c9%99rim-v%c9%99liyevdir","status":"publish","type":"post","link":"https:\/\/fedai.az\/?p=43719","title":{"rendered":"Az\u0259rbaycan Ordusunun Ba\u015f Q\u0259rargah r\u0259isi general-leytenant K\u0259rim V\u0259liyevdir"},"content":{"rendered":"\n<p><strong>X\u0259b\u0259r verdiyimiz kimi, general-leytenant V\u0259liyev K\u0259rim Tofiq o\u011flu Az\u0259rbaycan Respublikas\u0131 M\u00fcdafi\u0259 nazirinin m\u00fcavini \u2013 \u015e\u0259xsi Hey\u0259t Ba\u015f \u0130dar\u0259sinin r\u0259isi v\u0259zif\u0259sind\u0259n azad edil\u0259r\u0259k, Az\u0259rbaycan Respublikas\u0131 m\u00fcdafi\u0259 nazirinin birinci m\u00fcavini \u2013 Az\u0259rbaycan Ordusunun Ba\u015f Q\u0259rargah r\u0259isi t\u0259yin edilib.<\/strong><\/p>\n\n\n\n<p><strong><br>Prezident \u0130lham \u018fliyev bununla ba\u011fl\u0131 s\u0259r\u0259ncam imzalay\u0131b.<\/strong><\/p>\n\n\n\n<figure class=\"wp-block-image size-large is-resized\"><img loading=\"lazy\" decoding=\"async\" src=\"https:\/\/fedai.az\/wp-content\/uploads\/2021\/07\/1627042485_kerimveliyev.jpg\" alt=\"\" class=\"wp-image-43720\" width=\"912\" height=\"513\" srcset=\"https:\/\/fedai.az\/wp-content\/uploads\/2021\/07\/1627042485_kerimveliyev.jpg 800w, https:\/\/fedai.az\/wp-content\/uploads\/2021\/07\/1627042485_kerimveliyev-300x169.jpg 300w, https:\/\/fedai.az\/wp-content\/uploads\/2021\/07\/1627042485_kerimveliyev-150x84.jpg 150w, https:\/\/fedai.az\/wp-content\/uploads\/2021\/07\/1627042485_kerimveliyev-768x432.jpg 768w\" sizes=\"auto, (max-width: 912px) 100vw, 912px\" \/><\/figure>\n\n\n\n<p>V\u0259liyev K\u0259rim Tofiq o\u011flu 9 fevral 1961-ci ild\u0259 Bak\u0131 \u015f\u0259h\u0259rind\u0259 anadan olub. 1982-c\u00fc ild\u0259 Bak\u0131 Ali \u00dcmumqo\u015fun Komandirl\u0259r M\u0259kt\u0259bini f\u0259rql\u0259nm\u0259 il\u0259 bitirib.<\/p>\n\n\n\n<p>1982\u20131990-c\u0131 ill\u0259rd\u0259 SSR\u0130 Silahl\u0131 Q\u00fcvv\u0259l\u0259ri t\u0259rkibind\u0259 kursant taq\u0131m komandiri, t\u0259dris \u015f\u00f6b\u0259 r\u0259isinin k\u00f6m\u0259k\u00e7isi, t\u0259dris \u015f\u00f6b\u0259 r\u0259isinin ba\u015f k\u00f6m\u0259k\u00e7isi v\u0259zif\u0259l\u0259rind\u0259 xidm\u0259t edib. 1990\u20131994-c\u00fc ill\u0259rd\u0259 Frunze ad\u0131na H\u0259rbi Akademiyada qiyabi t\u0259hsil al\u0131b.<\/p>\n\n\n\n<p>1992-ci ild\u0259n Az\u0259rbaycan Respublikas\u0131 Silahl\u0131 Q\u00fcvv\u0259l\u0259rind\u0259 t\u0259dris \u015f\u00f6b\u0259 r\u0259isinin m\u00fcavini, briqada komandiri, c\u0259bh\u0259 komandan\u0131n\u0131n m\u00fcavini, M\u00fcdafi\u0259 nazirinin d\u00f6y\u00fc\u015f \u0259m\u0259liyyatlar\u0131 \u00fczr\u0259 m\u00fcavini, ordu korpusu komandiri, H\u0259rbi Elmi M\u0259rk\u0259zin r\u0259isi, M\u00fcdafi\u0259nin Planla\u015fd\u0131r\u0131lmas\u0131n\u0131n H\u0259rbi Strategiyas\u0131 \u0130dar\u0259sinin r\u0259isi v\u0259zif\u0259l\u0259rind\u0259 xidm\u0259t edib.<\/p>\n\n\n\n<p>Az\u0259rbaycan Respublikas\u0131n\u0131n suverenliyi v\u0259 \u0259razi b\u00fct\u00f6vl\u00fcy\u00fc u\u011frunda ged\u0259n d\u00f6y\u00fc\u015f \u0259m\u0259liyyatlar\u0131nda i\u015ftirak edib. Xidm\u0259ti v\u0259zif\u0259l\u0259rini layiqinc\u0259 yerin\u0259 yetirdiyin\u0259 g\u00f6r\u0259 d\u0259f\u0259l\u0259rl\u0259 m\u00fcxt\u0259lif m\u00fckafatlara v\u0259 medallara layiq g\u00f6r\u00fcl\u00fcb. Az\u0259rbaycan Respublikas\u0131 Prezidentinin 01.01.1994-c\u00fc il tarixli S\u0259r\u0259ncam\u0131 il\u0259 &#171;Az\u0259rbaycan Bayra\u011f\u0131&#187; ordeni, 24.06.2005-ci il tarixli S\u0259r\u0259ncam\u0131 il\u0259 &#171;V\u0259t\u0259n u\u011frunda&#187; medal\u0131 v\u0259 25.06.2012-ci il tarixli S\u0259r\u0259ncam\u0131 il\u0259 &#171;H\u0259rbi xidm\u0259tl\u0259r\u0259 g\u00f6r\u0259&#187; medal\u0131 il\u0259 t\u0259ltif olunub.<\/p>\n\n\n\n<p>Az\u0259rbaycan Respublikas\u0131 Prezidentinin 14.05.2014 tarixli S\u0259r\u0259ncam\u0131 il\u0259 M\u00fcdafi\u0259 nazirinin \u015f\u0259xsi hey\u0259t \u00fczr\u0259 m\u00fcavini \u2014 \u015e\u0259xsi Hey\u0259t Ba\u015f \u0130dar\u0259sinin r\u0259isi v\u0259zif\u0259sin\u0259 t\u0259yin edilib.<\/p>\n\n\n\n<p>Az\u0259rbaycan Respublikas\u0131 Prezidentinin 23.07.2021 tarixli S\u0259r\u0259ncam\u0131 il\u0259 Az\u0259rbaycan Respublikas\u0131 m\u00fcdafi\u0259 nazirinin birinci m\u00fcavini \u2013 Az\u0259rbaycan Ordusunun Ba\u015f Q\u0259rargah r\u0259isi v\u0259zif\u0259sin\u0259 t\u0259yin edilib.<\/p>\n\n\n\n<p>Ail\u0259lidir, iki \u00f6vlad\u0131 var.<\/p>\n","protected":false},"excerpt":{"rendered":"<p>X\u0259b\u0259r verdiyimiz kimi, general-leytenant V\u0259liyev K\u0259rim Tofiq o\u011flu Az\u0259rbaycan Respublikas\u0131 M\u00fcdafi\u0259 nazirinin m\u00fcavini \u2013 \u015e\u0259xsi Hey\u0259t Ba\u015f \u0130dar\u0259sinin r\u0259isi v\u0259zif\u0259sind\u0259n azad edil\u0259r\u0259k, Az\u0259rbaycan Respublikas\u0131<\/p>\n","protected":false},"author":2,"featured_media":43721,"comment_status":"closed","ping_status":"closed","sticky":false,"template":"","format":"standard","meta":{"footnotes":""},"categories":[3],"tags":[],"class_list":["post-43719","post","type-post","status-publish","format-standard","has-post-thumbnail","hentry","category-gundm"],"aioseo_notices":[],"_links":{"self":[{"href":"https:\/\/fedai.az\/index.php?rest_route=\/wp\/v2\/posts\/43719","targetHints":{"allow":["GET"]}}],"collection":[{"href":"https:\/\/fedai.az\/index.php?rest_route=\/wp\/v2\/posts"}],"about":[{"href":"https:\/\/fedai.az\/index.php?rest_route=\/wp\/v2\/types\/post"}],"author":[{"embeddable":true,"href":"https:\/\/fedai.az\/index.php?rest_route=\/wp\/v2\/users\/2"}],"replies":[{"embeddable":true,"href":"https:\/\/fedai.az\/index.php?rest_route=%2Fwp%2Fv2%2Fcomments&post=43719"}],"version-history":[{"count":1,"href":"https:\/\/fedai.az\/index.php?rest_route=\/wp\/v2\/posts\/43719\/revisions"}],"predecessor-version":[{"id":43722,"href":"https:\/\/fedai.az\/index.php?rest_route=\/wp\/v2\/posts\/43719\/revisions\/43722"}],"wp:featuredmedia":[{"embeddable":true,"href":"https:\/\/fedai.az\/index.php?rest_route=\/wp\/v2\/media\/43721"}],"wp:attachment":[{"href":"https:\/\/fedai.az\/index.php?rest_route=%2Fwp%2Fv2%2Fmedia&parent=43719"}],"wp:term":[{"taxonomy":"category","embeddable":true,"href":"https:\/\/fedai.az\/index.php?rest_route=%2Fwp%2Fv2%2Fcategories&post=43719"},{"taxonomy":"post_tag","embeddable":true,"href":"https:\/\/fedai.az\/index.php?rest_route=%2Fwp%2Fv2%2Ftags&post=43719"}],"curies":[{"name":"wp","href":"https:\/\/api.w.org\/{rel}","templated":true}]}}