{"id":43723,"date":"2021-07-24T03:57:08","date_gmt":"2021-07-23T23:57:08","guid":{"rendered":"https:\/\/fedai.az\/?p=43723"},"modified":"2021-07-24T03:58:52","modified_gmt":"2021-07-23T23:58:52","slug":"prezident-ilham-%c9%99liyev-s%c9%99r%c9%99ncam-imzalayib-3","status":"publish","type":"post","link":"https:\/\/fedai.az\/?p=43723","title":{"rendered":"Prezident \u0130lham \u018fliyev s\u0259r\u0259ncam imzalay\u0131b"},"content":{"rendered":"\n<p><strong>General-mayor \u018fnv\u0259r Z\u0259k\u0259riyy\u0259 o\u011flu \u018ff\u0259ndiyev m\u00fcdafi\u0259 nazirinin m\u00fcavini &#8212; Quru Qo\u015funlar\u0131n komandan\u0131 t\u0259yin edilib.<\/strong><\/p>\n\n\n\n<p> Prezident \u0130lham \u018fliyev bununla ba\u011fl\u0131 s\u0259r\u0259ncam imzalay\u0131b.<\/p>\n\n\n\n<p>S\u0259r\u0259ncama \u0259sas\u0259n, \u018f.\u018ff\u0259ndiyev D\u00f6y\u00fc\u015f Haz\u0131rl\u0131\u011f\u0131 v\u0259 H\u0259rbi T\u0259hsil Ba\u015f \u0130dar\u0259sinin D\u00f6y\u00fc\u015f Haz\u0131rl\u0131\u011f\u0131 \u0130dar\u0259sinin r\u0259isi v\u0259zif\u0259sind\u0259n azad edilib.<\/p>\n\n\n\n<p>Prezident orduyla ba\u011fl\u0131 daha bir s\u0259r\u0259ncam imzalay\u0131b.<\/p>\n\n\n\n<p><strong>General-leytenant Osmanov Nizam Ramazan o\u011flu \u2013 Ba\u015f Q\u0259rargah r\u0259isinin m\u00fcavini \u2013 D\u00f6y\u00fc\u015f Haz\u0131rl\u0131\u011f\u0131 v\u0259 H\u0259rbi T\u0259hsil Ba\u015f \u0130dar\u0259sinin r\u0259isi v\u0259zif\u0259sind\u0259n azad edil\u0259r\u0259k, m\u00fcdafi\u0259 nazirinin m\u00fcavini \u2013 Maddi-Texniki T\u0259minat Ba\u015f \u0130dar\u0259sinin r\u0259isi t\u0259yin edilib.<\/strong><\/p>\n\n\n\n<p>Bununla ba\u011fl\u0131 Az\u0259rbaycan Prezidenti \u0130lham \u018fliyev S\u0259r\u0259ncam imzalay\u0131b<\/p>\n","protected":false},"excerpt":{"rendered":"<p>General-mayor \u018fnv\u0259r Z\u0259k\u0259riyy\u0259 o\u011flu \u018ff\u0259ndiyev m\u00fcdafi\u0259 nazirinin m\u00fcavini &#8212; Quru Qo\u015funlar\u0131n komandan\u0131 t\u0259yin edilib. Prezident \u0130lham \u018fliyev bununla ba\u011fl\u0131 s\u0259r\u0259ncam imzalay\u0131b. S\u0259r\u0259ncama \u0259sas\u0259n, \u018f.\u018ff\u0259ndiyev<\/p>\n","protected":false},"author":2,"featured_media":43724,"comment_status":"closed","ping_status":"closed","sticky":false,"template":"","format":"standard","meta":{"footnotes":""},"categories":[3],"tags":[],"class_list":["post-43723","post","type-post","status-publish","format-standard","has-post-thumbnail","hentry","category-gundm"],"aioseo_notices":[],"_links":{"self":[{"href":"https:\/\/fedai.az\/index.php?rest_route=\/wp\/v2\/posts\/43723","targetHints":{"allow":["GET"]}}],"collection":[{"href":"https:\/\/fedai.az\/index.php?rest_route=\/wp\/v2\/posts"}],"about":[{"href":"https:\/\/fedai.az\/index.php?rest_route=\/wp\/v2\/types\/post"}],"author":[{"embeddable":true,"href":"https:\/\/fedai.az\/index.php?rest_route=\/wp\/v2\/users\/2"}],"replies":[{"embeddable":true,"href":"https:\/\/fedai.az\/index.php?rest_route=%2Fwp%2Fv2%2Fcomments&post=43723"}],"version-history":[{"count":2,"href":"https:\/\/fedai.az\/index.php?rest_route=\/wp\/v2\/posts\/43723\/revisions"}],"predecessor-version":[{"id":43727,"href":"https:\/\/fedai.az\/index.php?rest_route=\/wp\/v2\/posts\/43723\/revisions\/43727"}],"wp:featuredmedia":[{"embeddable":true,"href":"https:\/\/fedai.az\/index.php?rest_route=\/wp\/v2\/media\/43724"}],"wp:attachment":[{"href":"https:\/\/fedai.az\/index.php?rest_route=%2Fwp%2Fv2%2Fmedia&parent=43723"}],"wp:term":[{"taxonomy":"category","embeddable":true,"href":"https:\/\/fedai.az\/index.php?rest_route=%2Fwp%2Fv2%2Fcategories&post=43723"},{"taxonomy":"post_tag","embeddable":true,"href":"https:\/\/fedai.az\/index.php?rest_route=%2Fwp%2Fv2%2Ftags&post=43723"}],"curies":[{"name":"wp","href":"https:\/\/api.w.org\/{rel}","templated":true}]}}