{"id":43731,"date":"2021-07-24T04:04:42","date_gmt":"2021-07-24T00:04:42","guid":{"rendered":"https:\/\/fedai.az\/?p=43731"},"modified":"2021-07-24T04:04:46","modified_gmt":"2021-07-24T00:04:46","slug":"s%c9%99hidimiz-var-4","status":"publish","type":"post","link":"https:\/\/fedai.az\/?p=43731","title":{"rendered":"\u015e\u0259hidimiz var&#8230;"},"content":{"rendered":"\n<p><strong>\u0130yulun 23-\u00fc saat 16:00 rad\u0259l\u0259rind\u0259 Erm\u0259nistan silahl\u0131 q\u00fcvv\u0259l\u0259rinin b\u00f6lm\u0259l\u0259ri Basarke\u00e7\u0259r rayonu \u0259razisind\u0259ki m\u00f6vqel\u0259rind\u0259n Az\u0259rbaycan Ordusunun Erm\u0259nistan-Az\u0259rbaycan d\u00f6vl\u0259t s\u0259rh\u0259dinin K\u0259lb\u0259c\u0259r rayonu sah\u0259sind\u0259ki m\u00f6vqel\u0259rini at\u0259\u015f\u0259 tutub.<\/strong><\/p>\n\n\n\n<p>Bu bar\u0259d\u0259\u00a0M\u00fcdafi\u0259 Nazirliyind\u0259n m\u0259lumat verilib.<\/p>\n\n\n\n<p>Qar\u015f\u0131 t\u0259r\u0259fd\u0259n a\u00e7\u0131lan snayper at\u0259\u015fi n\u0259tic\u0259sind\u0259 h\u0259rbi qulluq\u00e7umuz, gizir Yaqublu F\u0259rman Telman o\u011flu \u015f\u0259hid olub.<\/p>\n\n\n\n<p>M\u00fcdafi\u0259 Nazirliyinin r\u0259hb\u0259rliyi \u015f\u0259hidin yax\u0131nlar\u0131na d\u0259rin h\u00fcznl\u0259 ba\u015fsa\u011fl\u0131\u011f\u0131 verir!<ins><\/ins><\/p>\n\n\n\n<p>Haz\u0131rda qeyd olunan istiqam\u0259td\u0259 yerl\u0259\u015f\u0259n Az\u0259rbaycan Ordusunun b\u00f6lm\u0259l\u0259ri t\u0259r\u0259find\u0259n cavab t\u0259dbirl\u0259ri h\u0259yata ke\u00e7irilir.<\/p>\n\n\n\n<p>Erm\u0259nistan t\u0259r\u0259fi bu kimi t\u0259xribat yolu il\u0259 q\u0259sd\u0259n iki \u00f6lk\u0259nin d\u00f6vl\u0259t s\u0259rh\u0259dind\u0259 v\u0259ziyy\u0259ti g\u0259rginl\u0259\u015fdirm\u0259k m\u0259qs\u0259di g\u00fcd\u00fcr.<\/p>\n\n\n\n<p>Ba\u015f vermi\u015f t\u0259xribata g\u00f6r\u0259 b\u00fct\u00fcn m\u0259suliyy\u0259t tam \u015f\u0259kild\u0259 Erm\u0259nistan\u0131n \u00fcz\u0259rin\u0259 d\u00fc\u015f\u00fcr.<\/p>\n","protected":false},"excerpt":{"rendered":"<p>\u0130yulun 23-\u00fc saat 16:00 rad\u0259l\u0259rind\u0259 Erm\u0259nistan silahl\u0131 q\u00fcvv\u0259l\u0259rinin b\u00f6lm\u0259l\u0259ri Basarke\u00e7\u0259r rayonu \u0259razisind\u0259ki m\u00f6vqel\u0259rind\u0259n Az\u0259rbaycan Ordusunun Erm\u0259nistan-Az\u0259rbaycan d\u00f6vl\u0259t s\u0259rh\u0259dinin K\u0259lb\u0259c\u0259r rayonu sah\u0259sind\u0259ki m\u00f6vqel\u0259rini at\u0259\u015f\u0259 tutub.<\/p>\n","protected":false},"author":2,"featured_media":43732,"comment_status":"closed","ping_status":"closed","sticky":false,"template":"","format":"standard","meta":{"footnotes":""},"categories":[4],"tags":[],"class_list":["post-43731","post","type-post","status-publish","format-standard","has-post-thumbnail","hentry","category-qarabag"],"aioseo_notices":[],"_links":{"self":[{"href":"https:\/\/fedai.az\/index.php?rest_route=\/wp\/v2\/posts\/43731","targetHints":{"allow":["GET"]}}],"collection":[{"href":"https:\/\/fedai.az\/index.php?rest_route=\/wp\/v2\/posts"}],"about":[{"href":"https:\/\/fedai.az\/index.php?rest_route=\/wp\/v2\/types\/post"}],"author":[{"embeddable":true,"href":"https:\/\/fedai.az\/index.php?rest_route=\/wp\/v2\/users\/2"}],"replies":[{"embeddable":true,"href":"https:\/\/fedai.az\/index.php?rest_route=%2Fwp%2Fv2%2Fcomments&post=43731"}],"version-history":[{"count":1,"href":"https:\/\/fedai.az\/index.php?rest_route=\/wp\/v2\/posts\/43731\/revisions"}],"predecessor-version":[{"id":43733,"href":"https:\/\/fedai.az\/index.php?rest_route=\/wp\/v2\/posts\/43731\/revisions\/43733"}],"wp:featuredmedia":[{"embeddable":true,"href":"https:\/\/fedai.az\/index.php?rest_route=\/wp\/v2\/media\/43732"}],"wp:attachment":[{"href":"https:\/\/fedai.az\/index.php?rest_route=%2Fwp%2Fv2%2Fmedia&parent=43731"}],"wp:term":[{"taxonomy":"category","embeddable":true,"href":"https:\/\/fedai.az\/index.php?rest_route=%2Fwp%2Fv2%2Fcategories&post=43731"},{"taxonomy":"post_tag","embeddable":true,"href":"https:\/\/fedai.az\/index.php?rest_route=%2Fwp%2Fv2%2Ftags&post=43731"}],"curies":[{"name":"wp","href":"https:\/\/api.w.org\/{rel}","templated":true}]}}