{"id":43734,"date":"2021-07-24T04:24:26","date_gmt":"2021-07-24T00:24:26","guid":{"rendered":"https:\/\/fedai.az\/?p=43734"},"modified":"2021-07-24T04:24:31","modified_gmt":"2021-07-24T00:24:31","slug":"agdasda-sidd%c9%99t%c9%99-m%c9%99ruz-qalan-muharib%c9%99-veteraninin-q%c9%99izidir","status":"publish","type":"post","link":"https:\/\/fedai.az\/?p=43734","title":{"rendered":"A\u011fda\u015fda \u015fidd\u0259t\u0259 m\u0259ruz qalan m\u00fcharib\u0259 veteran\u0131n\u0131n q\u0259\u0131z\u0131d\u0131r"},"content":{"rendered":"\n<p><strong>A\u011fda\u015f rayonunda Bayram g\u00fcn\u00fc g\u0259lin\u0259 qar\u015f\u0131 qaynana v\u0259 qay\u0131n \u015fidd\u0259ti Az\u0259rbycanda qad\u0131na qar\u015f\u0131 \u015fidd\u0259t dayanm\u0131r. \u0130nsanl\u0131qdan uzaq, dinimz\u0259 yad, d\u0259y\u0259rl\u0259rimiz\u0259 zidd qad\u0131n d\u00f6y\u00fclm\u0259l\u0259ri davam edir. Sanki ev\u0259 g\u0259tiril\u0259n g\u0259lin k\u00f6l\u0259 v\u0259 quldur.<\/strong><\/p>\n\n\n\n<p> Bu kimi geriz\u0259kal\u0131 insanlar\u0131 tam m\u0259suliyy\u0259ti il\u0259 h\u00fcquq-m\u00fchafiz\u0259 orqanlar\u0131n\u0131n istintaq\u0131na c\u0259lb etm\u0259k laz\u0131md\u0131r. Bu s\u0259viyy\u0259d\u0259 v\u0259h\u015filik, t\u0259rbiy\u0259sizlik olmaz. <\/p>\n\n\n\n<p>20 iyul 2021-ci ild\u0259 Qurban bayram\u0131 g\u00fcn\u00fc A\u011fda\u015f rayonunda qaynana v\u0259 qay\u0131n \u018fzizov Alay eyni h\u0259y\u0259td\u0259 ya\u015fad\u0131qlar\u0131 g\u0259lin\u0259 qar\u015f\u0131 r\u0259q\u0259msal cihaz \u00fcst\u00fcnd\u0259 g\u00fcc t\u0259tbiq ed\u0259r\u0259k, onu d\u00f6y\u0259r\u0259k b\u0259d\u0259n x\u0259sar\u0259tl\u0259ri yetirmi\u015fl\u0259r. Qay\u0131n \u018fzizov Alay g\u0259lin\u0259 yumruq vurduqdan sonra yer\u0259 y\u0131x\u0131lan qad\u0131na t\u0259pikl\u0259mi\u015f, sonra sa\u00e7\u0131ndan tutaraq s\u00fcr\u00fcm\u00fc\u015fd\u00fcr. <\/p>\n\n\n\n<p>Hu\u015funu itir\u0259n qad\u0131na yax\u0131nda olan insanlar\u0131n k\u00f6m\u0259klik g\u00f6st\u0259rilm\u0259sin\u0259 mane olmu\u015f, \u00fcz\u00fcn\u0259 su \u00e7il\u0259m\u0259k ist\u0259y\u0259nl\u0259r\u0259, qay\u0131n \u018fzizov Alay: \u201cSu t\u00f6km\u0259yin, qoyun \u00f6ls\u00fcn\u201d &#8212; demi\u015fdir. Bu zaman qaynana q\u0131\u015fq\u0131rm\u0131\u015fd\u0131r ki: \u201cG\u0259tirin d\u0259hr\u0259ni, onun ba\u015f\u0131n\u0131 k\u0259s\u0259c\u0259m\u201d. <\/p>\n\n\n\n<p>D\u0259h\u015f\u0259t, ibtidai insan zehniyy\u0259ti, v\u0259h\u015filik sindromu. Bu d\u00f6y\u00fclm\u0259 fakt\u0131il\u0259 ba\u011fl\u0131 A\u011fda\u015f rayon Polis \u015f\u00f6b\u0259sind\u0259 t\u0259hqiqat i\u015fin\u0259 ba\u015flan\u0131lm\u0131\u015fd\u0131r. Z\u0259r\u0259r\u00e7\u0259kmi\u015fin valideynl\u0259ri hadis\u0259 il\u0259 ba\u011fl\u0131 sayt (q\u0259zet) vasit\u0259sil\u0259 Ombudsman Aparat\u0131na, Ail\u0259, Qad\u0131n v\u0259 U\u015faq Probleml\u0259ri \u00fczr\u0259 D\u00f6vl\u0259t Komit\u0259sin\u0259 t\u0259hqiqat\u0131n gedi\u015fini n\u0259zar\u0259td\u0259 saxlayaraq h\u00fcquqi yard\u0131m g\u00f6st\u0259rilm\u0259sini xahi\u015f edir.<\/p>\n\n\n\n<p> Daxili \u0130\u015fl\u0259r Naziri c\u0259nab Vilay\u0259t Eyvazovdan xahi\u015f edilir ki, t\u0259hqiqat i\u015fini \u015f\u0259xsi n\u0259zar\u0259t\u0259 g\u00f6t\u00fcrs\u00fcn. \u018fmin olmaq ist\u0259rdik ki, A\u011fda\u015f rayon Poli\u015f \u015e\u00f6b\u0259sind\u0259 t\u0259hqiqat i\u015fi \u0259dal\u0259tli ara\u015fd\u0131r\u0131lacaq v\u0259 hadis\u0259ni t\u00f6r\u0259tmi\u015f \u015f\u0259xsl\u0259r layiqli c\u0259zalar\u0131n\u0131 alacaqlar. Redaksiya olaraq t\u0259hqiqat\u0131n gedi\u015fini n\u0259zar\u0259td\u0259 saxlayacay\u0131q. <\/p>\n\n\n\n<p><strong>P.S. A\u011fda\u015fdan g\u0259l\u0259n m\u0259lumatlara g\u00f6r\u0259 v\u0259zif\u0259li \u015f\u0259xsl\u0259rd\u0259n t\u0259hqiqat i\u015fin\u0259 mane\u00e7ilik t\u00f6r\u0259tm\u0259k ist\u0259y\u0259nl\u0259r var. Bu \u201cm\u00fcdaxil\u0259\u201d dayanmasa v\u0259zif\u0259li \u015f\u0259xsin ad\u0131n\u0131 a\u015f\u0131qlayacay\u0131q. Kimliyind\u0259n as\u0131l\u0131 olmayaraq \u0259g\u0259r v\u0259zif\u0259li \u015f\u0259xs m\u00fcdaxil\u0259 edirs\u0259, o zaman bu cinay\u0259ti etmi\u015f \u015f\u0259xsl\u0259rl\u0259 b\u0259rab\u0259r oldu\u011funu elan etmi\u015f olur. Qad\u0131na qar\u015f\u0131 \u015fidd\u0259t\u0259 seyr\u00e7i qalmay\u0131n. H\u0259r zaman haqq\u0131n-\u0259dal\u0259tin yan\u0131nda olun. <\/strong><\/p>\n\n\n\n<p><strong>Qad\u0131na qar\u015f\u0131 \u015fidd\u0259t\u0259 seyr\u00e7i qalmay\u0131n. H\u0259r zaman haqq\u0131n-\u0259dal\u0259tin yan\u0131nda olun. H\u0259m d\u0259 m\u00fcharib\u0259 veteran\u0131 olan bir \u015f\u0259xsin q\u0131z\u0131na qar\u015f\u0131 t\u00f6r\u0259dilmi\u015f bu v\u0259h\u015filik c\u0259zas\u0131z qalmamal\u0131d\u0131r. \u0130nan\u0131r\u0131q ki, t\u00f6r\u0259dilmi\u015f zorak\u0131l\u0131q fakt\u0131 bar\u0259d\u0259 ciddi ara\u015fd\u0131rmalar apar\u0131lacaqd\u0131r&#8230;<\/strong><\/p>\n\n\n\n<p>\u00dcmid edirik yaz\u0131da ged\u0259n olayla ba\u011fl\u0131 A\u011fda\u015f rayonunun aidiyyatl\u0131 qurumlar\u0131 g\u00f6r\u00fclm\u00fc\u015f t\u0259dbirl\u0259r bar\u0259d\u0259 m\u0259lumat ver\u0259c\u0259kl\u0259r.<\/p>\n\n\n\n<p><strong>Fedai.az<\/strong><\/p>\n","protected":false},"excerpt":{"rendered":"<p>A\u011fda\u015f rayonunda Bayram g\u00fcn\u00fc g\u0259lin\u0259 qar\u015f\u0131 qaynana v\u0259 qay\u0131n \u015fidd\u0259ti Az\u0259rbycanda qad\u0131na qar\u015f\u0131 \u015fidd\u0259t dayanm\u0131r. \u0130nsanl\u0131qdan uzaq, dinimz\u0259 yad, d\u0259y\u0259rl\u0259rimiz\u0259 zidd qad\u0131n d\u00f6y\u00fclm\u0259l\u0259ri davam<\/p>\n","protected":false},"author":2,"featured_media":43736,"comment_status":"closed","ping_status":"closed","sticky":false,"template":"","format":"standard","meta":{"footnotes":""},"categories":[12],"tags":[],"class_list":["post-43734","post","type-post","status-publish","format-standard","has-post-thumbnail","hentry","category-sosial"],"aioseo_notices":[],"_links":{"self":[{"href":"https:\/\/fedai.az\/index.php?rest_route=\/wp\/v2\/posts\/43734","targetHints":{"allow":["GET"]}}],"collection":[{"href":"https:\/\/fedai.az\/index.php?rest_route=\/wp\/v2\/posts"}],"about":[{"href":"https:\/\/fedai.az\/index.php?rest_route=\/wp\/v2\/types\/post"}],"author":[{"embeddable":true,"href":"https:\/\/fedai.az\/index.php?rest_route=\/wp\/v2\/users\/2"}],"replies":[{"embeddable":true,"href":"https:\/\/fedai.az\/index.php?rest_route=%2Fwp%2Fv2%2Fcomments&post=43734"}],"version-history":[{"count":1,"href":"https:\/\/fedai.az\/index.php?rest_route=\/wp\/v2\/posts\/43734\/revisions"}],"predecessor-version":[{"id":43737,"href":"https:\/\/fedai.az\/index.php?rest_route=\/wp\/v2\/posts\/43734\/revisions\/43737"}],"wp:featuredmedia":[{"embeddable":true,"href":"https:\/\/fedai.az\/index.php?rest_route=\/wp\/v2\/media\/43736"}],"wp:attachment":[{"href":"https:\/\/fedai.az\/index.php?rest_route=%2Fwp%2Fv2%2Fmedia&parent=43734"}],"wp:term":[{"taxonomy":"category","embeddable":true,"href":"https:\/\/fedai.az\/index.php?rest_route=%2Fwp%2Fv2%2Fcategories&post=43734"},{"taxonomy":"post_tag","embeddable":true,"href":"https:\/\/fedai.az\/index.php?rest_route=%2Fwp%2Fv2%2Ftags&post=43734"}],"curies":[{"name":"wp","href":"https:\/\/api.w.org\/{rel}","templated":true}]}}