{"id":43741,"date":"2021-07-24T04:42:50","date_gmt":"2021-07-24T00:42:50","guid":{"rendered":"https:\/\/fedai.az\/?p=43741"},"modified":"2021-07-24T04:42:56","modified_gmt":"2021-07-24T00:42:56","slug":"qarabag-probleminin-qloballasmis-geostrateji-t%c9%99r%c9%99fl%c9%99ri","status":"publish","type":"post","link":"https:\/\/fedai.az\/?p=43741","title":{"rendered":"QARABA\u011e PROBLEM\u0130N\u0130N QLOBALLA\u015eMI\u015e GEOSTRATEJ\u0130 T\u018fR\u018fFL\u018fR\u0130"},"content":{"rendered":"\n<p><strong><span class=\"has-inline-color has-vivid-red-color\">Yaz\u0131 28 mart 2019-cu ild\u0259 yay\u0131nlan\u0131b&#8230;<\/span><\/strong><\/p>\n\n\n\n<p><strong>D\u00dc\u015eM\u018fN C\u018fBH\u018fD\u018fK\u0130 \u0130TK\u0130L\u018fR\u0130N\u0130 DA\u0130M G\u0130ZL\u018fD\u0130B<br>I Yaz\u0131<br><br>Xaqani \u018fd\u0259bo\u011flu<br>AVMV\u0130B M\u0259tuat Xidm\u0259tinin R\u0259hb\u0259ri<br><br>Biz d\u00fc\u015fm\u0259n\u0259 qar\u015f\u0131 informasiya sava\u015f\u0131nda \u00e7ox c\u0131l\u0131z g\u00f6r\u00fcnm\u0259kd\u0259yik. \u00d6z \u00f6lk\u0259sind\u0259n ruslar\u0131, az\u0259rbaycanl\u0131lar\u0131, m\u00fcs\u0259lman k\u00fcrdl\u0259ri, q\u0131p\u00e7aqlar\u0131 v\u0259 indi d\u0259 yezidi k\u00fcrdl\u0259rini diskriminasiya siyas\u0259tin\u0259, deportasiyaya v\u0259 assimliyasiyaya m\u0259ruz qoyaraq monoetnik bir \u00f6lk\u0259y\u0259 \u00e7evril\u0259n Erm\u0259nistan h\u0259yas\u0131zcas\u0131na Az\u0259rbaycan\u0131 etnik h\u00fcquqlar\u0131n pozulmas\u0131nda g\u00fcnahland\u0131r\u0131r v\u0259 \u00f6zl\u0259ri h\u0259yas\u0131zl\u0131qda olan b\u0259zi etnik separat\u00e7\u0131 \u00fcns\u00fcrl\u0259ri d\u0259 bu i\u015fd\u0259 al\u0259t ed\u0259 bilib. H\u0259r\u00e7\u0259nd ki, yerli he\u00e7 bir xalq bel\u0259 xainl\u0259rin ad\u0131n\u0131 bel\u0259 e\u015fitm\u0259k ist\u0259mirl\u0259r.<br><br>B\u0259li, etiraf etm\u0259liyik ki, Az\u0259rbaycan jurnalistikas\u0131 informasiya sava\u015f\u0131nda h\u0259l\u0259 ki, boy g\u00f6st\u0259rm\u0259k iqtidar\u0131nda deyil. Konkret olaraq d\u00fc\u015fm\u0259n\u0259 qar\u015f\u0131 bu sah\u0259d\u0259 m\u00fcbariz\u0259 h\u0259d\u0259fli bir ne\u00e7\u0259 qurum var v\u0259 onlar\u0131n da f\u0259aliyy\u0259tl\u0259ri yet\u0259rli deyil.<br><br>D\u00fc\u015fm\u0259n t\u0259r\u0259fi ill\u0259rdir ki, \u00f6z itkil\u0259rini Qaraba\u011fda azaltmaqla m\u0259\u015f\u011fuldurlar. Az\u0259rbaycan t\u0259r\u0259finin is\u0259 itkil\u0259rini art\u0131rmaqla &#171;q\u0259hr\u0259man&#187; obraz\u0131 yaratma\u011fa \u00e7al\u0131\u015f\u0131rlar. D\u00fc\u015fm\u0259n t\u0259r\u0259f \u00f6nc\u0259 1991-1994-c\u00fc ill\u0259r itkil\u0259rini he\u00e7 zaman d\u00fczg\u00fcn statistikas\u0131n\u0131 yaymay\u0131b. Erm\u0259nistan t\u0259r\u0259find\u0259 vuru\u015fan Fransadan g\u00f6nd\u0259ril\u0259n 700 n\u0259f\u0259rlik terror\u00e7u legion (bu terror qrupunun b\u00fct\u00fcn x\u0259rcl\u0259rini o vaxtk\u0131 prezident Fransua Mitteran\u0131n arvad\u0131 Daniela Mitteran qar\u015f\u0131lay\u0131rd\u0131), Suriya-Xank\u0259ndi \u0259laq\u0259l\u0259ri o vaxtlar Suriyadan yerli erm\u0259nil\u0259rd\u0259n ibar\u0259t d\u0259st\u0259l\u0259r (Qaraba\u011fda d\u00f6y\u00fc\u015fl\u0259rd\u0259ki i\u015ftiraklar\u0131n\u0131 \u00f6zl\u0259ri etiraf edibl\u0259r), Livan erm\u0259ni terror\u00e7ular\u0131, x\u00fcsus\u0259n Vekaa vadisind\u0259n g\u0259lmi\u015f terror qruplar\u0131n\u0131n lideri ASALA-n\u0131n liderl\u0259rind\u0259n olan, h\u0259m\u00e7inin ASALA \u0130nqilabi H\u0259r\u0259kat qanad\u0131n\u0131n terrorba\u015f\u00e7\u0131s\u0131 Monte Melkonyan\u0131n Yax\u0131n \u015e\u0259rqd\u0259n olan d\u0259st\u0259si (Bu terror fakt\u0131n\u0131 erm\u0259nil\u0259r heyk\u0259ll\u0259\u015fdiribl\u0259r), Livanda D\u0430\u015fnakstsuyutun partiyas\u0131 f\u0259al\u0131, terror\u00e7u Jirayir S\u0259filyan, C\u0259nubi Osetiyadan g\u0259lmi\u015f Mirza Abayevin ba\u015f\u00e7\u0131l\u0131q etdiyi osetin qrupla\u015fmas\u0131, 366-c\u0131 polkun tam hey\u0259ti, Pskov h\u00fccum desant polkunun s\u0259f\u0259rb\u0259rlik ad\u0131yla \u00e7a\u011f\u0131r\u0131lm\u0131\u015f ehtiyyatda olan &#171;partizanlar\u0131&#187;, Erm\u0259nistanda dislokasiya edilmi\u015f 7-ci ordunun h\u0259rbi birlikl\u0259ri (Bu qrupla\u015fmaya aid olan Da\u011f-piyada desant d\u0259st\u0259si Ba\u015fg\u00fcneyp\u0259y\u0259d\u0259 tam hey\u0259tl\u0259 m\u0259hv edilmi\u015fdi), \u018fsk\u0259randa yerl\u0259\u015f\u0259n kazak polku \u00fczvl\u0259rin say\u0131 850-900 n\u0259f\u0259r olmas\u0131 deyilirdi v\u0259 bildir\u0259k ki. bu toplumu haylar uydurma &#171;armenoid&#187; na\u011f\u0131l\u0131 il\u0259 aldada bilibl\u0259r. Guya kazaklar &#171;hay imi\u015fl\u0259r&#187; v\u0259 \u00dcmumrusiya Kazaklar Birliyinin ataman\u0131 \u0130van Kononovun m\u0259tbuatda d\u0259rc edilmi\u015f a\u00e7\u0131qlamas\u0131na g\u00f6r\u0259, Qaraba\u011f m\u00fcharib\u0259sind\u0259 erm\u0259ni ordusuna d\u0259st\u0259k olmaq \u00fc\u00e7\u00fcn 89 kazak i\u015ftirak edib (burada bir &#171;0&#187; \u0259skik g\u0259lir), onlardan 14 n\u0259f\u0259ri d\u00f6y\u00fc\u015fl\u0259rd\u0259 \u00f6l\u00fcb (Bu say is\u0259 200 n\u0259f\u0259rd\u0259n art\u0131qd\u0131r). Bu il may\u0131n 28-d\u0259 i\u015f\u011fal olunmu\u015f \u0259razil\u0259rd\u0259 olan rus kazaklar\u0131n\u0131n r\u0259hb\u0259ri bildirmi\u015fdi ki, \u201cm\u00fcharib\u0259 bitm\u0259diyind\u0259n rus kazaklar\u0131 h\u0259l\u0259 d\u0259 erm\u0259ni ordusunun d\u0259st\u0259yi olacaq\u201d.<\/strong><\/p>\n\n\n\n<figure class=\"wp-block-image size-large\"><img loading=\"lazy\" decoding=\"async\" width=\"878\" height=\"960\" src=\"https:\/\/fedai.az\/wp-content\/uploads\/2021\/07\/SIMTMy.png\" alt=\"\" class=\"wp-image-43743\" srcset=\"https:\/\/fedai.az\/wp-content\/uploads\/2021\/07\/SIMTMy.png 878w, https:\/\/fedai.az\/wp-content\/uploads\/2021\/07\/SIMTMy-274x300.png 274w, https:\/\/fedai.az\/wp-content\/uploads\/2021\/07\/SIMTMy-137x150.png 137w, https:\/\/fedai.az\/wp-content\/uploads\/2021\/07\/SIMTMy-768x840.png 768w\" sizes=\"auto, (max-width: 878px) 100vw, 878px\" \/><\/figure>\n\n\n\n<p><strong><br>Maraql\u0131d\u0131r ki, may\u0131n 24-d\u0259 Az\u0259rbaycan Kazaklar Birliyinin ataman\u0131 Viktor Mere\u015fkin prezident \u0130lham \u018fliyev\u0259 m\u00fcraci\u0259t ed\u0259r\u0259k M\u00fcdafi\u0259 Nazirliyi t\u0259rkibind\u0259 kazak alay\u0131n\u0131n yarad\u0131lmas\u0131n\u0131 t\u0259klif etmi\u015fdi.<\/strong><\/p>\n\n\n\n<p><strong>Onu da yada salaq ki, G\u00fcmr\u00fcd\u0259 h\u0259rbi kadet kompleksi a\u00e7\u0131l\u0131b. Bu m\u0259nada dig\u0259r y\u00fcks\u0259k v\u0259zif\u0259li kazak\u0131n, Rusiya c\u0259nub federal dair\u0259sinin vitse-qubernatoru Nikolay Doludan\u0131n \u00e7\u0131x\u0131\u015f\u0131 diqq\u0259ti c\u0259lb etm\u0259y\u0259 bilm\u0259z: \u201cErm\u0259ni-kazak dostlu\u011funun tarixi \u0259sirl\u0259r boyu inki\u015faf edib. Minl\u0259rl\u0259 Kuban kazak\u0131 erm\u0259ni torpa\u011f\u0131n\u0131 t\u00fcrk v\u0259 farslardan m\u00fcdafi\u0259 ed\u0259r\u0259k bu torpaq \u00fc\u00e7\u00fcn canlar\u0131n\u0131 veribl\u0259r\u201d. Niy\u0259, m\u0259hz Kuban kazak\u0131n\u0131n deyilm\u0259sinin f\u0259rqin\u0259 varm\u0131s\u0131n\u0131zm\u0131? \u00c7\u00fcnki Kuban kazaklar\u0131n\u0131n ataman\u0131 erm\u0259ni kazak general -leytenant\u0131 Caqaryan \u015emavon Aykazovi\u00e7dir. AB\u015e-dan ilkin silah partiyas\u0131n\u0131 Qaraba\u011fa g\u0259tir\u0259n v\u0259 h\u0259tta bu d\u0259st\u0259 \u00fczvl\u0259ri helikopter vurmaq \u00fc\u00e7\u00fcn silah\u0131 1991-ci ilin yay\u0131nda Qaraba\u011fa ke\u00e7ir\u0259 bilmi\u015fdil\u0259r. \u0130lkin m\u0259lumatlarda bu silah\u0131 o vaxtlar Fransan\u0131n ba\u011f\u0131\u015flad\u0131\u011f\u0131 bir humanitar helikopterl\u0259 g\u0259tirdikl\u0259ri deyilirdi.<\/strong><\/p>\n\n\n\n<figure class=\"wp-block-gallery columns-1 is-cropped wp-block-gallery-1 is-layout-flex wp-block-gallery-is-layout-flex\"><ul class=\"blocks-gallery-grid\"><li class=\"blocks-gallery-item\"><figure><img loading=\"lazy\" decoding=\"async\" width=\"604\" height=\"415\" src=\"https:\/\/fedai.az\/wp-content\/uploads\/2021\/07\/MJVazb.jpg\" alt=\"\" data-id=\"43742\" data-link=\"https:\/\/fedai.az\/?attachment_id=43742\" class=\"wp-image-43742\" srcset=\"https:\/\/fedai.az\/wp-content\/uploads\/2021\/07\/MJVazb.jpg 604w, https:\/\/fedai.az\/wp-content\/uploads\/2021\/07\/MJVazb-300x206.jpg 300w, https:\/\/fedai.az\/wp-content\/uploads\/2021\/07\/MJVazb-150x103.jpg 150w\" sizes=\"auto, (max-width: 604px) 100vw, 604px\" \/><\/figure><\/li><\/ul><\/figure>\n\n\n\n<p><strong> M\u0259nfur d\u00fc\u015fm\u0259n o d\u00f6vrd\u0259 helikopteri vurmaq \u00fc\u00e7\u00fcn silah\u0131 nec\u0259 \u0259ld\u0259 etmi\u015fdi? Sonradan apar\u0131lan ara\u015fd\u0131rmalar n\u0259tic\u0259sind\u0259 m\u0259lum olub ki, Mi-8 N72 h\u0259rbi vertolyotu Amerika istehsal\u0131 olan Barret M82A1 silah\u0131ndan a\u00e7\u0131lan at\u0259\u015fl\u0259 vurulub (M\u0259rminin t\u0259rkibind\u0259 birl\u0259\u015fmi\u015f uran izotopu U-238 olur). 50 kalibrli, t\u0259rkibind\u0259 n\u00fcv\u0259 olan bu snayperli silahla 2 km m\u0259saf\u0259d\u0259 u\u00e7an t\u0259yyar\u0259l\u0259ri, helikopterl\u0259ri, h\u0259m\u00e7inin zirehli ma\u015f\u0131nlar\u0131 siradan \u00e7\u0131xarmaq m\u00fcmk\u00fcnd\u00fcr. AB\u015e Konqresind\u0259 ad\u0131 hallanan bu silah\u0131n ad\u0131, h\u0259m d\u0259 k\u00fctl\u0259vi q\u0131r\u011f\u0131n silahlar\u0131 c\u0259rg\u0259sind\u0259dir. Bu silah h\u0259d\u0259f\u0259 d\u0259y\u0259rk\u0259n ilkin olaraq g\u00fccl\u00fc yan\u011f\u0131n t\u00f6r\u0259dir. Buna \u201cn\u00fcv\u0259 yan\u011f\u0131n\u0131\u201d da deyirl\u0259r. Bu yan\u011f\u0131n\u0131n dal\u011fa z\u0259rb\u0259sind\u0259n obyektin qal\u0131qlar\u0131 partlay\u0131\u015f m\u0259rk\u0259zind\u0259n 500-600 metr uza\u011fa da\u011f\u0131l\u0131r. AB\u015e-dan \u0130r\u0259vana g\u0259l\u0259n Karo Kaxkedjyan bar\u0259d\u0259 m\u0259lumat vermi\u015fdik. AB\u015e-dan silah al\u0131nmas\u0131 v\u0259 buraya g\u0259tirilm\u0259si 1989-cu ild\u0259n burada olan Spitak Ar\u00e7 (A\u011f ay\u0131) l\u0259q\u0259bli Karonun vasit\u0259\u00e7iliyi il\u0259 ba\u015f tutdu\u011fu ehtimal olunur. \u00dcmumiyy\u0259tl\u0259, d\u00fc\u015fm\u0259n t\u0259r\u0259find\u0259 vuru\u015fanlar aras\u0131nda PKK-l\u0131 t\u00fcrkiy\u0259lil\u0259r, iranl\u0131lar da yet\u0259rli saya malik olublar. H\u0259m\u00e7inin AB\u015e MK\u0130 Arabo h\u0259rbi birl\u0259\u015fm\u0259sinin t\u0259rkibinin \u0259sas\u0259n \u0259r\u0259b \u00f6lk\u0259l\u0259rind\u0259n y\u0131\u011f\u0131lm\u0131\u015f muzdlulardan t\u0259\u015fkil olundu\u011funu des\u0259 d\u0259, erm\u0259nil\u0259r inadla bu fakt\u0131 t\u0259kzib edirl\u0259r v\u0259 &#171;Arabo&#187; ad\u0131n\u0131n XIX \u0259srd\u0259 Osmanl\u0131ya qar\u015f\u0131 qiyam ed\u0259n v\u0259 sonda k\u00fcrd d\u0259st\u0259l\u0259ri t\u0259r\u0259find\u0259n \u00f6ld\u00fcr\u00fcl\u0259n Stepanos Mixitaryan adl\u0131 \u015f\u0259xsin t\u0259x\u0259ll\u00fcs\u00fcnd\u0259n g\u00f6t\u00fcrd\u00fckl\u0259rini bildirirl\u0259r. Amma faktiki olaraq \u00f6ld\u00fcr\u00fclm\u00fc\u015f terror\u00e7ular aras\u0131nda \u0259r\u0259b m\u0259n\u015f\u0259li le\u015fl\u0259rin oldu\u011fu Q\u0259hr\u0259man Ordumuzun \u00f6n d\u0259st\u0259l\u0259ri s\u00fcbut etdil\u0259r. Ba\u015fqa bir informasiyada is\u0259 160-200 le\u015fd\u0259n erm\u0259nil\u0259r yaln\u0131z 79-83 le\u015fin axtar\u0131\u015f\u0131ndad\u0131rlar. Sizc\u0259 bu niy\u0259 bel\u0259dir? H\u0259l\u0259 d\u0259 ya\u015fayan batalyon komandiri yevlaxl\u0131 Manvel Yegizaryan batalyonun tam hey\u0259td\u0259 m\u0259hv edilm\u0259sini etiraf edib. Sonuncu d\u0259st\u0259 is\u0259 MDB \u00f6lk\u0259l\u0259rind\u0259n muzdla d\u00f6y\u00fc\u015f\u0259n \u015f\u0259xsl\u0259rd\u0259n ibar\u0259t d\u0259st\u0259 olub. H\u0259tta bu d\u0259st\u0259nin t\u0259rkibind\u0259 qazax, tatar v\u0259 s. mill\u0259tl\u0259rin n\u00fcmay\u0259nd\u0259si d\u0259 olub. SSR\u0130-nin 7-ci ordusunun m\u00fcdd\u0259td\u0259n art\u0131q xidm\u0259t ed\u0259n, sonralar erm\u0259ni terror qrupuna qo\u015fularaq biz\u0259 qar\u015f\u0131 d\u00f6y\u00fc\u015f\u0259n, \u018ffqan\u0131standa \u0259sg\u0259rlik \u00e7\u0259kmi\u015f Nefesov Kurbanmurat Bazarbayevi\u00e7in (1969-1992) Erablur q\u0259bristanl\u0131\u011f\u0131ndak\u0131 le\u015fi basd\u0131r\u0131lan q\u0259bri haqq\u0131nda m\u0259lumat vermi\u015fdik.<\/strong><\/p>\n\n\n\n<figure class=\"wp-block-image size-large is-resized\"><img loading=\"lazy\" decoding=\"async\" src=\"https:\/\/fedai.az\/wp-content\/uploads\/2021\/07\/U1HAfC.png\" alt=\"\" class=\"wp-image-43744\" width=\"623\" height=\"1149\" srcset=\"https:\/\/fedai.az\/wp-content\/uploads\/2021\/07\/U1HAfC.png 193w, https:\/\/fedai.az\/wp-content\/uploads\/2021\/07\/U1HAfC-163x300.png 163w, https:\/\/fedai.az\/wp-content\/uploads\/2021\/07\/U1HAfC-81x150.png 81w\" sizes=\"auto, (max-width: 623px) 100vw, 623px\" \/><\/figure>\n\n\n\n<p><strong><br><br>Bel\u0259likl\u0259, Az\u0259rbaycana qar\u015f\u0131 Erm\u0259nistan t\u0259r\u0259find\u0259n d\u00f6y\u00fc\u015f\u0259n muzdlular\u0131n, terror\u00e7ular\u0131n v\u0259 ruslar\u0131n say\u0131 v\u0259 itkil\u0259rini n\u00f6vb\u0259ti yaz\u0131mda geni\u015f m\u00fczakir\u0259y\u0259 ver\u0259c\u0259y\u0259m. Amma \u00f6nc\u0259 b\u0259zi m\u0259qamlara i\u015f\u0131q salmaq vacibdir.<\/strong><\/p>\n\n\n\n<figure class=\"wp-block-gallery columns-1 is-cropped wp-block-gallery-2 is-layout-flex wp-block-gallery-is-layout-flex\"><ul class=\"blocks-gallery-grid\"><li class=\"blocks-gallery-item\"><figure><img loading=\"lazy\" decoding=\"async\" width=\"640\" height=\"374\" src=\"https:\/\/fedai.az\/wp-content\/uploads\/2021\/07\/2xWTe8.jpg\" alt=\"\" data-id=\"43745\" data-full-url=\"https:\/\/fedai.az\/wp-content\/uploads\/2021\/07\/2xWTe8.jpg\" data-link=\"https:\/\/fedai.az\/?attachment_id=43745\" class=\"wp-image-43745\" srcset=\"https:\/\/fedai.az\/wp-content\/uploads\/2021\/07\/2xWTe8.jpg 640w, https:\/\/fedai.az\/wp-content\/uploads\/2021\/07\/2xWTe8-300x175.jpg 300w, https:\/\/fedai.az\/wp-content\/uploads\/2021\/07\/2xWTe8-150x88.jpg 150w, https:\/\/fedai.az\/wp-content\/uploads\/2021\/07\/2xWTe8-184x109.jpg 184w\" sizes=\"auto, (max-width: 640px) 100vw, 640px\" \/><\/figure><\/li><\/ul><\/figure>\n\n\n\n<p><strong>Az\u0259rbaycan\u0131n oxumaqdan uzaq d\u00fc\u015f\u0259n \u0259halisin\u0259 bir \u00e7ox h\u0259qiq\u0259tl\u0259r \u00e7atd\u0131r\u0131lmal\u0131d\u0131r. Bunu &#171;artistl\u0259rin alt paltarlar\u0131ndan&#187; yazan m\u00fctr\u00fcfl\u0259rimiz ed\u0259 bilm\u0259zl\u0259r. He\u00e7 olmasa, bir mill\u0259tin edam k\u00fcrs\u00fcs\u00fcnd\u0259 n\u0259 il\u0259 m\u0259\u015f\u011ful olmalar\u0131n\u0131, sad\u0259c\u0259 birc\u0259 an seyr edin. \u018fg\u0259r ba\u015f\u0131n\u0131z varsa oturdu\u011funuz buda\u011fa vurdu\u011funuz baltalara diqq\u0259t edin. Qar\u015f\u0131da y\u00fcz c\u0259bh\u0259y\u0259 i\u015fl\u0259y\u0259n bir m\u0259nfur d\u00fc\u015fm\u0259n var. Sizi aldadaraq arxay\u0131n salmaq \u00fc\u00e7\u00fcn &#171;qorxaq, qandan qorxan, axmaq v\u0259 s. &#187; epitetl\u0259r i\u015fl\u0259dirl\u0259r. Y\u0259ni biz analoqu olmayan, \u00e7oxlar\u0131na k\u00f6p\u0259klik etm\u0259kl\u0259 yana\u015f\u0131 \u00f6z\u00fcn\u0259 k\u00f6p\u0259klik ed\u0259n toplumlar yaratm\u0131\u015f bir g\u00fccl\u0259 \u00fczb\u0259\u00fcz\u00fck. \u0130mperialistl\u0259rin h\u0259d\u0259fi Qara d\u0259niz-X\u0259z\u0259r aras\u0131 zola\u011f\u0131 t\u00fcrks\u00fczl\u0259\u015fdirm\u0259k, bu oyunda ma\u015fal\u0131q ed\u0259n haylar\u0131n is\u0259 qondarma &#171;b\u00d6y\u00fck eRm\u0259nistan&#187; ideyas\u0131 var. Qorxulu tendensiya odur ki, bir toplum olan haylar ellikc\u0259 bu x\u0259st\u0259liy\u0259 yoluxdurulmu\u015fdur. Haz\u0131rda is\u0259 bizim i\u00e7imizd\u0259ki b\u0259zi beyinsizl\u0259ri &#171;haylar kimi aborigen&#187; adland\u0131raraq \u0259m\u0259lli-ba\u015fl\u0131 t\u0259r\u0259fdarlar y\u0131\u011f\u0131blar. Bu g\u00fcn bizl\u0259rin d\u00fc\u015fm\u0259nl\u0259 m\u00fcbariz\u0259d\u0259 susmaq haqq\u0131m\u0131z yoxdur.<br><br>T\u00fcrkiy\u0259 m\u0259tbuat\u0131nda bel\u0259 bir yaz\u0131 oxudum: &#171;PKK-ya t\u0259lim kamplar\u0131ndan tutmu\u015f h\u0259r c\u00fcr mediya v\u0259 rabit\u0259 t\u0259minat\u0131n\u0131 h\u0259yata ke\u00e7ir\u0259n Erm\u0259nistan, PKK-l\u0131 terroristl\u0259rin Avropaya ge\u00e7i\u015finide Erm\u0259nistan pasportu il\u0259 h\u0259yata ke\u00e7irilir. H\u0259r ay 50 n\u0259f\u0259r PKK-l\u0131 terroristin bundan faydalanmas\u0131n\u0131 t\u0259min edir.<br><br>Avropada \u0259n b\u00f6y\u00fck d\u0259st\u0259k\u00e7isi Fransa olan Erm\u0259nistan, Parisd\u0259ki \u00f6z s\u0259firliyi \u00fcz\u0259rind\u0259n terrorist m\u00fctt\u0259fiqi olan PKK-l\u0131lar\u0131n sa\u011fl\u0131q v\u0259 maliyy\u0259 ehtiya\u00e7lar\u0131n\u0131 qar\u015f\u0131lay\u0131r. Erm\u0259nistan, bu i\u015fl\u0259ri o q\u0259d\u0259r a\u00e7\u0131q v\u0259 n\u00fcmayi\u015fkaran\u0259 bir \u015f\u0259kild\u0259 edir ki, terror\u00e7u ba\u015f\u0131 Murat Karay\u0131lan\u0131n istifad\u0259 etdiyi cib telefonunun Erm\u0259nistan Xarici \u0130\u015fl\u0259r nazirliyin\u0259 ba\u011fl\u0131 oldu\u011fu x\u00fcsusi xidm\u0259t orqanlar\u0131 t\u0259r\u0259find\u0259n t\u0259sdiqini tapmas\u0131na he\u00e7 reaksiya bel\u0259 vermir.<br><br>Erm\u0259nistan, PKK-l\u0131lar\u0131 sad\u0259c\u0259 Avropaya g\u00f6nderm\u0259kl\u0259 qalm\u0131r, Suriyadak\u0131 Yezidi PKK-l\u0131lar\u0131 Qaraba\u011fda Az\u0259rbaycana qar\u015f\u0131 sava\u015fmalar\u0131 \u00fc\u00e7\u00fcn yerl\u0259\u015fdirm\u0259kd\u0259dir. Onlar\u0131n ba\u015flar\u0131 \u00fcst\u00fcnd\u0259 duran adam is\u0259, terror t\u0259\u015fkilat\u0131 olan ASALA-n\u0131n s\u00f6zd\u0259 lideri v\u0259 ke\u00e7mi\u015fd\u0259, y\u0259ni 1981-ci ild\u0259, Parisd\u0259 terror h\u00fccumunu ger\u00e7\u0259kl\u0259\u015fdir\u0259r\u0259k 56 n\u0259f\u0259ri girov g\u00f6t\u00fcr\u0259n v\u0259 g\u00fcv\u0259nlik i\u015f\u00e7isi Cemal \u00d6z\u0259ni \u015f\u0259hid ed\u0259n d\u00f6rd ermeni terror\u00e7usundan biri olan Vazgen Sisliyand\u0131r.<\/strong><\/p>\n\n\n\n<figure class=\"wp-block-image size-large\"><img loading=\"lazy\" decoding=\"async\" width=\"539\" height=\"666\" src=\"https:\/\/fedai.az\/wp-content\/uploads\/2021\/07\/zTz3RB.jpg\" alt=\"\" class=\"wp-image-43746\" srcset=\"https:\/\/fedai.az\/wp-content\/uploads\/2021\/07\/zTz3RB.jpg 539w, https:\/\/fedai.az\/wp-content\/uploads\/2021\/07\/zTz3RB-243x300.jpg 243w, https:\/\/fedai.az\/wp-content\/uploads\/2021\/07\/zTz3RB-121x150.jpg 121w\" sizes=\"auto, (max-width: 539px) 100vw, 539px\" \/><\/figure>\n\n\n\n<p><strong>Avropada lobbi \u00e7al\u0131\u015fmalar\u0131 \u00fc\u00e7\u00fcn g\u00f6nderdiyi PKK-l\u0131lar, Qaraba\u011fda, Az\u0259rbaycana qar\u015f\u0131 sava\u015fmalar\u0131 \u00fc\u00e7\u00fcn yerl\u0259\u015fdirdiyi PKK-l\u0131lar, Erm\u0259nistandan T\u00fcrkiy\u0259y\u0259 giri\u015fi, HDP-li B\u0259l\u0259diyy\u0259 ba\u015fkan\u0131na sahib Tuzluca \u00fcz\u0259rind\u0259n h\u0259yata ke\u00e7iril\u0259n PKK-l\u0131lar, Erm\u0259nistan\u0131n, eyni m\u0259zh\u0259bd\u0259, y\u0259ni ortodoks &#8212; olan Yunan\u0131stan kimi T\u00fcrkiy\u0259y\u0259 qar\u015f\u0131 bir n\u00f6mr\u0259li terror m\u00fctt\u0259fiqidir.<br><br>D\u00f6rd bir yandan imperialistl\u0259rin \u0259sg\u0259ri g\u00fccl\u0259ri il\u0259 \u0259hat\u0259y\u0259 al\u0131nm\u0131\u015f T\u00fcrkiy\u0259 C\u00fcmhuriy\u0259tinin qap\u0131 qon\u015fular\u0131 olan Yunan\u0131stan v\u0259 Erm\u0259nistan, T\u00fcrkiy\u0259y\u0259 qar\u015f\u0131 oacaq h\u0259r hans\u0131 i\u015f\u011fal\u0131n, ke\u00e7mi\u015fd\u0259ki kimi ba\u015f fig\u00fcrlar\u0131 olacaqlar. Bu iki vassal \u00f6lk\u0259, z\u0259ncirl\u0259rini tutanlardan g\u0259l\u0259c\u0259k \u0259mrl\u0259ri, ke\u00e7mi\u015fd\u0259 ald\u0131qlar\u0131 d\u0259rsl\u0259rd\u0259n \u00e7ox yax\u015f\u0131 bildikl\u0259ri \u00fc\u00e7\u00fcn, T\u00fcrkiy\u0259y\u0259 qar\u015f\u0131 olan PKK\/YPG, DHKP-C, FET\u00d6, MLKP, DK, T\u0130KKO kimi terror \u00f6rg\u00fctl\u0259rini yedirir, b\u0259sliyor v\u0259 istifad\u0259 edirl\u0259r.<br><br>Biz n\u0259 etm\u0259liyik? &#171;D\u00f6vl\u0259t n\u0259 edir&#187; kimi bo\u015f dan\u0131\u015f\u0131\u011f\u0131 burax\u0131b, h\u0259r k\u0259s tutdu\u011fu m\u00f6vqed\u0259n as\u0131l\u0131 olmayaraq \u00f6z g\u00fcc\u00fcm\u00fcz\u00fc D\u00f6vl\u0259timiz \u00fc\u00e7\u00fcn s\u0259rf etm\u0259liyik. H\u0259r \u015feyi D\u00f6vl\u0259td\u0259n g\u00f6zl\u0259m\u0259m\u0259liyik.<\/strong><\/p>\n\n\n\n<figure class=\"wp-block-image size-large\"><img loading=\"lazy\" decoding=\"async\" width=\"680\" height=\"455\" src=\"https:\/\/fedai.az\/wp-content\/uploads\/2021\/07\/T67yad.jpg\" alt=\"\" class=\"wp-image-43747\" srcset=\"https:\/\/fedai.az\/wp-content\/uploads\/2021\/07\/T67yad.jpg 680w, https:\/\/fedai.az\/wp-content\/uploads\/2021\/07\/T67yad-300x201.jpg 300w, https:\/\/fedai.az\/wp-content\/uploads\/2021\/07\/T67yad-150x100.jpg 150w\" sizes=\"auto, (max-width: 680px) 100vw, 680px\" \/><\/figure>\n\n\n\n<p><strong><br><br>Yatmaq, bo\u015f durmaq olmaz; bu m\u00fccadil\u0259, h\u0259r birimizin, \u015e\u0259hidl\u0259rimiz\u0259 olan namus borcudur!&#8230;<br><br>Bu i\u015fd\u0259 h\u0259r k\u0259s eyni partiyan\u0131n m\u0259nsubudur, onun da ad\u0131 T\u00dcRK\u0130Y\u018f C\u00dcMHUR\u0130YY\u018fT\u0130dir. Bunu T\u00fcrk m\u0259tbuat\u0131nda F. \u00d6zonur adl\u0131 bir n\u0259f\u0259r yaz\u0131b&#187;.<br><br>Bizim \u00fc\u00e7\u00fcn varm\u0131 bel\u0259 bir partiya? Yoxsa \u015f\u0259xsi ambisiyalar \u00fc\u00e7\u00fcn \u015feytanla qol-boyun olan v\u0259 \u015f\u0259xsi m\u0259nf\u0259\u0259t \u00fc\u00e7\u00fcn V\u0259t\u0259ni 5 q\u0259piy\u0259 satanlar h\u0259r yer\u0259 n\u0259zar\u0259t edirl\u0259r? \u015e\u0259xsi qazanclar\u0131 namin\u0259 d\u00fc\u015fm\u0259n\u0259 &#171;day\u0131&#187; dey\u0259nl\u0259r m\u0259ml\u0259k\u0259t adl\u0131 bir Anam\u0131z t\u0259hl\u00fck\u0259d\u0259dir&#8230;<br><br>(Ard\u0131 var)<\/strong><\/p>\n\n\n\n<figure class=\"wp-block-image size-large is-resized\"><img loading=\"lazy\" decoding=\"async\" src=\"https:\/\/fedai.az\/wp-content\/uploads\/2021\/07\/fLIR6d.jpg\" alt=\"\" class=\"wp-image-43748\" width=\"892\" height=\"640\" srcset=\"https:\/\/fedai.az\/wp-content\/uploads\/2021\/07\/fLIR6d.jpg 680w, https:\/\/fedai.az\/wp-content\/uploads\/2021\/07\/fLIR6d-300x215.jpg 300w, https:\/\/fedai.az\/wp-content\/uploads\/2021\/07\/fLIR6d-150x108.jpg 150w\" sizes=\"auto, (max-width: 892px) 100vw, 892px\" \/><figcaption><strong>Yezidi k\u00fcrdl\u0259r Az\u0259rbaycana qar\u015f\u0131 d\u00f6y\u00fc\u015fl\u0259rd\u0259<\/strong><\/figcaption><\/figure>\n","protected":false},"excerpt":{"rendered":"<p>Yaz\u0131 28 mart 2019-cu ild\u0259 yay\u0131nlan\u0131b&#8230; D\u00dc\u015eM\u018fN C\u018fBH\u018fD\u018fK\u0130 \u0130TK\u0130L\u018fR\u0130N\u0130 DA\u0130M G\u0130ZL\u018fD\u0130BI Yaz\u0131 Xaqani \u018fd\u0259bo\u011fluAVMV\u0130B M\u0259tuat Xidm\u0259tinin R\u0259hb\u0259ri Biz d\u00fc\u015fm\u0259n\u0259 qar\u015f\u0131 informasiya sava\u015f\u0131nda \u00e7ox c\u0131l\u0131z<\/p>\n","protected":false},"author":2,"featured_media":43749,"comment_status":"closed","ping_status":"closed","sticky":false,"template":"","format":"standard","meta":{"footnotes":""},"categories":[6],"tags":[],"class_list":["post-43741","post","type-post","status-publish","format-standard","has-post-thumbnail","hentry","category-arasdirma"],"aioseo_notices":[],"_links":{"self":[{"href":"https:\/\/fedai.az\/index.php?rest_route=\/wp\/v2\/posts\/43741","targetHints":{"allow":["GET"]}}],"collection":[{"href":"https:\/\/fedai.az\/index.php?rest_route=\/wp\/v2\/posts"}],"about":[{"href":"https:\/\/fedai.az\/index.php?rest_route=\/wp\/v2\/types\/post"}],"author":[{"embeddable":true,"href":"https:\/\/fedai.az\/index.php?rest_route=\/wp\/v2\/users\/2"}],"replies":[{"embeddable":true,"href":"https:\/\/fedai.az\/index.php?rest_route=%2Fwp%2Fv2%2Fcomments&post=43741"}],"version-history":[{"count":1,"href":"https:\/\/fedai.az\/index.php?rest_route=\/wp\/v2\/posts\/43741\/revisions"}],"predecessor-version":[{"id":43750,"href":"https:\/\/fedai.az\/index.php?rest_route=\/wp\/v2\/posts\/43741\/revisions\/43750"}],"wp:featuredmedia":[{"embeddable":true,"href":"https:\/\/fedai.az\/index.php?rest_route=\/wp\/v2\/media\/43749"}],"wp:attachment":[{"href":"https:\/\/fedai.az\/index.php?rest_route=%2Fwp%2Fv2%2Fmedia&parent=43741"}],"wp:term":[{"taxonomy":"category","embeddable":true,"href":"https:\/\/fedai.az\/index.php?rest_route=%2Fwp%2Fv2%2Fcategories&post=43741"},{"taxonomy":"post_tag","embeddable":true,"href":"https:\/\/fedai.az\/index.php?rest_route=%2Fwp%2Fv2%2Ftags&post=43741"}],"curies":[{"name":"wp","href":"https:\/\/api.w.org\/{rel}","templated":true}]}}