{"id":43751,"date":"2021-07-24T04:52:03","date_gmt":"2021-07-24T00:52:03","guid":{"rendered":"https:\/\/fedai.az\/?p=43751"},"modified":"2021-07-24T04:52:07","modified_gmt":"2021-07-24T00:52:07","slug":"prezidentin-s%c9%99r%c9%99ncamiyla-v%c9%99t%c9%99n-muharib%c9%99si-q%c9%99hr%c9%99mani-korpus-komandiri-t%c9%99yin-edilib","status":"publish","type":"post","link":"https:\/\/fedai.az\/?p=43751","title":{"rendered":"Prezidentin s\u0259r\u0259ncam\u0131yla V\u0259t\u0259n M\u00fcharib\u0259si Q\u0259hr\u0259man\u0131 korpus komandiri t\u0259yin edilib"},"content":{"rendered":"\n<p><strong>X\u0259b\u0259r verdiyimiz kimi, M\u00fcdafi\u0259 Nazirliyind\u0259 yeni t\u0259yinatlar olub.<\/strong><\/p>\n\n\n\n<p><strong>Bu t\u0259yinatlardan biri d\u0259 X\u00fcsusi T\u0259yinatl\u0131 Q\u00fcvv\u0259l\u0259rin komandan\u0131 general-leytenant Hikm\u0259t Mirz\u0259yevin birinci m\u00fcavini general-mayor K\u0259nan Seyidovla ba\u011fl\u0131d\u0131r.<\/strong><\/p>\n\n\n\n<figure class=\"wp-block-image size-large is-resized\"><img loading=\"lazy\" decoding=\"async\" src=\"https:\/\/fedai.az\/wp-content\/uploads\/2021\/07\/seyidov-1.jpg\" alt=\"\" class=\"wp-image-43752\" width=\"910\" height=\"571\" srcset=\"https:\/\/fedai.az\/wp-content\/uploads\/2021\/07\/seyidov-1.jpg 637w, https:\/\/fedai.az\/wp-content\/uploads\/2021\/07\/seyidov-1-300x188.jpg 300w, https:\/\/fedai.az\/wp-content\/uploads\/2021\/07\/seyidov-1-150x94.jpg 150w, https:\/\/fedai.az\/wp-content\/uploads\/2021\/07\/seyidov-1-115x73.jpg 115w\" sizes=\"auto, (max-width: 910px) 100vw, 910px\" \/><\/figure>\n\n\n\n<p>Prezident \u0130lham \u018fliyevin s\u0259r\u0259ncam\u0131na \u0259sas\u0259n, general-mayor Seyidov K\u0259nan \u018flih\u00fcseyn o\u011flu X\u00fcsusi T\u0259yinatl\u0131 Q\u00fcvv\u0259l\u0259r komandan\u0131n\u0131n birinci m\u00fcavini \u2013 q\u0259rargah r\u0259isi v\u0259zif\u0259sind\u0259n azad edil\u0259r\u0259k, 5-ci Ordu Korpusunun komandiri t\u0259yin olunub.<\/p>\n\n\n\n<p>Qeyd ed\u0259k ki, \u00f6t\u0259n ilin noyabr\u0131n 20-d\u0259 general-mayor r\u00fctb\u0259si alan K\u0259nan Seyidov V\u0259t\u0259n m\u00fcharib\u0259si i\u015fitak\u00e7\u0131s\u0131d\u0131r. O, ikinci Qaraba\u011f m\u00fcharib\u0259sind\u0259 g\u00f6st\u0259rdiyi \u015f\u00fcca\u0259t\u0259 g\u00f6r\u0259 4 medala layiq g\u00f6r\u00fcl\u00fcb. K.Seyidov &#171;V\u0259t\u0259n M\u00fcharib\u0259si Q\u0259rhr\u0259man\u0131\u201d ad\u0131 il\u0259 birg\u0259 \u015eu\u015fa, F\u00fczuli v\u0259 C\u0259bray\u0131l\u0131n azad olunmas\u0131na g\u00f6r\u0259 medallar\u0131 il\u0259 t\u0259ltif edilib.<\/p>\n","protected":false},"excerpt":{"rendered":"<p>X\u0259b\u0259r verdiyimiz kimi, M\u00fcdafi\u0259 Nazirliyind\u0259 yeni t\u0259yinatlar olub. Bu t\u0259yinatlardan biri d\u0259 X\u00fcsusi T\u0259yinatl\u0131 Q\u00fcvv\u0259l\u0259rin komandan\u0131 general-leytenant Hikm\u0259t Mirz\u0259yevin birinci m\u00fcavini general-mayor K\u0259nan Seyidovla<\/p>\n","protected":false},"author":2,"featured_media":43753,"comment_status":"closed","ping_status":"closed","sticky":false,"template":"","format":"standard","meta":{"footnotes":""},"categories":[3],"tags":[],"class_list":["post-43751","post","type-post","status-publish","format-standard","has-post-thumbnail","hentry","category-gundm"],"aioseo_notices":[],"_links":{"self":[{"href":"https:\/\/fedai.az\/index.php?rest_route=\/wp\/v2\/posts\/43751","targetHints":{"allow":["GET"]}}],"collection":[{"href":"https:\/\/fedai.az\/index.php?rest_route=\/wp\/v2\/posts"}],"about":[{"href":"https:\/\/fedai.az\/index.php?rest_route=\/wp\/v2\/types\/post"}],"author":[{"embeddable":true,"href":"https:\/\/fedai.az\/index.php?rest_route=\/wp\/v2\/users\/2"}],"replies":[{"embeddable":true,"href":"https:\/\/fedai.az\/index.php?rest_route=%2Fwp%2Fv2%2Fcomments&post=43751"}],"version-history":[{"count":1,"href":"https:\/\/fedai.az\/index.php?rest_route=\/wp\/v2\/posts\/43751\/revisions"}],"predecessor-version":[{"id":43754,"href":"https:\/\/fedai.az\/index.php?rest_route=\/wp\/v2\/posts\/43751\/revisions\/43754"}],"wp:featuredmedia":[{"embeddable":true,"href":"https:\/\/fedai.az\/index.php?rest_route=\/wp\/v2\/media\/43753"}],"wp:attachment":[{"href":"https:\/\/fedai.az\/index.php?rest_route=%2Fwp%2Fv2%2Fmedia&parent=43751"}],"wp:term":[{"taxonomy":"category","embeddable":true,"href":"https:\/\/fedai.az\/index.php?rest_route=%2Fwp%2Fv2%2Fcategories&post=43751"},{"taxonomy":"post_tag","embeddable":true,"href":"https:\/\/fedai.az\/index.php?rest_route=%2Fwp%2Fv2%2Ftags&post=43751"}],"curies":[{"name":"wp","href":"https:\/\/api.w.org\/{rel}","templated":true}]}}