{"id":43755,"date":"2021-07-24T11:11:39","date_gmt":"2021-07-24T07:11:39","guid":{"rendered":"https:\/\/fedai.az\/?p=43755"},"modified":"2021-07-24T11:11:45","modified_gmt":"2021-07-24T07:11:45","slug":"nazir-s%c9%99hid-ogluna-yuks%c9%99k-v%c9%99zif%c9%99-verdi","status":"publish","type":"post","link":"https:\/\/fedai.az\/?p=43755","title":{"rendered":"Nazir \u015f\u0259hid o\u011fluna y\u00fcks\u0259k V\u018fZ\u0130F\u018f VERD\u0130"},"content":{"rendered":"\n<p><strong>Daxili i\u015fl\u0259r orqanlar\u0131nda kadr t\u0259yinat\u0131 olub.<\/strong><\/p>\n\n\n\n<p>Bu bar\u0259d\u0259 daxili i\u015fl\u0259r naziri, general-polkovnik Vilay\u0259t Eyvazov m\u00fcvafiq \u0259mr imzalay\u0131b.<\/p>\n\n\n\n<p>\u018fmr\u0259 \u0259sas\u0259n, polis kapitan\u0131 S\u0259ttar M\u0259h\u0259rr\u0259mzad\u0259\u00a0\u015eu\u015fa\u00a0Rayon Polis \u015e\u00f6b\u0259sinin \u0130ctimai T\u0259hl\u00fck\u0259sizlik B\u00f6lm\u0259sin\u0259 t\u0259yinat al\u0131b.<\/p>\n\n\n\n<p>Xat\u0131rladaq ki, S\u0259ttar M\u0259h\u0259rr\u0259mzad\u0259 Birinci Qaraba\u011f m\u00fcharib\u0259si zaman\u0131 &#171;Da\u015falt\u0131 \u0259m\u0259liyyat\u0131&#187;nda \u015f\u0259hid olan Nazim M\u0259h\u0259rr\u0259movun o\u011fludur. Daxili \u0130\u015fl\u0259r naziri general-polkovnik Vilay\u0259t Eyvazov daim \u015f\u0259hid ail\u0259l\u0259rinin \u00fczvl\u0259rini v\u0259 m\u00fcharib\u0259 veteranlar\u0131n\u0131 diqq\u0259td\u0259 saxlay\u0131r. <\/p>\n","protected":false},"excerpt":{"rendered":"<p>Daxili i\u015fl\u0259r orqanlar\u0131nda kadr t\u0259yinat\u0131 olub. Bu bar\u0259d\u0259 daxili i\u015fl\u0259r naziri, general-polkovnik Vilay\u0259t Eyvazov m\u00fcvafiq \u0259mr imzalay\u0131b. \u018fmr\u0259 \u0259sas\u0259n, polis kapitan\u0131 S\u0259ttar M\u0259h\u0259rr\u0259mzad\u0259\u00a0\u015eu\u015fa\u00a0Rayon Polis<\/p>\n","protected":false},"author":2,"featured_media":43757,"comment_status":"closed","ping_status":"closed","sticky":false,"template":"","format":"standard","meta":{"footnotes":""},"categories":[3],"tags":[],"class_list":["post-43755","post","type-post","status-publish","format-standard","has-post-thumbnail","hentry","category-gundm"],"aioseo_notices":[],"_links":{"self":[{"href":"https:\/\/fedai.az\/index.php?rest_route=\/wp\/v2\/posts\/43755","targetHints":{"allow":["GET"]}}],"collection":[{"href":"https:\/\/fedai.az\/index.php?rest_route=\/wp\/v2\/posts"}],"about":[{"href":"https:\/\/fedai.az\/index.php?rest_route=\/wp\/v2\/types\/post"}],"author":[{"embeddable":true,"href":"https:\/\/fedai.az\/index.php?rest_route=\/wp\/v2\/users\/2"}],"replies":[{"embeddable":true,"href":"https:\/\/fedai.az\/index.php?rest_route=%2Fwp%2Fv2%2Fcomments&post=43755"}],"version-history":[{"count":1,"href":"https:\/\/fedai.az\/index.php?rest_route=\/wp\/v2\/posts\/43755\/revisions"}],"predecessor-version":[{"id":43758,"href":"https:\/\/fedai.az\/index.php?rest_route=\/wp\/v2\/posts\/43755\/revisions\/43758"}],"wp:featuredmedia":[{"embeddable":true,"href":"https:\/\/fedai.az\/index.php?rest_route=\/wp\/v2\/media\/43757"}],"wp:attachment":[{"href":"https:\/\/fedai.az\/index.php?rest_route=%2Fwp%2Fv2%2Fmedia&parent=43755"}],"wp:term":[{"taxonomy":"category","embeddable":true,"href":"https:\/\/fedai.az\/index.php?rest_route=%2Fwp%2Fv2%2Fcategories&post=43755"},{"taxonomy":"post_tag","embeddable":true,"href":"https:\/\/fedai.az\/index.php?rest_route=%2Fwp%2Fv2%2Ftags&post=43755"}],"curies":[{"name":"wp","href":"https:\/\/api.w.org\/{rel}","templated":true}]}}