{"id":43765,"date":"2021-07-26T01:38:40","date_gmt":"2021-07-25T21:38:40","guid":{"rendered":"https:\/\/fedai.az\/?p=43765"},"modified":"2021-07-26T01:38:55","modified_gmt":"2021-07-25T21:38:55","slug":"k%c9%99rim-v%c9%99liyevin-t%c9%99yinati-erm%c9%99nil%c9%99r-muqayis%c9%99l%c9%99r-aparib","status":"publish","type":"post","link":"https:\/\/fedai.az\/?p=43765","title":{"rendered":"K\u0259rim V\u0259liyevin t\u0259yinat\u0131: erm\u0259nil\u0259r m\u00fcqayis\u0259l\u0259r apar\u0131b"},"content":{"rendered":"\n<p><strong>\u00d6t\u0259n g\u00fcn Prezident \u0130lham \u018fliyevin s\u0259r\u0259ncam\u0131 il\u0259 m\u00fcdafi\u0259 nazirinin m\u00fcavini \u2013 \u015e\u0259xsi Hey\u0259t Ba\u015f \u0130dar\u0259sinin r\u0259isi K\u0259rim V\u0259liyevin v\u0259zif\u0259sind\u0259n azad edil\u0259r\u0259k, m\u00fcdafi\u0259 nazirinin birinci m\u00fcavini \u2013 Az\u0259rbaycan Ordusunun Ba\u015f Q\u0259rargah r\u0259isi t\u0259yin edilm\u0259sin\u0259 erm\u0259ni sosial \u015f\u0259b\u0259k\u0259 istifad\u0259\u00e7il\u0259ri h\u0259y\u0259canl\u0131 reaksiya veribl\u0259r.<\/strong><\/p>\n\n\n\n<p>Erm\u0259nistanda bir-birinin ard\u0131nca m\u00fcdafi\u0259 naziri v\u0259 Ba\u015f Q\u0259rargah r\u0259isinin d\u0259yi\u015fdiyini, Vaqar\u015fak Arutyunyan\u0131n istefas\u0131ndan sonra M\u00fcdafi\u0259 Nazirliyin\u0259 normal bir r\u0259hb\u0259r tap\u0131lmamas\u0131n\u0131, n\u0259hay\u0259t, Ba\u015f Q\u0259rargah r\u0259isinin m\u00fcavini Ar\u015fak Karapetyan\u0131n birinci m\u00fcavin t\u0259yin edil\u0259r\u0259k, ona nazirin s\u0259lahiyy\u0259tl\u0259rinin verilm\u0259si fonunda qurumdan bir-birinin ard\u0131nca ciddi istefalar\u0131n ya\u015fand\u0131\u011f\u0131 bir zamanda Az\u0259rbaycanda K\u0259rim V\u0259liyev kimi m\u00fcsb\u0259t imicli bir zabitin Ba\u015f Q\u0259rargah r\u0259isi t\u0259yin edilm\u0259sin\u0259 diqq\u0259t \u00e7\u0259kilib.<\/p>\n\n\n\n<p>Bu arada erm\u0259ni ekspertl\u0259r d\u0259 K.V\u0259liyevin t\u0259yinat\u0131n\u0131 bu konstekstd\u0259 qiym\u0259tl\u0259ndiribl\u0259r. M\u0259s\u0259l\u0259n, erm\u0259ni h\u0259rbi analitik Ayk Xa\u00e7ikyan K\u0259rim V\u0259liyevin orduda t\u0259sad\u00fcfi \u015f\u0259xs olmad\u0131\u011f\u0131n\u0131 bildirib.<\/p>\n\n\n\n<p>\u201cBu v\u0259zif\u0259ni m\u00fcdafi\u0259 nazirinin m\u00fcavinl\u0259rind\u0259n birinin tutaca\u011f\u0131 g\u00f6zl\u0259nil\u0259n idi. K\u0259rim V\u0259liyev is\u0259 bu v\u0259zif\u0259y\u0259 q\u0259d\u0259r bir \u00e7ox sah\u0259l\u0259r\u0259 r\u0259hb\u0259rlik edib &#8212; briqada komandiri, m\u00fcdafi\u0259 nazirinin d\u00f6y\u00fc\u015f \u0259m\u0259liyyatlar\u0131 \u00fczr\u0259 m\u00fcavini, h\u0259rbi birlik komandiri, H\u0259rbi Strategiyas\u0131 \u0130dar\u0259sinin r\u0259isi olub\u201d, &#8212; dey\u0259 o bildirib.<\/p>\n\n\n\n<p>Erm\u0259ni ekspert eyni zamanda K\u0259rim V\u0259liyevin Orduda n\u00fcfuzu oldu\u011funu da etiraf edib. Bildirib ki, ad\u0131 he\u00e7 vaxt siyasi v\u0259 korrupsiya qalmaqal\u0131nda hallanmay\u0131b.<\/p>\n\n\n\n<p>N\u0259cm\u0259ddin Sad\u0131qovun m\u00fcharib\u0259 zaman\u0131 v\u0259zif\u0259sind\u0259n ayr\u0131lmas\u0131n\u0131 xat\u0131rladan ekspertin s\u00f6zl\u0259rin\u0259 g\u00f6r\u0259, M\u00fcdafi\u0259 Nazirliyi Aparat\u0131 o zaman da he\u00e7 bir sapmaya yol verm\u0259d\u0259n d\u0259qiq i\u015fl\u0259yib.<\/p>\n\n\n\n<p>Ayk Xa\u00e7ikyan K.V\u0259liyevin t\u0259yinat\u0131nda Az\u0259rbaycan Ordusunun T\u00fcrkiy\u0259 Ordusu modelin\u0259 ke\u00e7id strategiyas\u0131n\u0131n rol oynad\u0131\u011f\u0131n\u0131 da istisna etm\u0259yib.<\/p>\n\n\n\n<p>Qeyd ed\u0259k ki, 44 g\u00fcnl\u00fck sava\u015fda birba\u015fa i\u015ftirak ed\u0259n K\u0259rim V\u0259liyevin nec\u0259 bir zabit oldu\u011funu erm\u0259nil\u0259r d\u00f6y\u00fc\u015f meydan\u0131nda da m\u00fc\u015fahid\u0259 edibl\u0259r.<\/p>\n\n\n\n<p>M\u0259nb\u0259: Axar.az<\/p>\n","protected":false},"excerpt":{"rendered":"<p>\u00d6t\u0259n g\u00fcn Prezident \u0130lham \u018fliyevin s\u0259r\u0259ncam\u0131 il\u0259 m\u00fcdafi\u0259 nazirinin m\u00fcavini \u2013 \u015e\u0259xsi Hey\u0259t Ba\u015f \u0130dar\u0259sinin r\u0259isi K\u0259rim V\u0259liyevin v\u0259zif\u0259sind\u0259n azad edil\u0259r\u0259k, m\u00fcdafi\u0259 nazirinin birinci<\/p>\n","protected":false},"author":2,"featured_media":43766,"comment_status":"closed","ping_status":"closed","sticky":false,"template":"","format":"standard","meta":{"footnotes":""},"categories":[3],"tags":[],"class_list":["post-43765","post","type-post","status-publish","format-standard","has-post-thumbnail","hentry","category-gundm"],"aioseo_notices":[],"_links":{"self":[{"href":"https:\/\/fedai.az\/index.php?rest_route=\/wp\/v2\/posts\/43765","targetHints":{"allow":["GET"]}}],"collection":[{"href":"https:\/\/fedai.az\/index.php?rest_route=\/wp\/v2\/posts"}],"about":[{"href":"https:\/\/fedai.az\/index.php?rest_route=\/wp\/v2\/types\/post"}],"author":[{"embeddable":true,"href":"https:\/\/fedai.az\/index.php?rest_route=\/wp\/v2\/users\/2"}],"replies":[{"embeddable":true,"href":"https:\/\/fedai.az\/index.php?rest_route=%2Fwp%2Fv2%2Fcomments&post=43765"}],"version-history":[{"count":1,"href":"https:\/\/fedai.az\/index.php?rest_route=\/wp\/v2\/posts\/43765\/revisions"}],"predecessor-version":[{"id":43767,"href":"https:\/\/fedai.az\/index.php?rest_route=\/wp\/v2\/posts\/43765\/revisions\/43767"}],"wp:featuredmedia":[{"embeddable":true,"href":"https:\/\/fedai.az\/index.php?rest_route=\/wp\/v2\/media\/43766"}],"wp:attachment":[{"href":"https:\/\/fedai.az\/index.php?rest_route=%2Fwp%2Fv2%2Fmedia&parent=43765"}],"wp:term":[{"taxonomy":"category","embeddable":true,"href":"https:\/\/fedai.az\/index.php?rest_route=%2Fwp%2Fv2%2Fcategories&post=43765"},{"taxonomy":"post_tag","embeddable":true,"href":"https:\/\/fedai.az\/index.php?rest_route=%2Fwp%2Fv2%2Ftags&post=43765"}],"curies":[{"name":"wp","href":"https:\/\/api.w.org\/{rel}","templated":true}]}}