{"id":43768,"date":"2021-07-26T01:46:10","date_gmt":"2021-07-25T21:46:10","guid":{"rendered":"https:\/\/fedai.az\/?p=43768"},"modified":"2021-07-26T02:16:32","modified_gmt":"2021-07-25T22:16:32","slug":"az%c9%99rbaycanin-milli-q%c9%99hr%c9%99mani-%c9%99labbas-isg%c9%99nd%c9%99rovun-ad-gunudur","status":"publish","type":"post","link":"https:\/\/fedai.az\/?p=43768","title":{"rendered":"Az\u0259rbaycan\u0131n Milli Q\u0259hr\u0259man\u0131 \u018flabbas \u0130sg\u0259nd\u0259rovun AD G\u00dcN\u00dcD\u00dcR"},"content":{"rendered":"\n<p><strong>Ya\u015fasayd\u0131 63 ya\u015f\u0131 olacaqd\u0131. 1958-ci il iyulun 25-d\u0259 A\u011fdam rayonunun K\u00fcrdl\u0259r k\u0259ndind\u0259 anadan olmu\u015fdur. Cavanl\u0131\u011f\u0131nda Kolan\u0131 obas\u0131nda ad-san \u00e7\u0131xarm\u0131\u015f, \u0259yilm\u0259zliyi il\u0259 ham\u0131n\u0131n h\u00f6rm\u0259tini qazanm\u0131\u015fd\u0131r. <\/strong><\/p>\n\n\n\n<p>Orta m\u0259kt\u0259bi do\u011fuldu\u011fu k\u0259ndd\u0259 bitirmi\u015fdi. Ya\u015f\u0131dlar\u0131 aras\u0131nda b\u00f6y\u00fck h\u00f6rm\u0259ti var idi. \u018flabbas 18 ya\u015f\u0131n\u0131n tamam\u0131nda ordu s\u0131ralar\u0131na \u00e7a\u011f\u0131r\u0131l\u0131r. H\u0259rbi xidm\u0259td\u0259n qay\u0131td\u0131qdan sonra bir m\u00fcdd\u0259t t\u0259s\u0259rr\u00fcfatda \u00e7al\u0131\u015f\u0131r. Z\u0259hm\u0259tke\u015f, torpa\u011fa ba\u011fl\u0131 bir insan oldu\u011funu n\u0259z\u0259r\u0259 alaraq onu \u0130car\u0259 kollektivin\u0259 ba\u015f\u00e7\u0131 se\u00e7irl\u0259r. <\/p>\n\n\n\n<figure class=\"wp-block-gallery columns-2 is-cropped wp-block-gallery-1 is-layout-flex wp-block-gallery-is-layout-flex\"><ul class=\"blocks-gallery-grid\"><li class=\"blocks-gallery-item\"><figure><img loading=\"lazy\" decoding=\"async\" width=\"250\" height=\"312\" src=\"https:\/\/fedai.az\/wp-content\/uploads\/2021\/07\/223689048_5890644181007025_5770281519008060058_n.jpg\" alt=\"\" data-id=\"43769\" data-link=\"https:\/\/fedai.az\/?attachment_id=43769\" class=\"wp-image-43769\" srcset=\"https:\/\/fedai.az\/wp-content\/uploads\/2021\/07\/223689048_5890644181007025_5770281519008060058_n.jpg 250w, https:\/\/fedai.az\/wp-content\/uploads\/2021\/07\/223689048_5890644181007025_5770281519008060058_n-240x300.jpg 240w, https:\/\/fedai.az\/wp-content\/uploads\/2021\/07\/223689048_5890644181007025_5770281519008060058_n-120x150.jpg 120w\" sizes=\"auto, (max-width: 250px) 100vw, 250px\" \/><\/figure><\/li><li class=\"blocks-gallery-item\"><figure><img loading=\"lazy\" decoding=\"async\" width=\"498\" height=\"552\" src=\"https:\/\/fedai.az\/wp-content\/uploads\/2021\/07\/c999labbas-isgc999ndc999rov.jpg\" alt=\"\" data-id=\"43770\" data-full-url=\"https:\/\/fedai.az\/wp-content\/uploads\/2021\/07\/c999labbas-isgc999ndc999rov.jpg\" data-link=\"https:\/\/fedai.az\/?attachment_id=43770\" class=\"wp-image-43770\" srcset=\"https:\/\/fedai.az\/wp-content\/uploads\/2021\/07\/c999labbas-isgc999ndc999rov.jpg 498w, https:\/\/fedai.az\/wp-content\/uploads\/2021\/07\/c999labbas-isgc999ndc999rov-271x300.jpg 271w, https:\/\/fedai.az\/wp-content\/uploads\/2021\/07\/c999labbas-isgc999ndc999rov-135x150.jpg 135w\" sizes=\"auto, (max-width: 498px) 100vw, 498px\" \/><\/figure><\/li><\/ul><\/figure>\n\n\n\n<p>Torpaqlar\u0131m\u0131z\u0131n i\u015f\u011fal\u0131 il\u0259 he\u00e7 c\u00fcr bar\u0131\u015fa bilmirdi. 1991-ci ilin noyabr ay\u0131nda A\u011fdamda \u00f6z\u00fcn\u00fcm\u00fcdafi\u0259 d\u0259st\u0259si yarad\u0131landa ona ilk yaz\u0131lanlardan biri d\u0259 \u018flabbas olur. D\u0259st\u0259nin \u0259n igid, \u0259n qorxmaz k\u0259\u015ffiyyat\u00e7\u0131lar\u0131ndan hesab olunurdu. O, \u0259n \u00e7\u0259tin tap\u015f\u0131r\u0131qlar\u0131 m\u0259har\u0259tl\u0259 yerin\u0259 yetirir, d\u00fc\u015fm\u0259nin strateji \u0259h\u0259miyy\u0259tli m\u00f6vqel\u0259rinin vaxt\u0131nda z\u0259r\u0259rsizl\u0259\u015fdirilm\u0259si \u00fc\u00e7\u00fcn can\u0131n\u0131 bel\u0259 \u0259sirg\u0259mirdi.<\/p>\n\n\n\n<p>1992-ci ilin fevral\u0131nda bir ay m\u00fchasir\u0259 \u015f\u0259raitind\u0259 qalan Umudlu k\u0259ndi h\u0259rbi vertolyotlar\u0131n k\u00f6m\u0259yi il\u0259 bo\u015fald\u0131l\u0131rd\u0131. Ax\u0131ra qalm\u0131\u015f 40 n\u0259f\u0259r d\u00f6y\u00fc\u015f\u00e7\u00fcn\u00fcn h\u0259yat\u0131n\u0131 xilas etm\u0259k \u00fc\u00e7\u00fcn vertolyotun k\u0259nd\u0259 enm\u0259sin\u0259 d\u00fc\u015fm\u0259n imkan vermirdi. M\u0259hz \u018flabbas\u0131n q\u0259hr\u0259manl\u0131\u011f\u0131 say\u0259sind\u0259 h\u0259min d\u00f6y\u00fc\u015f\u00e7\u00fcl\u0259r gizli yollarla on g\u00fcnd\u0259n sonra h\u0259rbi hiss\u0259y\u0259 qay\u0131da bildil\u0259r.<\/p>\n\n\n\n<p>1992-ci il mart\u0131n 4-d\u0259 (33 ya\u015f\u0131nda) \u018flabbas \u0130sg\u0259nd\u0259rovun son d\u00f6y\u00fc\u015f\u00fc oldu. Qazan\u00e7\u0131 k\u0259ndi u\u011frunda d\u00f6y\u00fc\u015fl\u0259rd\u0259 mahir k\u0259\u015ffiyyat\u00e7\u0131 quldur yuvas\u0131na ilk od vuranlardan biri oldu. Ancaq bu d\u00f6y\u00fc\u015fd\u0259 o, q\u0259hr\u0259mancas\u0131na h\u0259lak oldu.<\/p>\n\n\n\n<p>Ail\u0259li idi. \u00dc\u00e7 \u00f6vlad\u0131 yadigar qal\u0131b.<\/p>\n\n\n\n<p>Az\u0259rbaycan Respublikas\u0131 prezidentinin 13 avqust 1992-ci il tarixli 135 sayl\u0131 f\u0259rman\u0131 il\u0259 \u0130sg\u0259nd\u0259rov \u018flabbas Qara o\u011fluna \u00f6l\u00fcm\u00fcnd\u0259n sonra \u201cAz\u0259rbaycan\u0131n Milli Q\u0259hr\u0259man\u0131\u201d ad\u0131na layiq g\u00f6r\u00fcld\u00fc.<\/p>\n\n\n\n<p> A\u011fdam\u0131n \u015e\u0259hidl\u0259r xiyaban\u0131nda d\u0259fn edilmi\u015fdir.<\/p>\n\n\n\n<p><strong>M\u0259kan\u0131 c\u0259nn\u0259t olsun!<\/strong><\/p>\n\n\n\n<p><strong>Leyla H\u0259s\u0259nova<\/strong><\/p>\n","protected":false},"excerpt":{"rendered":"<p>Ya\u015fasayd\u0131 63 ya\u015f\u0131 olacaqd\u0131. 1958-ci il iyulun 25-d\u0259 A\u011fdam rayonunun K\u00fcrdl\u0259r k\u0259ndind\u0259 anadan olmu\u015fdur. Cavanl\u0131\u011f\u0131nda Kolan\u0131 obas\u0131nda ad-san \u00e7\u0131xarm\u0131\u015f, \u0259yilm\u0259zliyi il\u0259 ham\u0131n\u0131n h\u00f6rm\u0259tini qazanm\u0131\u015fd\u0131r.<\/p>\n","protected":false},"author":2,"featured_media":43772,"comment_status":"closed","ping_status":"closed","sticky":false,"template":"","format":"standard","meta":{"footnotes":""},"categories":[7],"tags":[],"class_list":["post-43768","post","type-post","status-publish","format-standard","has-post-thumbnail","hentry","category-tarix"],"aioseo_notices":[],"_links":{"self":[{"href":"https:\/\/fedai.az\/index.php?rest_route=\/wp\/v2\/posts\/43768","targetHints":{"allow":["GET"]}}],"collection":[{"href":"https:\/\/fedai.az\/index.php?rest_route=\/wp\/v2\/posts"}],"about":[{"href":"https:\/\/fedai.az\/index.php?rest_route=\/wp\/v2\/types\/post"}],"author":[{"embeddable":true,"href":"https:\/\/fedai.az\/index.php?rest_route=\/wp\/v2\/users\/2"}],"replies":[{"embeddable":true,"href":"https:\/\/fedai.az\/index.php?rest_route=%2Fwp%2Fv2%2Fcomments&post=43768"}],"version-history":[{"count":2,"href":"https:\/\/fedai.az\/index.php?rest_route=\/wp\/v2\/posts\/43768\/revisions"}],"predecessor-version":[{"id":43774,"href":"https:\/\/fedai.az\/index.php?rest_route=\/wp\/v2\/posts\/43768\/revisions\/43774"}],"wp:featuredmedia":[{"embeddable":true,"href":"https:\/\/fedai.az\/index.php?rest_route=\/wp\/v2\/media\/43772"}],"wp:attachment":[{"href":"https:\/\/fedai.az\/index.php?rest_route=%2Fwp%2Fv2%2Fmedia&parent=43768"}],"wp:term":[{"taxonomy":"category","embeddable":true,"href":"https:\/\/fedai.az\/index.php?rest_route=%2Fwp%2Fv2%2Fcategories&post=43768"},{"taxonomy":"post_tag","embeddable":true,"href":"https:\/\/fedai.az\/index.php?rest_route=%2Fwp%2Fv2%2Ftags&post=43768"}],"curies":[{"name":"wp","href":"https:\/\/api.w.org\/{rel}","templated":true}]}}