{"id":43779,"date":"2021-07-26T03:07:45","date_gmt":"2021-07-25T23:07:45","guid":{"rendered":"https:\/\/fedai.az\/?p=43779"},"modified":"2021-07-27T09:50:30","modified_gmt":"2021-07-27T05:50:30","slug":"avmvib-yeni-t%c9%99yin-olunmus-bas-q%c9%99rargah-r%c9%99isin%c9%99-t%c9%99brik-unvanlayib","status":"publish","type":"post","link":"https:\/\/fedai.az\/?p=43779","title":{"rendered":"AVMV\u0130B yeni t\u0259yin olunmu\u015f Ba\u015f Q\u0259rargah r\u0259isin\u0259 T\u0259brik \u00fcnvanlay\u0131b"},"content":{"rendered":"\n<p><strong>Az\u0259rbaycan V\u0259t\u0259n M\u00fcharib\u0259si Veteranlar\u0131 \u0130ctimai Birliyi (AVMV\u0130B) yeni t\u0259yin olunmu\u015f Ba\u015f Q\u0259rargah r\u0259isin\u0259 T\u0259brik \u00fcnvanlay\u0131b.<\/strong><\/p>\n\n\n\n<p>Bu bar\u0259d\u0259 AVMV\u0130B s\u0259dri F\u00fczuli Rzaquliyev m\u0259lumat verib.<\/p>\n\n\n\n<p>F. Rzaquliyev bildirib ki, bu \u00e7oxdan g\u00f6zl\u0259diyimiz v\u0259 alq\u0131\u015flad\u0131\u011f\u0131m\u0131z bir add\u0131md\u0131. Ali Ba\u015f Komandan c\u0259nab \u0130lham \u018fliyev daim ordumuzu diqq\u0259td\u0259 saxlad\u0131\u011f\u0131n\u0131 kims\u0259 dana bilm\u0259z. Qalibiyy\u0259tli ordu, m\u0259hz prezidentimizin &#171;\u015fah \u0259s\u0259ridir&#187; des\u0259k yan\u0131lmar\u0131q. Bu at\u0131lan add\u0131mlar da el\u0259 bu sah\u0259d\u0259 at\u0131lan n\u00f6vb\u0259ti add\u0131mlardand\u0131. Ona g\u00f6r\u0259 d\u0259 d\u00f6y\u00fc\u015f yolu ke\u00e7mi\u015f m\u00fcharib\u0259 veteran\u0131 olan K\u0259rim V\u0259liyevi \u00e7ox minlik veteanlar ordusu ad\u0131ndan t\u0259brik edir\u0259m. <\/p>\n\n\n\n<figure class=\"wp-block-image size-large\"><img loading=\"lazy\" decoding=\"async\" width=\"850\" height=\"530\" src=\"https:\/\/fedai.az\/wp-content\/uploads\/2021\/07\/0bb5adf1-6214-3506-9135-b20e22b58e50_850.jpg\" alt=\"\" class=\"wp-image-43780\" srcset=\"https:\/\/fedai.az\/wp-content\/uploads\/2021\/07\/0bb5adf1-6214-3506-9135-b20e22b58e50_850.jpg 850w, https:\/\/fedai.az\/wp-content\/uploads\/2021\/07\/0bb5adf1-6214-3506-9135-b20e22b58e50_850-300x187.jpg 300w, https:\/\/fedai.az\/wp-content\/uploads\/2021\/07\/0bb5adf1-6214-3506-9135-b20e22b58e50_850-150x94.jpg 150w, https:\/\/fedai.az\/wp-content\/uploads\/2021\/07\/0bb5adf1-6214-3506-9135-b20e22b58e50_850-768x479.jpg 768w, https:\/\/fedai.az\/wp-content\/uploads\/2021\/07\/0bb5adf1-6214-3506-9135-b20e22b58e50_850-115x73.jpg 115w\" sizes=\"auto, (max-width: 850px) 100vw, 850px\" \/><\/figure>\n\n\n\n<p>Xat\u0131rladaq ki, general-leytenant V\u0259liyev K\u0259rim Tofiq o\u011flu Az\u0259rbaycan Respublikas\u0131 m\u00fcdafi\u0259 nazirinin m\u00fcavini \u2013 \u015e\u0259xsi Hey\u0259t Ba\u015f \u0130dar\u0259sinin r\u0259isi v\u0259zif\u0259sind\u0259n azad edil\u0259r\u0259k, Az\u0259rbaycan Respublikas\u0131 m\u00fcdafi\u0259 nazirinin birinci m\u00fcavini \u2013 Az\u0259rbaycan Ordusunun Ba\u015f Q\u0259rargah r\u0259isi t\u0259yin edilib.<\/p>\n\n\n\n<p>Az\u0259rbaycan Respublikas\u0131n\u0131n suverenliyi v\u0259 \u0259razi b\u00fct\u00f6vl\u00fcy\u00fc u\u011frunda ged\u0259n d\u00f6y\u00fc\u015f \u0259m\u0259liyyatlar\u0131nda i\u015ftirak edib.<\/p>\n\n\n\n<p>Xidm\u0259ti v\u0259zif\u0259l\u0259rini layiqinc\u0259 yerin\u0259 yetirdiyin\u0259 g\u00f6r\u0259 d\u0259f\u0259l\u0259rl\u0259 m\u00fcxt\u0259lif m\u00fckafatlara v\u0259 medallara layiq g\u00f6r\u00fcl\u00fcb. Az\u0259rbaycan Respublikas\u0131 Prezidentinin 01.01.1994-c\u00fc il tarixli S\u0259r\u0259ncam\u0131 il\u0259 &#171;Az\u0259rbaycan Bayra\u011f\u0131&#187; ordeni, 24.06.2005-ci il tarixli S\u0259r\u0259ncam\u0131 il\u0259 &#171;V\u0259t\u0259n u\u011frunda&#187; medal\u0131, 25.06.2012-ci il tarixli S\u0259r\u0259ncam\u0131 il\u0259 &#171;H\u0259rbi xidm\u0259tl\u0259r\u0259 g\u00f6r\u0259&#187; medal\u0131, 09.12.2020-ci il tarixli S\u0259r\u0259ncam\u0131 il\u0259 \u201cZ\u0259f\u0259r\u201d ordeni, 24.12.2020-ci il tarixli S\u0259r\u0259ncam\u0131 il\u0259 \u201cC\u0259bray\u0131l\u0131n azad olunmas\u0131na g\u00f6r\u0259\u201d medal\u0131, 29.12.2020-ci il tarixli S\u0259r\u0259ncam\u0131 il\u0259 \u201cA\u011fdam\u0131n azad olunmas\u0131na g\u00f6r\u0259\u201d medal\u0131 v\u0259 29.12.2020-ci il tarixli S\u0259r\u0259ncam\u0131 il\u0259 \u201cQubadl\u0131n\u0131n azad olunmas\u0131na g\u00f6r\u0259\u201d medal\u0131 il\u0259 t\u0259ltif olunub.<\/p>\n\n\n\n<p><strong>T\u0259brik edirik!<\/strong><\/p>\n\n\n\n<p><strong>Elnur S\u0259lim<\/strong><\/p>\n","protected":false},"excerpt":{"rendered":"<p>Az\u0259rbaycan V\u0259t\u0259n M\u00fcharib\u0259si Veteranlar\u0131 \u0130ctimai Birliyi (AVMV\u0130B) yeni t\u0259yin olunmu\u015f Ba\u015f Q\u0259rargah r\u0259isin\u0259 T\u0259brik \u00fcnvanlay\u0131b. Bu bar\u0259d\u0259 AVMV\u0130B s\u0259dri F\u00fczuli Rzaquliyev m\u0259lumat verib. F.<\/p>\n","protected":false},"author":2,"featured_media":43781,"comment_status":"closed","ping_status":"closed","sticky":false,"template":"","format":"standard","meta":{"footnotes":""},"categories":[11],"tags":[],"class_list":["post-43779","post","type-post","status-publish","format-standard","has-post-thumbnail","hentry","category-tbrik"],"aioseo_notices":[],"_links":{"self":[{"href":"https:\/\/fedai.az\/index.php?rest_route=\/wp\/v2\/posts\/43779","targetHints":{"allow":["GET"]}}],"collection":[{"href":"https:\/\/fedai.az\/index.php?rest_route=\/wp\/v2\/posts"}],"about":[{"href":"https:\/\/fedai.az\/index.php?rest_route=\/wp\/v2\/types\/post"}],"author":[{"embeddable":true,"href":"https:\/\/fedai.az\/index.php?rest_route=\/wp\/v2\/users\/2"}],"replies":[{"embeddable":true,"href":"https:\/\/fedai.az\/index.php?rest_route=%2Fwp%2Fv2%2Fcomments&post=43779"}],"version-history":[{"count":2,"href":"https:\/\/fedai.az\/index.php?rest_route=\/wp\/v2\/posts\/43779\/revisions"}],"predecessor-version":[{"id":43823,"href":"https:\/\/fedai.az\/index.php?rest_route=\/wp\/v2\/posts\/43779\/revisions\/43823"}],"wp:featuredmedia":[{"embeddable":true,"href":"https:\/\/fedai.az\/index.php?rest_route=\/wp\/v2\/media\/43781"}],"wp:attachment":[{"href":"https:\/\/fedai.az\/index.php?rest_route=%2Fwp%2Fv2%2Fmedia&parent=43779"}],"wp:term":[{"taxonomy":"category","embeddable":true,"href":"https:\/\/fedai.az\/index.php?rest_route=%2Fwp%2Fv2%2Fcategories&post=43779"},{"taxonomy":"post_tag","embeddable":true,"href":"https:\/\/fedai.az\/index.php?rest_route=%2Fwp%2Fv2%2Ftags&post=43779"}],"curies":[{"name":"wp","href":"https:\/\/api.w.org\/{rel}","templated":true}]}}