{"id":43783,"date":"2021-07-26T03:14:09","date_gmt":"2021-07-25T23:14:09","guid":{"rendered":"https:\/\/fedai.az\/?p=43783"},"modified":"2021-07-26T03:14:22","modified_gmt":"2021-07-25T23:14:22","slug":"mustafa-sentop-bakiya-niy%c9%99-g%c9%99lir","status":"publish","type":"post","link":"https:\/\/fedai.az\/?p=43783","title":{"rendered":"Mustafa \u015eentop Bak\u0131ya niy\u0259 g\u0259lir?"},"content":{"rendered":"\n<p><strong>T\u00fcrkiy\u0259 B\u00f6y\u00fck Mill\u0259t M\u0259clisinin (TBMM) s\u0259dri Mustafa \u015eentop bazar ert\u0259si Bak\u0131ya g\u0259lir.<\/strong><\/p>\n\n\n\n<p>TBMM s\u0259dri Az\u0259rbaycan, Pakistan v\u0259 T\u00fcrkiy\u0259 parlamentl\u0259ri s\u0259drl\u0259rinin ilk \u00fc\u00e7t\u0259r\u0259fli iclas\u0131nda i\u015ftirak ed\u0259c\u0259k, T\u00fcrkiy\u0259 medias\u0131 x\u0259b\u0259r verir.<\/p>\n\n\n\n<p>Bak\u0131dak\u0131 g\u00f6r\u00fc\u015f 27 iyul \u00e7\u0259r\u015f\u0259nb\u0259 ax\u015fam\u0131 ke\u00e7iril\u0259c\u0259k. \u0130clasda &#171;Bak\u0131 B\u0259yannam\u0259si&#187; adl\u0131 \u00fc\u00e7t\u0259r\u0259fli s\u0259n\u0259din imzalanma m\u0259rasiminin ke\u00e7iril\u0259c\u0259yi g\u00f6zl\u0259nilir. \u0130clasdan \u0259vv\u0259l TBMM s\u0259dri Mustafa \u015eentop v\u0259 dig\u0259r parlament s\u0259drl\u0259ri Az\u0259rbaycan Prezidenti \u0130lham \u018fliyev t\u0259r\u0259find\u0259n q\u0259bul edil\u0259c\u0259k.<\/p>\n\n\n\n<p>Parlamentl\u0259raras\u0131 forum i\u015ftirak\u00e7\u0131lar\u0131n\u0131n \u015e\u0259hidl\u0259r Xiyaban\u0131n\u0131, Bak\u0131 T\u00fcrk \u015e\u0259hidliyi memorial\u0131n\u0131 ziyar\u0259t ed\u0259c\u0259kl\u0259ri g\u00f6zl\u0259nilir.<\/p>\n\n\n\n<p>\u015eentop 28 iyul \u00e7\u0259r\u015f\u0259nb\u0259 g\u00fcn\u00fc Az\u0259rbaycan\u0131n xarici i\u015fl\u0259r naziri Ceyhun Bayramovla g\u00f6r\u00fc\u015f\u0259c\u0259k, t\u00fcrk i\u015f adamlar\u0131 v\u0259 qeyri-h\u00f6kum\u0259t t\u0259\u015fkilatlar\u0131n\u0131n n\u00fcmay\u0259nd\u0259l\u0259rini q\u0259bul ed\u0259c\u0259k.<\/p>\n\n\n\n<p>\u015eu\u015fa v\u0259 F\u00fczuli \u015f\u0259h\u0259rl\u0259rini ziyar\u0259t etdikd\u0259n sonra T\u00fcrkiy\u0259 n\u00fcmay\u0259nd\u0259 hey\u0259ti v\u0259t\u0259n\u0259 d\u00f6n\u0259c\u0259k.<\/p>\n\n\n\n<p>M\u0259nb\u0259: BBC<\/p>\n","protected":false},"excerpt":{"rendered":"<p>T\u00fcrkiy\u0259 B\u00f6y\u00fck Mill\u0259t M\u0259clisinin (TBMM) s\u0259dri Mustafa \u015eentop bazar ert\u0259si Bak\u0131ya g\u0259lir. TBMM s\u0259dri Az\u0259rbaycan, Pakistan v\u0259 T\u00fcrkiy\u0259 parlamentl\u0259ri s\u0259drl\u0259rinin ilk \u00fc\u00e7t\u0259r\u0259fli iclas\u0131nda i\u015ftirak<\/p>\n","protected":false},"author":2,"featured_media":43784,"comment_status":"closed","ping_status":"closed","sticky":false,"template":"","format":"standard","meta":{"footnotes":""},"categories":[1],"tags":[],"class_list":["post-43783","post","type-post","status-publish","format-standard","has-post-thumbnail","hentry","category-siyast"],"aioseo_notices":[],"_links":{"self":[{"href":"https:\/\/fedai.az\/index.php?rest_route=\/wp\/v2\/posts\/43783","targetHints":{"allow":["GET"]}}],"collection":[{"href":"https:\/\/fedai.az\/index.php?rest_route=\/wp\/v2\/posts"}],"about":[{"href":"https:\/\/fedai.az\/index.php?rest_route=\/wp\/v2\/types\/post"}],"author":[{"embeddable":true,"href":"https:\/\/fedai.az\/index.php?rest_route=\/wp\/v2\/users\/2"}],"replies":[{"embeddable":true,"href":"https:\/\/fedai.az\/index.php?rest_route=%2Fwp%2Fv2%2Fcomments&post=43783"}],"version-history":[{"count":1,"href":"https:\/\/fedai.az\/index.php?rest_route=\/wp\/v2\/posts\/43783\/revisions"}],"predecessor-version":[{"id":43785,"href":"https:\/\/fedai.az\/index.php?rest_route=\/wp\/v2\/posts\/43783\/revisions\/43785"}],"wp:featuredmedia":[{"embeddable":true,"href":"https:\/\/fedai.az\/index.php?rest_route=\/wp\/v2\/media\/43784"}],"wp:attachment":[{"href":"https:\/\/fedai.az\/index.php?rest_route=%2Fwp%2Fv2%2Fmedia&parent=43783"}],"wp:term":[{"taxonomy":"category","embeddable":true,"href":"https:\/\/fedai.az\/index.php?rest_route=%2Fwp%2Fv2%2Fcategories&post=43783"},{"taxonomy":"post_tag","embeddable":true,"href":"https:\/\/fedai.az\/index.php?rest_route=%2Fwp%2Fv2%2Ftags&post=43783"}],"curies":[{"name":"wp","href":"https:\/\/api.w.org\/{rel}","templated":true}]}}