{"id":43786,"date":"2021-07-26T10:40:03","date_gmt":"2021-07-26T06:40:03","guid":{"rendered":"https:\/\/fedai.az\/?p=43786"},"modified":"2021-07-26T10:40:09","modified_gmt":"2021-07-26T06:40:09","slug":"doyuscunun-doyuscu-ogluna-f%c9%99rdi-yasayis-m%c9%99nzili-verilib","status":"publish","type":"post","link":"https:\/\/fedai.az\/?p=43786","title":{"rendered":"D\u00f6y\u00fc\u015f\u00e7\u00fcn\u00fcn d\u00f6y\u00fc\u015f\u00e7\u00fc o\u011fluna f\u0259rdi ya\u015fay\u0131\u015f m\u0259nzili verilib"},"content":{"rendered":"\n<p><strong>Az\u0259rbaycan V\u0259t\u0259n M\u00fcharib\u0259si Veteranlar\u0131\u00a0 \u0130ctimai Birliyinin r\u0259hb\u0259rliyi, Az\u0259rbaycan V\u0259t\u0259n M\u00fcharib\u0259si Veteranlar\u0131 \u0130ctimai Birliyinin Suraxan\u0131\u00a0 rayon \u015f\u00f6b\u0259sinin\u00a0 \u00fczv\u00fc, ehtiyatda olan ba\u015f gizir \u018flixan Bunyadovun o\u011fluna &#8212; muharib\u0259 \u0259lili S\u0259rxan Bunyadova, Ali Ba\u015f Komandan c\u0259nab \u0130lham \u018fliyev t\u0259r\u0259find\u0259n &#171;f\u0259rdi ya\u015fay\u0131\u015f m\u0259nzilinin verilm\u0259si &#187; m\u00fcnasib\u0259til\u0259 s\u0259mimi q\u0259lbd\u0259n t\u0259brik edir!<\/strong><\/p>\n\n\n\n<p><strong>\u018flixan Bunyadov <\/strong>15 noyabr 1957-ci ild\u0259 anadan olub, 1977 \u2013 2002-ci ill\u0259rd\u0259 Daxili \u0130\u015fl\u0259r Nazirliyinin Daxili Qo\u015funlar\u0131n\u0131n Bas \u0130dar\u0259sinin h\u0259rbi hiss\u0259l\u0259rind\u0259 xidm\u0259t edib.\u00a0 <\/p>\n\n\n\n<figure class=\"wp-block-gallery columns-2 is-cropped wp-block-gallery-1 is-layout-flex wp-block-gallery-is-layout-flex\"><ul class=\"blocks-gallery-grid\"><li class=\"blocks-gallery-item\"><figure><img loading=\"lazy\" decoding=\"async\" width=\"692\" height=\"882\" src=\"https:\/\/fedai.az\/wp-content\/uploads\/2021\/07\/223476895_184118723751611_2651858650731895692_n.jpg\" alt=\"\" data-id=\"43788\" data-link=\"https:\/\/fedai.az\/?attachment_id=43788\" class=\"wp-image-43788\" srcset=\"https:\/\/fedai.az\/wp-content\/uploads\/2021\/07\/223476895_184118723751611_2651858650731895692_n.jpg 692w, https:\/\/fedai.az\/wp-content\/uploads\/2021\/07\/223476895_184118723751611_2651858650731895692_n-235x300.jpg 235w, https:\/\/fedai.az\/wp-content\/uploads\/2021\/07\/223476895_184118723751611_2651858650731895692_n-118x150.jpg 118w\" sizes=\"auto, (max-width: 692px) 100vw, 692px\" \/><\/figure><\/li><li class=\"blocks-gallery-item\"><figure><img loading=\"lazy\" decoding=\"async\" width=\"576\" height=\"1024\" src=\"https:\/\/fedai.az\/wp-content\/uploads\/2021\/07\/225695839_540021210527920_5793064149160166845_n-576x1024.jpg\" alt=\"\" data-id=\"43789\" data-full-url=\"https:\/\/fedai.az\/wp-content\/uploads\/2021\/07\/225695839_540021210527920_5793064149160166845_n.jpg\" data-link=\"https:\/\/fedai.az\/?attachment_id=43789\" class=\"wp-image-43789\" srcset=\"https:\/\/fedai.az\/wp-content\/uploads\/2021\/07\/225695839_540021210527920_5793064149160166845_n-576x1024.jpg 576w, https:\/\/fedai.az\/wp-content\/uploads\/2021\/07\/225695839_540021210527920_5793064149160166845_n-169x300.jpg 169w, https:\/\/fedai.az\/wp-content\/uploads\/2021\/07\/225695839_540021210527920_5793064149160166845_n-84x150.jpg 84w, https:\/\/fedai.az\/wp-content\/uploads\/2021\/07\/225695839_540021210527920_5793064149160166845_n.jpg 720w\" sizes=\"auto, (max-width: 576px) 100vw, 576px\" \/><\/figure><\/li><\/ul><\/figure>\n\n\n\n<p>1992 \u2013 1994-c\u00fc ill\u0259rd\u0259 Az\u0259rbaycan Respublikas\u0131n\u0131n\u00a0 suverenliyi v\u0259 \u0259razi b\u00fct\u00f6vl\u00fcy\u00fc u\u011frunda ged\u0259n d\u00f6y\u00fc\u015fl\u0259rd\u0259 i\u015ftirak edib.<\/p>\n\n\n\n<p>Ehtiyatda olan <strong>ba\u015f gizir \u018flixan Bunyadovun<\/strong> <strong>o\u011flu,<\/strong> <strong>Bunyadov S\u0259rxan \u018flixan o\u011flu<\/strong> 14.02 1990-c\u0131 ild\u0259 \u00a0Suraxan\u0131 rayonunda anadan olub, Suraxan\u0131 rayon 178 sayl\u0131 tam orta m\u0259kt\u0259bini bitirib. 2010-2011-ci ill\u0259rd\u0259 m\u00fcddd\u0259tli h\u0259qiqi h\u0259rbi xidm\u0259td\u0259 olub. Atas\u0131n\u0131n yolu il\u0259 ged\u0259r\u0259k V\u0259t\u0259n u\u011frunda ged\u0259n 44 g\u00fcnl\u00fck V\u0259t\u0259n m\u00fcharib\u0259sind\u0259 i\u015ftirak edib.<\/p>\n\n\n\n<figure class=\"wp-block-gallery columns-2 is-cropped wp-block-gallery-2 is-layout-flex wp-block-gallery-is-layout-flex\"><ul class=\"blocks-gallery-grid\"><li class=\"blocks-gallery-item\"><figure><img loading=\"lazy\" decoding=\"async\" width=\"576\" height=\"1024\" src=\"https:\/\/fedai.az\/wp-content\/uploads\/2021\/07\/223830281_406411230812076_7013982687799196055_n-576x1024.jpg\" alt=\"\" data-id=\"43787\" data-full-url=\"https:\/\/fedai.az\/wp-content\/uploads\/2021\/07\/223830281_406411230812076_7013982687799196055_n.jpg\" data-link=\"https:\/\/fedai.az\/?attachment_id=43787\" class=\"wp-image-43787\" srcset=\"https:\/\/fedai.az\/wp-content\/uploads\/2021\/07\/223830281_406411230812076_7013982687799196055_n-576x1024.jpg 576w, https:\/\/fedai.az\/wp-content\/uploads\/2021\/07\/223830281_406411230812076_7013982687799196055_n-169x300.jpg 169w, https:\/\/fedai.az\/wp-content\/uploads\/2021\/07\/223830281_406411230812076_7013982687799196055_n-84x150.jpg 84w, https:\/\/fedai.az\/wp-content\/uploads\/2021\/07\/223830281_406411230812076_7013982687799196055_n.jpg 720w\" sizes=\"auto, (max-width: 576px) 100vw, 576px\" \/><\/figure><\/li><li class=\"blocks-gallery-item\"><figure><img loading=\"lazy\" decoding=\"async\" width=\"640\" height=\"775\" src=\"https:\/\/fedai.az\/wp-content\/uploads\/2021\/07\/219287611_185853576901000_7483718914955577570_n.jpg\" alt=\"\" data-id=\"43790\" data-full-url=\"https:\/\/fedai.az\/wp-content\/uploads\/2021\/07\/219287611_185853576901000_7483718914955577570_n.jpg\" data-link=\"https:\/\/fedai.az\/?attachment_id=43790\" class=\"wp-image-43790\" srcset=\"https:\/\/fedai.az\/wp-content\/uploads\/2021\/07\/219287611_185853576901000_7483718914955577570_n.jpg 640w, https:\/\/fedai.az\/wp-content\/uploads\/2021\/07\/219287611_185853576901000_7483718914955577570_n-248x300.jpg 248w, https:\/\/fedai.az\/wp-content\/uploads\/2021\/07\/219287611_185853576901000_7483718914955577570_n-124x150.jpg 124w\" sizes=\"auto, (max-width: 640px) 100vw, 640px\" \/><\/figure><\/li><\/ul><\/figure>\n\n\n\n<p><strong>S\u0259rxan \u018flixan o\u011flu<\/strong> <strong>B\u00fcnyadovun<\/strong> d\u00f6y\u00fc\u015f xidm\u0259tl\u0259ri Az\u0259rbaycan Respublikas\u0131 Prezidentinin m\u00fcvafiq s\u0259r\u0259ncam\u0131 il\u0259 C\u0259bray\u0131l, Qubadl\u0131 v\u0259 \u015eu\u015fa rayonlar\u0131n\u0131n i\u015f\u011faldan azad edilm\u0259si u\u011frunda apar\u0131lm\u0131\u015f d\u00f6y\u00fc\u015f \u0259m\u0259liyyatlar\u0131nda i\u015ftirak ed\u0259r\u0259k \u015f\u0259xsi intizam v\u0259 \u015f\u00fcca\u0259t n\u00fcmay\u0131\u015f etdirdiyn\u0259 g\u00f6r\u0259 medallarla t\u0259ltif edilib:<\/p>\n\n\n\n<p>1.<strong>&#171;C\u0259bray\u0131l\u0131n azad olunmasna g\u00f6r\u0259&#187;,<\/strong><\/p>\n\n\n\n<p>2.<strong>&#171;Qubadl\u0131n\u0131n azad olunmasna g\u00f6r\u0259&#187;,<\/strong><\/p>\n\n\n\n<p>3.<strong>&#171;\u015eu\u015fan\u0131n azad olunmasna g\u00f6r\u0259&#187;,<\/strong><\/p>\n\n\n\n<p>4.<strong>&#171;C\u0259sur d\u00f6y\u00fc\u015f\u00e7\u00fc&#187;.<\/strong><\/p>\n\n\n\n<figure class=\"wp-block-gallery columns-2 is-cropped wp-block-gallery-3 is-layout-flex wp-block-gallery-is-layout-flex\"><ul class=\"blocks-gallery-grid\"><li class=\"blocks-gallery-item\"><figure><img loading=\"lazy\" decoding=\"async\" width=\"640\" height=\"476\" src=\"https:\/\/fedai.az\/wp-content\/uploads\/2021\/07\/223459065_544658353459537_6968459983217688068_n.jpg\" alt=\"\" data-id=\"43791\" data-link=\"https:\/\/fedai.az\/?attachment_id=43791\" class=\"wp-image-43791\" srcset=\"https:\/\/fedai.az\/wp-content\/uploads\/2021\/07\/223459065_544658353459537_6968459983217688068_n.jpg 640w, https:\/\/fedai.az\/wp-content\/uploads\/2021\/07\/223459065_544658353459537_6968459983217688068_n-300x223.jpg 300w, https:\/\/fedai.az\/wp-content\/uploads\/2021\/07\/223459065_544658353459537_6968459983217688068_n-150x112.jpg 150w\" sizes=\"auto, (max-width: 640px) 100vw, 640px\" \/><\/figure><\/li><li class=\"blocks-gallery-item\"><figure><img loading=\"lazy\" decoding=\"async\" width=\"1024\" height=\"768\" src=\"https:\/\/fedai.az\/wp-content\/uploads\/2021\/07\/224978051_1002322160516032_6087164221900086955_n-1024x768.jpg\" alt=\"\" data-id=\"43792\" data-full-url=\"https:\/\/fedai.az\/wp-content\/uploads\/2021\/07\/224978051_1002322160516032_6087164221900086955_n.jpg\" data-link=\"https:\/\/fedai.az\/?attachment_id=43792\" class=\"wp-image-43792\" srcset=\"https:\/\/fedai.az\/wp-content\/uploads\/2021\/07\/224978051_1002322160516032_6087164221900086955_n-1024x768.jpg 1024w, https:\/\/fedai.az\/wp-content\/uploads\/2021\/07\/224978051_1002322160516032_6087164221900086955_n-300x225.jpg 300w, https:\/\/fedai.az\/wp-content\/uploads\/2021\/07\/224978051_1002322160516032_6087164221900086955_n-150x113.jpg 150w, https:\/\/fedai.az\/wp-content\/uploads\/2021\/07\/224978051_1002322160516032_6087164221900086955_n-768x576.jpg 768w, https:\/\/fedai.az\/wp-content\/uploads\/2021\/07\/224978051_1002322160516032_6087164221900086955_n.jpg 1280w\" sizes=\"auto, (max-width: 1024px) 100vw, 1024px\" \/><\/figure><\/li><\/ul><\/figure>\n\n\n\n<p>Bir daha, bu \u0259lam\u0259tdar g\u00fcn m\u00fcnasib\u0259til\u0259 h\u00f6rm\u0259tli veteranm\u0131z <strong>\u018flixan Bunyadovu<\/strong> v\u0259 <strong>onun ail\u0259sini<\/strong> t\u0259brik edirik, onlara cansa\u011fl\u0131\u011f\u0131 v\u0259 uzun \u00f6mur arzulay\u0131r\u0131q!<\/p>\n\n\n\n<p><strong>D\u0259rin h\u00f6rm\u0259tl\u0259, Az\u0259rbaycan V\u0259t\u0259n M\u00fcharib\u0259si Veteranlar\u0131 \u0130ctimai Birliyi<\/strong> <strong>s\u0259drinin m\u00fcavini <em>polkovnik Salman Musayev<\/em><\/strong><\/p>\n","protected":false},"excerpt":{"rendered":"<p>Az\u0259rbaycan V\u0259t\u0259n M\u00fcharib\u0259si Veteranlar\u0131\u00a0 \u0130ctimai Birliyinin r\u0259hb\u0259rliyi, Az\u0259rbaycan V\u0259t\u0259n M\u00fcharib\u0259si Veteranlar\u0131 \u0130ctimai Birliyinin Suraxan\u0131\u00a0 rayon \u015f\u00f6b\u0259sinin\u00a0 \u00fczv\u00fc, ehtiyatda olan ba\u015f gizir \u018flixan Bunyadovun o\u011fluna<\/p>\n","protected":false},"author":2,"featured_media":43791,"comment_status":"closed","ping_status":"closed","sticky":false,"template":"","format":"standard","meta":{"footnotes":""},"categories":[5],"tags":[],"class_list":["post-43786","post","type-post","status-publish","format-standard","has-post-thumbnail","hentry","category-veteran"],"aioseo_notices":[],"_links":{"self":[{"href":"https:\/\/fedai.az\/index.php?rest_route=\/wp\/v2\/posts\/43786","targetHints":{"allow":["GET"]}}],"collection":[{"href":"https:\/\/fedai.az\/index.php?rest_route=\/wp\/v2\/posts"}],"about":[{"href":"https:\/\/fedai.az\/index.php?rest_route=\/wp\/v2\/types\/post"}],"author":[{"embeddable":true,"href":"https:\/\/fedai.az\/index.php?rest_route=\/wp\/v2\/users\/2"}],"replies":[{"embeddable":true,"href":"https:\/\/fedai.az\/index.php?rest_route=%2Fwp%2Fv2%2Fcomments&post=43786"}],"version-history":[{"count":1,"href":"https:\/\/fedai.az\/index.php?rest_route=\/wp\/v2\/posts\/43786\/revisions"}],"predecessor-version":[{"id":43793,"href":"https:\/\/fedai.az\/index.php?rest_route=\/wp\/v2\/posts\/43786\/revisions\/43793"}],"wp:featuredmedia":[{"embeddable":true,"href":"https:\/\/fedai.az\/index.php?rest_route=\/wp\/v2\/media\/43791"}],"wp:attachment":[{"href":"https:\/\/fedai.az\/index.php?rest_route=%2Fwp%2Fv2%2Fmedia&parent=43786"}],"wp:term":[{"taxonomy":"category","embeddable":true,"href":"https:\/\/fedai.az\/index.php?rest_route=%2Fwp%2Fv2%2Fcategories&post=43786"},{"taxonomy":"post_tag","embeddable":true,"href":"https:\/\/fedai.az\/index.php?rest_route=%2Fwp%2Fv2%2Ftags&post=43786"}],"curies":[{"name":"wp","href":"https:\/\/api.w.org\/{rel}","templated":true}]}}