{"id":43803,"date":"2021-07-26T11:25:58","date_gmt":"2021-07-26T07:25:58","guid":{"rendered":"https:\/\/fedai.az\/?p=43803"},"modified":"2021-07-26T11:26:12","modified_gmt":"2021-07-26T07:26:12","slug":"avmvib-qubadli-rayon-sob%c9%99si-usaq-evind%c9%99-olublar","status":"publish","type":"post","link":"https:\/\/fedai.az\/?p=43803","title":{"rendered":"AVMV\u0130B Qubadl\u0131 rayon \u015f\u00f6b\u0259si u\u015faq evind\u0259 olublar"},"content":{"rendered":"\n<p><strong>Az\u0259rbaycan V\u0259t\u0259n M\u00fcharib\u0259si Veteranlar\u0131 \u0130ctimai Birliyi\u00a0(AVMV\u0130B) Qubadl\u0131 rayon \u015f\u00f6b\u0259si Qurban bayram\u0131 m\u00fcnasib\u0259tiyl\u0259 \u015eu\u015fa m\u0259vburi k\u00f6\u00e7k\u00fcn \u015f\u0259h\u0259rciyind\u0259 yerl\u0259\u015f\u0259n &#171;NUR&#187; kims\u0259siz u\u015faqlar evin\u0259 ba\u015f \u00e7\u0259kib v\u0259 bayram sovqat\u0131 apar\u0131blar.<\/strong><\/p>\n\n\n\n<p>Bu bar\u0259d\u0259 <strong>Az\u0259rbaycan V\u0259t\u0259n M\u00fcharib\u0259si Veteranlar\u0131 \u0130ctimai Birliyi\u00a0<\/strong>(<strong>AVMV\u0130B) Qubadl\u0131 rayon \u015f\u00f6b\u0259sinin s\u0259dri T\u0259yyar Eminov<\/strong> m\u0259lumat verib.<\/p>\n\n\n\n<figure class=\"wp-block-image size-large is-resized\"><img loading=\"lazy\" decoding=\"async\" src=\"https:\/\/fedai.az\/wp-content\/uploads\/2021\/07\/225415057_4418975041512220_7257029164323429302_n.jpg\" alt=\"\" class=\"wp-image-43804\" width=\"901\" height=\"1204\" srcset=\"https:\/\/fedai.az\/wp-content\/uploads\/2021\/07\/225415057_4418975041512220_7257029164323429302_n.jpg 526w, https:\/\/fedai.az\/wp-content\/uploads\/2021\/07\/225415057_4418975041512220_7257029164323429302_n-224x300.jpg 224w, https:\/\/fedai.az\/wp-content\/uploads\/2021\/07\/225415057_4418975041512220_7257029164323429302_n-112x150.jpg 112w\" sizes=\"auto, (max-width: 901px) 100vw, 901px\" \/><\/figure>\n\n\n\n<p>M\u00fcharib\u0259 veteranlar\u0131 ad\u0131ndan kims\u0259siz u\u015faqlara apar\u0131lan bayram sovqat\u0131 t\u0259hvil verilib, onlar\u0131n ya\u015fam v\u0259 dig\u0259r sosial probleml\u0259ri il\u0259 maraqlan\u0131blar.<\/p>\n\n\n\n<p><strong>Elnur S\u0259lim<\/strong><\/p>\n\n\n\n<figure class=\"wp-block-image size-large is-resized\"><img loading=\"lazy\" decoding=\"async\" src=\"https:\/\/fedai.az\/wp-content\/uploads\/2021\/07\/223573265_4418974701512254_5228019573578160640_n.jpg\" alt=\"\" class=\"wp-image-43805\" width=\"913\" height=\"683\" srcset=\"https:\/\/fedai.az\/wp-content\/uploads\/2021\/07\/223573265_4418974701512254_5228019573578160640_n.jpg 720w, https:\/\/fedai.az\/wp-content\/uploads\/2021\/07\/223573265_4418974701512254_5228019573578160640_n-300x225.jpg 300w, https:\/\/fedai.az\/wp-content\/uploads\/2021\/07\/223573265_4418974701512254_5228019573578160640_n-150x112.jpg 150w\" sizes=\"auto, (max-width: 913px) 100vw, 913px\" \/><\/figure>\n","protected":false},"excerpt":{"rendered":"<p>Az\u0259rbaycan V\u0259t\u0259n M\u00fcharib\u0259si Veteranlar\u0131 \u0130ctimai Birliyi\u00a0(AVMV\u0130B) Qubadl\u0131 rayon \u015f\u00f6b\u0259si Qurban bayram\u0131 m\u00fcnasib\u0259tiyl\u0259 \u015eu\u015fa m\u0259vburi k\u00f6\u00e7k\u00fcn \u015f\u0259h\u0259rciyind\u0259 yerl\u0259\u015f\u0259n &#171;NUR&#187; kims\u0259siz u\u015faqlar evin\u0259 ba\u015f \u00e7\u0259kib v\u0259<\/p>\n","protected":false},"author":2,"featured_media":43806,"comment_status":"closed","ping_status":"closed","sticky":false,"template":"","format":"standard","meta":{"footnotes":""},"categories":[12],"tags":[],"class_list":["post-43803","post","type-post","status-publish","format-standard","has-post-thumbnail","hentry","category-sosial"],"aioseo_notices":[],"_links":{"self":[{"href":"https:\/\/fedai.az\/index.php?rest_route=\/wp\/v2\/posts\/43803","targetHints":{"allow":["GET"]}}],"collection":[{"href":"https:\/\/fedai.az\/index.php?rest_route=\/wp\/v2\/posts"}],"about":[{"href":"https:\/\/fedai.az\/index.php?rest_route=\/wp\/v2\/types\/post"}],"author":[{"embeddable":true,"href":"https:\/\/fedai.az\/index.php?rest_route=\/wp\/v2\/users\/2"}],"replies":[{"embeddable":true,"href":"https:\/\/fedai.az\/index.php?rest_route=%2Fwp%2Fv2%2Fcomments&post=43803"}],"version-history":[{"count":1,"href":"https:\/\/fedai.az\/index.php?rest_route=\/wp\/v2\/posts\/43803\/revisions"}],"predecessor-version":[{"id":43807,"href":"https:\/\/fedai.az\/index.php?rest_route=\/wp\/v2\/posts\/43803\/revisions\/43807"}],"wp:featuredmedia":[{"embeddable":true,"href":"https:\/\/fedai.az\/index.php?rest_route=\/wp\/v2\/media\/43806"}],"wp:attachment":[{"href":"https:\/\/fedai.az\/index.php?rest_route=%2Fwp%2Fv2%2Fmedia&parent=43803"}],"wp:term":[{"taxonomy":"category","embeddable":true,"href":"https:\/\/fedai.az\/index.php?rest_route=%2Fwp%2Fv2%2Fcategories&post=43803"},{"taxonomy":"post_tag","embeddable":true,"href":"https:\/\/fedai.az\/index.php?rest_route=%2Fwp%2Fv2%2Ftags&post=43803"}],"curies":[{"name":"wp","href":"https:\/\/api.w.org\/{rel}","templated":true}]}}