{"id":43824,"date":"2021-07-27T10:10:08","date_gmt":"2021-07-27T06:10:08","guid":{"rendered":"https:\/\/fedai.az\/?p=43824"},"modified":"2021-07-27T10:10:23","modified_gmt":"2021-07-27T06:10:23","slug":"ilham-%c9%99liyev-numan-qurtulmusla-gorusdu","status":"publish","type":"post","link":"https:\/\/fedai.az\/?p=43824","title":{"rendered":"\u0130lham \u018fliyev Numan Qurtulmu\u015fla g\u00f6r\u00fc\u015fd\u00fc"},"content":{"rendered":"\n<p><strong>Az\u0259rbaycan Respublikas\u0131n\u0131n Prezidenti \u0130lham \u018fliyev iyulun 26-da T\u00fcrkiy\u0259nin \u018fdal\u0259t v\u0259 \u0130nki\u015faf Partiyas\u0131 s\u0259drinin birinci m\u00fcavini Numan Qurtulmu\u015fun r\u0259hb\u0259rlik etdiyi n\u00fcmay\u0259nd\u0259 hey\u0259tini q\u0259bul edib.<\/strong><\/p>\n\n\n\n<p>G\u00f6r\u00fc\u015fd\u0259 Az\u0259rbaycanla T\u00fcrkiy\u0259 aras\u0131nda dostluq v\u0259 qarda\u015fl\u0131q m\u00fcnasib\u0259tl\u0259rinin b\u00fct\u00fcn sah\u0259l\u0259rd\u0259 u\u011furla inki\u015faf etdiyi bildirilib. D\u00f6vl\u0259t ba\u015f\u00e7\u0131lar\u0131 aras\u0131nda m\u00fct\u0259madi t\u0259maslar\u0131n \u0259laq\u0259l\u0259rimizin geni\u015fl\u0259nm\u0259sind\u0259 x\u00fcsusi rolu vur\u011fulan\u0131b.<\/p>\n\n\n\n<p>S\u00f6hb\u0259t zaman\u0131 Yeni Az\u0259rbaycan Partiyas\u0131 il\u0259 \u018fdal\u0259t v\u0259 \u0130nki\u015faf Partiyas\u0131 aras\u0131nda \u0259m\u0259kda\u015fl\u0131q m\u0259s\u0259l\u0259l\u0259ri m\u00fczakir\u0259 olundu. Qeyd edildi ki, partiyalar aras\u0131nda \u0259laq\u0259l\u0259r ikit\u0259r\u0259fli m\u00fcnasib\u0259tl\u0259rin inki\u015faf\u0131nda m\u00fch\u00fcm rol oynay\u0131r. Eyni zamanda, \u00f6lk\u0259l\u0259rimizin m\u00fcxt\u0259lif qurumlar\u0131n\u0131n n\u00fcmay\u0259nd\u0259l\u0259rinin qar\u015f\u0131l\u0131ql\u0131 s\u0259f\u0259rl\u0259rinin \u0259h\u0259miyy\u0259tin\u0259 toxunulub.<\/p>\n\n\n\n<p>G\u00f6r\u00fc\u015fd\u0259 \u0259m\u0259kda\u015fl\u0131\u011f\u0131n perspektivl\u0259ri \u0259traf\u0131nda fikir m\u00fcbadil\u0259si apar\u0131l\u0131b, \u00f6lk\u0259l\u0259rimiz aras\u0131nda m\u00fcnasib\u0259tl\u0259rin bundan sonra da geni\u015fl\u0259n\u0259c\u0259yin\u0259 \u0259minlik ifad\u0259 olunub.<\/p>\n","protected":false},"excerpt":{"rendered":"<p>Az\u0259rbaycan Respublikas\u0131n\u0131n Prezidenti \u0130lham \u018fliyev iyulun 26-da T\u00fcrkiy\u0259nin \u018fdal\u0259t v\u0259 \u0130nki\u015faf Partiyas\u0131 s\u0259drinin birinci m\u00fcavini Numan Qurtulmu\u015fun r\u0259hb\u0259rlik etdiyi n\u00fcmay\u0259nd\u0259 hey\u0259tini q\u0259bul edib. G\u00f6r\u00fc\u015fd\u0259<\/p>\n","protected":false},"author":2,"featured_media":0,"comment_status":"closed","ping_status":"closed","sticky":false,"template":"","format":"standard","meta":{"footnotes":""},"categories":[3],"tags":[],"class_list":["post-43824","post","type-post","status-publish","format-standard","hentry","category-gundm"],"aioseo_notices":[],"_links":{"self":[{"href":"https:\/\/fedai.az\/index.php?rest_route=\/wp\/v2\/posts\/43824","targetHints":{"allow":["GET"]}}],"collection":[{"href":"https:\/\/fedai.az\/index.php?rest_route=\/wp\/v2\/posts"}],"about":[{"href":"https:\/\/fedai.az\/index.php?rest_route=\/wp\/v2\/types\/post"}],"author":[{"embeddable":true,"href":"https:\/\/fedai.az\/index.php?rest_route=\/wp\/v2\/users\/2"}],"replies":[{"embeddable":true,"href":"https:\/\/fedai.az\/index.php?rest_route=%2Fwp%2Fv2%2Fcomments&post=43824"}],"version-history":[{"count":1,"href":"https:\/\/fedai.az\/index.php?rest_route=\/wp\/v2\/posts\/43824\/revisions"}],"predecessor-version":[{"id":43826,"href":"https:\/\/fedai.az\/index.php?rest_route=\/wp\/v2\/posts\/43824\/revisions\/43826"}],"wp:attachment":[{"href":"https:\/\/fedai.az\/index.php?rest_route=%2Fwp%2Fv2%2Fmedia&parent=43824"}],"wp:term":[{"taxonomy":"category","embeddable":true,"href":"https:\/\/fedai.az\/index.php?rest_route=%2Fwp%2Fv2%2Fcategories&post=43824"},{"taxonomy":"post_tag","embeddable":true,"href":"https:\/\/fedai.az\/index.php?rest_route=%2Fwp%2Fv2%2Ftags&post=43824"}],"curies":[{"name":"wp","href":"https:\/\/api.w.org\/{rel}","templated":true}]}}