{"id":43827,"date":"2021-07-27T10:22:16","date_gmt":"2021-07-27T06:22:16","guid":{"rendered":"https:\/\/fedai.az\/?p=43827"},"modified":"2021-07-27T10:22:30","modified_gmt":"2021-07-27T06:22:30","slug":"az%c9%99rbaycan-turkiy%c9%99-pakistanin-parlament-s%c9%99drl%c9%99ri-baki-b%c9%99yannam%c9%99sini-imzalayacaq","status":"publish","type":"post","link":"https:\/\/fedai.az\/?p=43827","title":{"rendered":"Az\u0259rbaycan, T\u00fcrkiy\u0259, Pakistan\u0131n parlament s\u0259drl\u0259ri \u201cBak\u0131 b\u0259yannam\u0259si\u201dni imzalayacaq"},"content":{"rendered":"\n<p><strong>Bu g\u00fcn T\u00fcrkiy\u0259, Az\u0259rbaycan v\u0259 Pakistan parlamentl\u0259rinin s\u0259drl\u0259ri Mustafa \u015eentop, Sahib\u0259 Qafarova, \u018fs\u0259d Qayseri aras\u0131nda birinci \u00fc\u00e7t\u0259r\u0259fli toplant\u0131 ba\u015flay\u0131r.<\/strong><\/p>\n\n\n\n<p>Fedai.az x\u0259b\u0259r verir ki, toplant\u0131n\u0131n yekun s\u0259n\u0259di olaraq \u201cBak\u0131 b\u0259yannam\u0259si\u201d imzalanacaq.<\/p>\n\n\n\n<p>\u0130yulun 28-d\u0259 T\u00fcrkiy\u0259 B\u00f6y\u00fck Mill\u0259t M\u0259clisinin s\u0259dri Az\u0259rbaycan\u0131n xarici i\u015fl\u0259r naziri Ceyhun Bayramovla g\u00f6r\u00fc\u015f\u0259c\u0259k.<\/p>\n\n\n\n<p>Mustafa \u015eentop s\u0259f\u0259r \u00e7\u0259r\u00e7iv\u0259sind\u0259 F\u00fczuli v\u0259 \u015eu\u015fa \u015f\u0259h\u0259rl\u0259rin\u0259 s\u0259f\u0259r ed\u0259c\u0259k.<\/p>\n\n\n\n<p>Qeyd ed\u0259k ki, T\u00fcrkiy\u0259 B\u00f6y\u00fck Mill\u0259t M\u0259clisi s\u0259drinin v\u0259 Pakistan \u0130slam Respublikas\u0131n\u0131n Milli Assambleyas\u0131 r\u0259hb\u0259rinin ba\u015f\u00e7\u0131l\u0131q etdikl\u0259ri n\u00fcmay\u0259nd\u0259 hey\u0259tl\u0259ri iyulun 26-dan Az\u0259rbaycanda s\u0259f\u0259rd\u0259dir.<\/p>\n","protected":false},"excerpt":{"rendered":"<p>Bu g\u00fcn T\u00fcrkiy\u0259, Az\u0259rbaycan v\u0259 Pakistan parlamentl\u0259rinin s\u0259drl\u0259ri Mustafa \u015eentop, Sahib\u0259 Qafarova, \u018fs\u0259d Qayseri aras\u0131nda birinci \u00fc\u00e7t\u0259r\u0259fli toplant\u0131 ba\u015flay\u0131r. Fedai.az x\u0259b\u0259r verir ki, toplant\u0131n\u0131n<\/p>\n","protected":false},"author":2,"featured_media":0,"comment_status":"closed","ping_status":"closed","sticky":false,"template":"","format":"standard","meta":{"footnotes":""},"categories":[1],"tags":[],"class_list":["post-43827","post","type-post","status-publish","format-standard","hentry","category-siyast"],"aioseo_notices":[],"_links":{"self":[{"href":"https:\/\/fedai.az\/index.php?rest_route=\/wp\/v2\/posts\/43827","targetHints":{"allow":["GET"]}}],"collection":[{"href":"https:\/\/fedai.az\/index.php?rest_route=\/wp\/v2\/posts"}],"about":[{"href":"https:\/\/fedai.az\/index.php?rest_route=\/wp\/v2\/types\/post"}],"author":[{"embeddable":true,"href":"https:\/\/fedai.az\/index.php?rest_route=\/wp\/v2\/users\/2"}],"replies":[{"embeddable":true,"href":"https:\/\/fedai.az\/index.php?rest_route=%2Fwp%2Fv2%2Fcomments&post=43827"}],"version-history":[{"count":1,"href":"https:\/\/fedai.az\/index.php?rest_route=\/wp\/v2\/posts\/43827\/revisions"}],"predecessor-version":[{"id":43830,"href":"https:\/\/fedai.az\/index.php?rest_route=\/wp\/v2\/posts\/43827\/revisions\/43830"}],"wp:attachment":[{"href":"https:\/\/fedai.az\/index.php?rest_route=%2Fwp%2Fv2%2Fmedia&parent=43827"}],"wp:term":[{"taxonomy":"category","embeddable":true,"href":"https:\/\/fedai.az\/index.php?rest_route=%2Fwp%2Fv2%2Fcategories&post=43827"},{"taxonomy":"post_tag","embeddable":true,"href":"https:\/\/fedai.az\/index.php?rest_route=%2Fwp%2Fv2%2Ftags&post=43827"}],"curies":[{"name":"wp","href":"https:\/\/api.w.org\/{rel}","templated":true}]}}