{"id":43831,"date":"2021-07-27T10:29:35","date_gmt":"2021-07-27T06:29:35","guid":{"rendered":"https:\/\/fedai.az\/?p=43831"},"modified":"2021-07-27T11:01:37","modified_gmt":"2021-07-27T07:01:37","slug":"daha-bir-erm%c9%99ni-%c9%99sg%c9%99ri-agir-yaralanib","status":"publish","type":"post","link":"https:\/\/fedai.az\/?p=43831","title":{"rendered":"Daha bir erm\u0259ni \u0259sg\u0259ri a\u011f\u0131r yaralan\u0131b"},"content":{"rendered":"\n<p><strong>Az\u0259rbaycan\u0131n Qaraba\u011f iqtisadi rayonunda yerl\u0259\u015fdiril\u0259n rus s\u00fclhm\u0259raml\u0131lar\u0131n\u0131n arxas\u0131nda gizl\u0259n\u0259r\u0259k, h\u0259l\u0259 d\u0259 Az\u0259rbaycanda qalmaqda davam ed\u0259n qanunsuz erm\u0259ni h\u0259rbi birl\u0259\u015fm\u0259l\u0259rinin \u0259sg\u0259ri postda \u00f6l\u00fcmc\u00fcl g\u00fcll\u0259 yaras\u0131 al\u0131b.<\/strong><\/p>\n\n\n\n<p>Bu bar\u0259d\u0259 separat\u00e7\u0131 erm\u0259ni t\u00f6r-t\u00f6k\u00fcnt\u00fcl\u0259ri m\u0259lumat yay\u0131b.<\/p>\n\n\n\n<p>Bildirilib ki, 26 iyul saat 22:26-da 2002-ci il t\u0259v\u0259ll\u00fcdl\u00fc S\u0259rkis Qriqoryan \u00f6l\u00fcmc\u00fcl yaralan\u0131b. Onun hans\u0131 \u015f\u0259raitd\u0259 g\u00fcll\u0259l\u0259ndiyi m\u0259lum deyil.<\/p>\n\n\n\n<p><strong>P.S. B\u0259zi m\u0259nb\u0259l\u0259rin verdiyi x\u0259b\u0259r\u0259 g\u00f6r\u0259 2002-ci ild\u0259 anadan olan Sarkis Qriqoryan d\u00fcn\u0259n gec\u0259 saat 22.26 rad\u0259l\u0259rind\u0259 qeyri-m\u00fc\u0259yy\u0259n \u015f\u0259raitd\u0259 ald\u0131\u011f\u0131 g\u00fcll\u0259 yaras\u0131ndan &#171;yax\u015f\u0131 erm\u0259ni&#187; olmaq \u00fc\u00e7\u00fcn g\u0259b\u0259rib.<\/strong><\/p>\n","protected":false},"excerpt":{"rendered":"<p>Az\u0259rbaycan\u0131n Qaraba\u011f iqtisadi rayonunda yerl\u0259\u015fdiril\u0259n rus s\u00fclhm\u0259raml\u0131lar\u0131n\u0131n arxas\u0131nda gizl\u0259n\u0259r\u0259k, h\u0259l\u0259 d\u0259 Az\u0259rbaycanda qalmaqda davam ed\u0259n qanunsuz erm\u0259ni h\u0259rbi birl\u0259\u015fm\u0259l\u0259rinin \u0259sg\u0259ri postda \u00f6l\u00fcmc\u00fcl g\u00fcll\u0259 yaras\u0131<\/p>\n","protected":false},"author":2,"featured_media":43832,"comment_status":"closed","ping_status":"closed","sticky":false,"template":"","format":"standard","meta":{"footnotes":""},"categories":[4],"tags":[],"class_list":["post-43831","post","type-post","status-publish","format-standard","has-post-thumbnail","hentry","category-qarabag"],"aioseo_notices":[],"_links":{"self":[{"href":"https:\/\/fedai.az\/index.php?rest_route=\/wp\/v2\/posts\/43831","targetHints":{"allow":["GET"]}}],"collection":[{"href":"https:\/\/fedai.az\/index.php?rest_route=\/wp\/v2\/posts"}],"about":[{"href":"https:\/\/fedai.az\/index.php?rest_route=\/wp\/v2\/types\/post"}],"author":[{"embeddable":true,"href":"https:\/\/fedai.az\/index.php?rest_route=\/wp\/v2\/users\/2"}],"replies":[{"embeddable":true,"href":"https:\/\/fedai.az\/index.php?rest_route=%2Fwp%2Fv2%2Fcomments&post=43831"}],"version-history":[{"count":2,"href":"https:\/\/fedai.az\/index.php?rest_route=\/wp\/v2\/posts\/43831\/revisions"}],"predecessor-version":[{"id":43842,"href":"https:\/\/fedai.az\/index.php?rest_route=\/wp\/v2\/posts\/43831\/revisions\/43842"}],"wp:featuredmedia":[{"embeddable":true,"href":"https:\/\/fedai.az\/index.php?rest_route=\/wp\/v2\/media\/43832"}],"wp:attachment":[{"href":"https:\/\/fedai.az\/index.php?rest_route=%2Fwp%2Fv2%2Fmedia&parent=43831"}],"wp:term":[{"taxonomy":"category","embeddable":true,"href":"https:\/\/fedai.az\/index.php?rest_route=%2Fwp%2Fv2%2Fcategories&post=43831"},{"taxonomy":"post_tag","embeddable":true,"href":"https:\/\/fedai.az\/index.php?rest_route=%2Fwp%2Fv2%2Ftags&post=43831"}],"curies":[{"name":"wp","href":"https:\/\/api.w.org\/{rel}","templated":true}]}}