{"id":43838,"date":"2021-07-27T10:55:54","date_gmt":"2021-07-27T06:55:54","guid":{"rendered":"https:\/\/fedai.az\/?p=43838"},"modified":"2021-07-27T10:56:07","modified_gmt":"2021-07-27T06:56:07","slug":"k%c9%99rim-v%c9%99liyevi-qaralama-kampaniyasi-m%c9%99qs%c9%99d-n%c9%99dir","status":"publish","type":"post","link":"https:\/\/fedai.az\/?p=43838","title":{"rendered":"K\u0259rim V\u0259liyevi qaralama kampaniyas\u0131: m\u0259qs\u0259d n\u0259dir?"},"content":{"rendered":"\n<p><strong>General-leytenant K\u0259rim V\u0259liyevin Az\u0259rbaycan Silahl\u0131 Q\u00fcvv\u0259l\u0259rinin Ba\u015f Q\u0259rargah r\u0259isi t\u0259yin edilm\u0259si n\u0259inki Ordumuzda, eyni zamanda xalq aras\u0131nda b\u00f6y\u00fck d\u0259st\u0259kl\u0259 qar\u015f\u0131lan\u0131b.<\/strong><\/p>\n\n\n\n<p><a target=\"_blank\" href=\"http:\/\/axar.az\/\" rel=\"noreferrer noopener\">Axar.az<\/a>&nbsp;x\u0259b\u0259r verir ki, K.V\u0259liyevin ad\u0131 he\u00e7 vaxt hans\u0131sa qaranl\u0131q i\u015fl\u0259rd\u0259, korrupsiyada, r\u00fc\u015fv\u0259td\u0259 hallanmay\u0131b. \u00d6z zabit \u015f\u0259r\u0259fini h\u0259r \u015feyd\u0259n uca tutan K.V\u0259liyevin \u0259sg\u0259rl\u0259r aras\u0131nda da b\u00f6y\u00fck h\u00f6rm\u0259ti var. B\u00fct\u00fcn karyeras\u0131 boyu daim aktiv d\u00f6y\u00fc\u015f b\u00f6lg\u0259l\u0259rind\u0259 olan, s\u0259ng\u0259rl\u0259rd\u0259 yatan general-leytenant V\u0259t\u0259n M\u00fcharib\u0259sind\u0259 \u00f6n c\u0259bh\u0259d\u0259 d\u00f6y\u00fc\u015fl\u0259rd\u0259 birba\u015fa i\u015ftirak\u0131 il\u0259 d\u0259 daim diqq\u0259t m\u0259rk\u0259zind\u0259 olub.<\/p>\n\n\n\n<p>K\u0259rim V\u0259liyev h\u0259m\u00e7inin tan\u0131nm\u0131\u015f n\u0259slin \u2013 V\u0259kilovlar\u0131n n\u00fcmay\u0259nd\u0259sidir v\u0259 S\u0259m\u0259d Vur\u011funun \u0259misinin n\u0259tic\u0259sidir. \u00d6z genetik kodlar\u0131 il\u0259 d\u0259 xalq\u0131m\u0131za ba\u011fl\u0131 olan K\u0259rim V\u0259liyev\u0259 qar\u015f\u0131 is\u0259 sosial \u015f\u0259b\u0259k\u0259l\u0259rd\u0259 iki g\u00fcnd\u00fcr b\u00f6htan at\u0131lmas\u0131na c\u0259hdl\u0259r edilir. Bunlardan biri d\u0259 guya onun xan\u0131m\u0131n\u0131n rus mill\u0259tind\u0259n olmas\u0131d\u0131r.<\/p>\n\n\n\n<p>\u018fvv\u0259la, Az\u0259rbaycan tolerant \u00f6lk\u0259dir v\u0259 kimins\u0259 xan\u0131m\u0131n\u0131n v\u0259 yaxud \u00f6z\u00fcn\u00fcn hans\u0131 mill\u0259td\u0259n olmas\u0131 he\u00e7 bir \u00f6n\u0259m da\u015f\u0131m\u0131r. Bu \u00f6lk\u0259d\u0259 ya\u015fayan he\u00e7 bir xalq (erm\u0259nil\u0259rd\u0259n ba\u015fqa) he\u00e7 vaxt ayr\u0131-se\u00e7kilik etm\u0259yib v\u0259 g\u00f6rm\u0259yib. V\u0259t\u0259n m\u00fcharib\u0259sind\u0259 \u015f\u0259hidl\u0259rimiz aras\u0131nda \u00f6lk\u0259mizd\u0259ki b\u00fct\u00fcn xalqlar\u0131n n\u00fcmay\u0259nd\u0259l\u0259ri var v\u0259 onlar \u00f6z V\u0259t\u0259nl\u0259rini qoruyaraq, i\u015f\u011faldak\u0131 torpaqlar\u0131n\u0131 azad ed\u0259r\u0259k \u015f\u0259hid olublar.<\/p>\n\n\n\n<p>Bir ne\u00e7\u0259 g\u00fcn \u00f6nc\u0259 erm\u0259ni Yutub kanal\u0131na \u00e7\u0131x\u0131b, Az\u0259rbaycan \u0259leyhin\u0259 kampaniya aparan v\u0259 \u00f6lk\u0259mizin imicini l\u0259k\u0259l\u0259m\u0259y\u0259, q\u0259l\u0259b\u0259miz\u0259 k\u00f6lg\u0259 salma\u011fa \u00e7al\u0131\u015fan \u201ct\u0259r-t\u0259miz az\u0259rbaycanl\u0131\u201d say\u0131lan \u00fcns\u00fcr 44 g\u00fcnl\u00fck sava\u015fda can\u0131n\u0131 bu V\u0259t\u0259n \u00fc\u00e7\u00fcn qurban ver\u0259n, m\u0259s\u0259l\u0259n, \u015f\u0259hid Denisl\u0259 (Denis Pronin) m\u00fcqayis\u0259 oluna bilm\u0259z. Bizim qarda\u015f\u0131m\u0131z da, ba\u015f\u0131m\u0131z\u0131n tac\u0131 da Denis v\u0259 Denisl\u0259rdir, o az\u0259rbaycanl\u0131 ad\u0131 da\u015f\u0131yan m\u0259xluq deyil.<\/p>\n\n\n\n<p>Bu bax\u0131mdan bu \u00f6lk\u0259ni sev\u0259n, \u00f6z\u00fcn\u00fc bu xalq\u0131n \u00f6vlad\u0131 kimi aparan h\u0259r bir k\u0259s az\u0259rbaycanl\u0131d\u0131r, V\u0259t\u0259nda\u015f\u0131m\u0131z, Qarda\u015f\u0131m\u0131zd\u0131r v\u0259 bu \u00f6lk\u0259d\u0259 he\u00e7 k\u0259s etnik m\u0259nsubiyy\u0259ti il\u0259 vurula bilm\u0259z.<\/p>\n\n\n\n<p>\u0130kinci t\u0259r\u0259fd\u0259n, fakt odur ki, K\u0259rim V\u0259liyevin xan\u0131m\u0131 az\u0259rbaycanl\u0131d\u0131r. Bu bar\u0259d\u0259 V\u0259kilovlar n\u0259slinin n\u00fcmay\u0259nd\u0259si, tan\u0131nm\u0131\u015f h\u00fcquq\u015f\u00fcnas S\u0259m\u0259d V\u0259kilov sosial \u015f\u0259b\u0259k\u0259 hesab\u0131nda r\u0259smi a\u00e7\u0131qlama da yayd\u0131.<\/p>\n\n\n\n<p>K\u0259rim V\u0259liyev\u0259 qar\u015f\u0131 he\u00e7 bir arqument tapa bilm\u0259y\u0259nl\u0259r, onun ad\u0131na n\u0259s\u0259 \u201ctoz qondurmaq\u201d \u00fc\u00e7\u00fcn m\u00fcxt\u0259lif variantlara ba\u015f vuranlar n\u0259y\u0259 nail olmaq ist\u0259yir?<\/p>\n\n\n\n<p>K\u0259rim V\u0259liyevin t\u0259yinat\u0131 h\u0259tta erm\u0259ni h\u0259rbi ekspertl\u0259ri t\u0259r\u0259find\u0259n d\u0259 h\u0259y\u0259canla izl\u0259nildi. N\u0259cm\u0259ddin Sad\u0131qovdan sonra Az\u0259rbaycan Ordusuna K\u0259rim V\u0259liyev kimi t\u0259miz, vicdanl\u0131 v\u0259 \u015f\u0259r\u0259fli zabitin r\u0259is g\u0259tirilm\u0259si daha \u00e7ox Az\u0259rbaycan Ordusunun \u201cT\u00fcrk ordusunun ki\u00e7ik modelin\u0259\u201d (Ali Ba\u015f Komandan \u0130lham \u018fliyevin strategiyas\u0131) ke\u00e7idi istiqam\u0259tind\u0259 ciddi add\u0131m kimi d\u0259y\u0259rl\u0259ndirildi. Bel\u0259 halda K.V\u0259liyev\u0259 v\u0259 Ordumuza \u00e7amur atmaq niyy\u0259ti yaln\u0131z antimilli, erm\u0259niniyy\u0259tli kampaniya ola bil\u0259r.<\/p>\n","protected":false},"excerpt":{"rendered":"<p>General-leytenant K\u0259rim V\u0259liyevin Az\u0259rbaycan Silahl\u0131 Q\u00fcvv\u0259l\u0259rinin Ba\u015f Q\u0259rargah r\u0259isi t\u0259yin edilm\u0259si n\u0259inki Ordumuzda, eyni zamanda xalq aras\u0131nda b\u00f6y\u00fck d\u0259st\u0259kl\u0259 qar\u015f\u0131lan\u0131b. Axar.az&nbsp;x\u0259b\u0259r verir ki, K.V\u0259liyevin<\/p>\n","protected":false},"author":2,"featured_media":43839,"comment_status":"closed","ping_status":"closed","sticky":false,"template":"","format":"standard","meta":{"footnotes":""},"categories":[3],"tags":[],"class_list":["post-43838","post","type-post","status-publish","format-standard","has-post-thumbnail","hentry","category-gundm"],"aioseo_notices":[],"_links":{"self":[{"href":"https:\/\/fedai.az\/index.php?rest_route=\/wp\/v2\/posts\/43838","targetHints":{"allow":["GET"]}}],"collection":[{"href":"https:\/\/fedai.az\/index.php?rest_route=\/wp\/v2\/posts"}],"about":[{"href":"https:\/\/fedai.az\/index.php?rest_route=\/wp\/v2\/types\/post"}],"author":[{"embeddable":true,"href":"https:\/\/fedai.az\/index.php?rest_route=\/wp\/v2\/users\/2"}],"replies":[{"embeddable":true,"href":"https:\/\/fedai.az\/index.php?rest_route=%2Fwp%2Fv2%2Fcomments&post=43838"}],"version-history":[{"count":1,"href":"https:\/\/fedai.az\/index.php?rest_route=\/wp\/v2\/posts\/43838\/revisions"}],"predecessor-version":[{"id":43840,"href":"https:\/\/fedai.az\/index.php?rest_route=\/wp\/v2\/posts\/43838\/revisions\/43840"}],"wp:featuredmedia":[{"embeddable":true,"href":"https:\/\/fedai.az\/index.php?rest_route=\/wp\/v2\/media\/43839"}],"wp:attachment":[{"href":"https:\/\/fedai.az\/index.php?rest_route=%2Fwp%2Fv2%2Fmedia&parent=43838"}],"wp:term":[{"taxonomy":"category","embeddable":true,"href":"https:\/\/fedai.az\/index.php?rest_route=%2Fwp%2Fv2%2Fcategories&post=43838"},{"taxonomy":"post_tag","embeddable":true,"href":"https:\/\/fedai.az\/index.php?rest_route=%2Fwp%2Fv2%2Ftags&post=43838"}],"curies":[{"name":"wp","href":"https:\/\/api.w.org\/{rel}","templated":true}]}}