{"id":43860,"date":"2021-07-27T12:14:01","date_gmt":"2021-07-27T08:14:01","guid":{"rendered":"https:\/\/fedai.az\/?p=43860"},"modified":"2021-07-27T12:19:33","modified_gmt":"2021-07-27T08:19:33","slug":"balak%c9%99n-rayonunda-veteranlara-qaygi-gost%c9%99rilir","status":"publish","type":"post","link":"https:\/\/fedai.az\/?p=43860","title":{"rendered":"Balak\u0259n rayonunda veteranlara qay\u011f\u0131 g\u00f6st\u0259rilir"},"content":{"rendered":"\n<p><strong>Balak\u0259n rayonunda qazi v\u0259 \u015f\u0259hid ail\u0259l\u0259rin\u0259 diqq\u0259t v\u0259 qay\u011f\u0131 g\u00f6st\u0259rilir. Rayon \u0130cra Hakimiyy\u0259ti Ba\u015f\u00e7\u0131s\u0131 \u0130slam Rzayevin s\u0259r\u0259ncam\u0131yla II d\u0259r\u0259c\u0259 m\u00fcharib\u0259 \u0259lili R\u0259sul \u015eabanova, daha 17 \u015f\u0259hid ail\u0259si v\u0259 m\u00fcharib\u0259 veteran\u0131n\u0131n m\u0259\u015f\u011fullu\u011funu t\u0259min edilm\u0259si m\u0259qs\u0259diyl\u0259 bazar \u0259traf\u0131 \u0259razil\u0259rd\u0259 yer ayr\u0131l\u0131b.<\/strong><\/p>\n\n\n\n<p><br>Az\u0259rbaycan V\u0259t\u0259n M\u00fcharib\u0259si Veteranlar\u0131 \u0130ctimai Birliyi (AVMV\u0130B) Balak\u0259n rayon \u015f\u00f6b\u0259sinin s\u0259dri Ayd\u0131n Abdullayev rayon \u0130cra Hakimiyy\u0259ti Ba\u015f\u00e7\u0131s\u0131 \u0130slam Rzayev\u0259 v\u0259 rayon Polis \u015f\u00f6b\u0259sinin r\u0259isi polkovnik-leytenant \u00c7ingiz Aslanova veteranlar ad\u0131ndan \u00f6z minn\u0259tdarl\u0131\u011f\u0131n\u0131 bildirib.<\/p>\n\n\n\n<figure class=\"wp-block-image size-large\"><img decoding=\"async\" src=\"https:\/\/fedai.az\/wp-content\/uploads\/2021\/07\/hu7.jpg\" alt=\"\" class=\"wp-image-43861\"\/><\/figure>\n\n\n\n<p><br>Bu bar\u0259d\u0259 m\u0259lumat ver\u0259n m\u00fcharib\u0259 veteran\u0131 Vaqif H\u00fcmb\u0259tov bildirib ki, AVMV\u0130B Balak\u0259n rayon \u015f\u00f6b\u0259sinin r\u0259hb\u0259rliyi v\u0259 \u00fczvl\u0259ri S\u0259f\u0259rb\u0259rlik v\u0259 H\u0259rbi Xidm\u0259t\u0259 \u00c7a\u011f\u0131r\u0131\u015f \u00fczr\u0259 D\u00f6vl\u0259t Xidm\u0259tinin rayon \u015f\u00f6b\u0259sind\u0259 m\u00fcharib\u0259 i\u015ftirak\u00e7\u0131lar\u0131n\u0131n Komandanl\u0131q t\u0259r\u0259find\u0259n medallarla t\u0259ltif edilm\u0259si m\u0259rasimind\u0259 i\u015ftirak edibl\u0259r. Medallar \u015f\u00fcca\u0259t g\u00f6st\u0259rmi\u015f qazil\u0259rimiz\u0259 v\u0259 \u015f\u0259hid olmu\u015f d\u00f6y\u00fc\u015f\u00e7\u00fcl\u0259rinin ail\u0259l\u0259rin\u0259 verilib.<\/p>\n\n\n\n<p><strong>T\u00fcrkay Xaqan<\/strong><\/p>\n\n\n\n<figure class=\"wp-block-image size-large\"><img decoding=\"async\" src=\"https:\/\/fedai.az\/wp-content\/uploads\/2021\/07\/yt5.jpg\" alt=\"\" class=\"wp-image-43862\"\/><\/figure>\n","protected":false},"excerpt":{"rendered":"<p>Balak\u0259n rayonunda qazi v\u0259 \u015f\u0259hid ail\u0259l\u0259rin\u0259 diqq\u0259t v\u0259 qay\u011f\u0131 g\u00f6st\u0259rilir. Rayon \u0130cra Hakimiyy\u0259ti Ba\u015f\u00e7\u0131s\u0131 \u0130slam Rzayevin s\u0259r\u0259ncam\u0131yla II d\u0259r\u0259c\u0259 m\u00fcharib\u0259 \u0259lili R\u0259sul \u015eabanova, daha<\/p>\n","protected":false},"author":2,"featured_media":43863,"comment_status":"closed","ping_status":"closed","sticky":false,"template":"","format":"standard","meta":{"footnotes":""},"categories":[5],"tags":[],"class_list":["post-43860","post","type-post","status-publish","format-standard","has-post-thumbnail","hentry","category-veteran"],"aioseo_notices":[],"_links":{"self":[{"href":"https:\/\/fedai.az\/index.php?rest_route=\/wp\/v2\/posts\/43860","targetHints":{"allow":["GET"]}}],"collection":[{"href":"https:\/\/fedai.az\/index.php?rest_route=\/wp\/v2\/posts"}],"about":[{"href":"https:\/\/fedai.az\/index.php?rest_route=\/wp\/v2\/types\/post"}],"author":[{"embeddable":true,"href":"https:\/\/fedai.az\/index.php?rest_route=\/wp\/v2\/users\/2"}],"replies":[{"embeddable":true,"href":"https:\/\/fedai.az\/index.php?rest_route=%2Fwp%2Fv2%2Fcomments&post=43860"}],"version-history":[{"count":2,"href":"https:\/\/fedai.az\/index.php?rest_route=\/wp\/v2\/posts\/43860\/revisions"}],"predecessor-version":[{"id":43865,"href":"https:\/\/fedai.az\/index.php?rest_route=\/wp\/v2\/posts\/43860\/revisions\/43865"}],"wp:featuredmedia":[{"embeddable":true,"href":"https:\/\/fedai.az\/index.php?rest_route=\/wp\/v2\/media\/43863"}],"wp:attachment":[{"href":"https:\/\/fedai.az\/index.php?rest_route=%2Fwp%2Fv2%2Fmedia&parent=43860"}],"wp:term":[{"taxonomy":"category","embeddable":true,"href":"https:\/\/fedai.az\/index.php?rest_route=%2Fwp%2Fv2%2Fcategories&post=43860"},{"taxonomy":"post_tag","embeddable":true,"href":"https:\/\/fedai.az\/index.php?rest_route=%2Fwp%2Fv2%2Ftags&post=43860"}],"curies":[{"name":"wp","href":"https:\/\/api.w.org\/{rel}","templated":true}]}}