{"id":43866,"date":"2021-07-27T12:25:33","date_gmt":"2021-07-27T08:25:33","guid":{"rendered":"https:\/\/fedai.az\/?p=43866"},"modified":"2021-07-27T12:25:48","modified_gmt":"2021-07-27T08:25:48","slug":"diaspor-numay%c9%99nd%c9%99l%c9%99rinin-susaya-s%c9%99f%c9%99rl%c9%99ri-t%c9%99skil-edilib","status":"publish","type":"post","link":"https:\/\/fedai.az\/?p=43866","title":{"rendered":"Diaspor n\u00fcmay\u0259nd\u0259l\u0259rinin \u015eu\u015faya s\u0259f\u0259rl\u0259ri t\u0259\u015fkil edilib"},"content":{"rendered":"\n<p><strong>Diaspor n\u00fcmay\u0259nd\u0259l\u0259rinin \u015eu\u015faya s\u0259f\u0259rl\u0259ri t\u0259\u015fkil edilib.<\/strong><\/p>\n\n\n\n<p><br>Bu bar\u0259d\u0259 Diasporla \u0130\u015f \u00fczr\u0259 D\u00f6vl\u0259t Komit\u0259si m\u0259lumat yay\u0131b.<\/p>\n\n\n\n<p><br>Bildirilib ki, s\u0259f\u0259r \u00e7\u0259r\u00e7iv\u0259sind\u0259 diaspor n\u00fcmay\u0259nd\u0259l\u0259ri Az\u0259rbaycan\u0131n m\u0259d\u0259niyy\u0259t paytaxt\u0131 \u015eu\u015fa \u015f\u0259h\u0259rinin ba\u015f meydan\u0131 &#171;Bazarba\u015f\u0131\u201dn\u0131, C\u0131d\u0131r d\u00fcz\u00fcn\u00fc, erm\u0259ni vandalizmin\u0259 m\u0259ruz qalm\u0131\u015f &#171;G\u00fcll\u0259l\u0259nmi\u015f heyk\u0259ll\u0259r\u201din oldu\u011fu meydan\u0131, \u015eu\u015fa B\u0259yannam\u0259sinin imzaland\u0131\u011f\u0131 m\u0259kan\u0131, Xur\u015fudbanu Nat\u0259van\u0131n evini, &#171;Xan q\u0131z\u0131 bula\u011f\u0131\u201dn\u0131, G\u0259nc\u0259 Qap\u0131s\u0131n\u0131, Saatl\u0131, A\u015fa\u011f\u0131 v\u0259 Yuxar\u0131 G\u00f6vh\u0259r a\u011fa m\u0259scidl\u0259rini v\u0259 dig\u0259r m\u00fch\u00fcm yerl\u0259ri ziyar\u0259t ed\u0259c\u0259kl\u0259r.<\/p>\n\n\n\n<p><br>Qaraba\u011f\u0131n incisi olan q\u0259dim \u015eu\u015fan\u0131n tarixi, m\u0259d\u0259niyy\u0259ti, dahi \u015f\u0259xsiyy\u0259tl\u0259ri v\u0259 bu g\u00fcn \u00f6lk\u0259 r\u0259hb\u0259rliyinin tap\u015f\u0131r\u0131\u011f\u0131 il\u0259 burada apar\u0131lan quruculuq i\u015fl\u0259ri bar\u0259d\u0259 soyda\u015flar\u0131m\u0131za geni\u015f m\u0259lumat veril\u0259c\u0259k.<\/p>\n\n\n\n<p><br>Diaspor n\u00fcmay\u0259nd\u0259l\u0259rinin ordumuzun \u0259sg\u0259rl\u0259ri il\u0259 g\u00f6r\u00fc\u015fl\u0259ri d\u0259 planla\u015fd\u0131r\u0131l\u0131r.<\/p>\n","protected":false},"excerpt":{"rendered":"<p>Diaspor n\u00fcmay\u0259nd\u0259l\u0259rinin \u015eu\u015faya s\u0259f\u0259rl\u0259ri t\u0259\u015fkil edilib. Bu bar\u0259d\u0259 Diasporla \u0130\u015f \u00fczr\u0259 D\u00f6vl\u0259t Komit\u0259si m\u0259lumat yay\u0131b. Bildirilib ki, s\u0259f\u0259r \u00e7\u0259r\u00e7iv\u0259sind\u0259 diaspor n\u00fcmay\u0259nd\u0259l\u0259ri Az\u0259rbaycan\u0131n m\u0259d\u0259niyy\u0259t paytaxt\u0131<\/p>\n","protected":false},"author":2,"featured_media":0,"comment_status":"closed","ping_status":"closed","sticky":false,"template":"","format":"standard","meta":{"footnotes":""},"categories":[4],"tags":[],"class_list":["post-43866","post","type-post","status-publish","format-standard","hentry","category-qarabag"],"aioseo_notices":[],"_links":{"self":[{"href":"https:\/\/fedai.az\/index.php?rest_route=\/wp\/v2\/posts\/43866","targetHints":{"allow":["GET"]}}],"collection":[{"href":"https:\/\/fedai.az\/index.php?rest_route=\/wp\/v2\/posts"}],"about":[{"href":"https:\/\/fedai.az\/index.php?rest_route=\/wp\/v2\/types\/post"}],"author":[{"embeddable":true,"href":"https:\/\/fedai.az\/index.php?rest_route=\/wp\/v2\/users\/2"}],"replies":[{"embeddable":true,"href":"https:\/\/fedai.az\/index.php?rest_route=%2Fwp%2Fv2%2Fcomments&post=43866"}],"version-history":[{"count":1,"href":"https:\/\/fedai.az\/index.php?rest_route=\/wp\/v2\/posts\/43866\/revisions"}],"predecessor-version":[{"id":43868,"href":"https:\/\/fedai.az\/index.php?rest_route=\/wp\/v2\/posts\/43866\/revisions\/43868"}],"wp:attachment":[{"href":"https:\/\/fedai.az\/index.php?rest_route=%2Fwp%2Fv2%2Fmedia&parent=43866"}],"wp:term":[{"taxonomy":"category","embeddable":true,"href":"https:\/\/fedai.az\/index.php?rest_route=%2Fwp%2Fv2%2Fcategories&post=43866"},{"taxonomy":"post_tag","embeddable":true,"href":"https:\/\/fedai.az\/index.php?rest_route=%2Fwp%2Fv2%2Ftags&post=43866"}],"curies":[{"name":"wp","href":"https:\/\/api.w.org\/{rel}","templated":true}]}}