{"id":43869,"date":"2021-07-27T13:02:54","date_gmt":"2021-07-27T09:02:54","guid":{"rendered":"https:\/\/fedai.az\/?p=43869"},"modified":"2021-07-27T13:03:09","modified_gmt":"2021-07-27T09:03:09","slug":"azad-edil%c9%99n-erm%c9%99ni-postundan-goruntul%c9%99r-yayilib","status":"publish","type":"post","link":"https:\/\/fedai.az\/?p=43869","title":{"rendered":"Azad edil\u0259n erm\u0259ni postundan g\u00f6r\u00fcnt\u00fcl\u0259r yay\u0131l\u0131b"},"content":{"rendered":"\n<p><strong><em>Ordumuzun q\u0259hr\u0259man \u0259sg\u0259rl\u0259rind\u0259n biri i\u015f\u011faldan azad edil\u0259n \u0259razid\u0259 video \u00e7\u0259kib.<\/em><\/strong><\/p>\n\n\n\n<p>Video q\u0131sa m\u00fcdd\u0259td\u0259 b\u00fct\u00fcn sosial \u015f\u0259b\u0259k\u0259l\u0259rd\u0259 \u0259n \u00e7ox izl\u0259nil\u0259nl\u0259r siyah\u0131s\u0131na daxil olub.<\/p>\n\n\n\n<p>Yay\u0131mlanan videoda erm\u0259nil\u0259rin gizl\u0259ndiyi m\u00fc\u015fahid\u0259 postu g\u00f6r\u00fcnt\u00fcl\u0259nib.<\/p>\n\n\n\n<p>H\u0259min videonu t\u0259qdim edirik:<\/p>\n\n\n\n<p>M\u0259nb\u0259: G\u00fcninfo<\/p>\n\n\n\n<figure class=\"wp-block-embed is-type-video is-provider-youtube wp-block-embed-youtube wp-embed-aspect-16-9 wp-has-aspect-ratio\"><div class=\"wp-block-embed__wrapper\">\n<iframe loading=\"lazy\" title=\"\u018fsg\u0259rimiz erm\u0259ni posdunda bax\u0131n k\u00fc\u00e7\u00fckl\u0259rin yatd\u0131\u011f\u0131 yer\u0259 el\u0259 \u015feyl\u0259r tapd\u0131larki \u015e\u00fck\u00fcr Azad etdik dua\ud83e\udd32\" width=\"715\" height=\"402\" src=\"https:\/\/www.youtube.com\/embed\/q2ohAUoshN8?feature=oembed\" frameborder=\"0\" allow=\"accelerometer; autoplay; clipboard-write; encrypted-media; gyroscope; picture-in-picture\" allowfullscreen><\/iframe>\n<\/div><\/figure>\n","protected":false},"excerpt":{"rendered":"<p>Ordumuzun q\u0259hr\u0259man \u0259sg\u0259rl\u0259rind\u0259n biri i\u015f\u011faldan azad edil\u0259n \u0259razid\u0259 video \u00e7\u0259kib. Video q\u0131sa m\u00fcdd\u0259td\u0259 b\u00fct\u00fcn sosial \u015f\u0259b\u0259k\u0259l\u0259rd\u0259 \u0259n \u00e7ox izl\u0259nil\u0259nl\u0259r siyah\u0131s\u0131na daxil olub. Yay\u0131mlanan videoda<\/p>\n","protected":false},"author":2,"featured_media":0,"comment_status":"closed","ping_status":"closed","sticky":false,"template":"","format":"standard","meta":{"footnotes":""},"categories":[4],"tags":[],"class_list":["post-43869","post","type-post","status-publish","format-standard","hentry","category-qarabag"],"aioseo_notices":[],"_links":{"self":[{"href":"https:\/\/fedai.az\/index.php?rest_route=\/wp\/v2\/posts\/43869","targetHints":{"allow":["GET"]}}],"collection":[{"href":"https:\/\/fedai.az\/index.php?rest_route=\/wp\/v2\/posts"}],"about":[{"href":"https:\/\/fedai.az\/index.php?rest_route=\/wp\/v2\/types\/post"}],"author":[{"embeddable":true,"href":"https:\/\/fedai.az\/index.php?rest_route=\/wp\/v2\/users\/2"}],"replies":[{"embeddable":true,"href":"https:\/\/fedai.az\/index.php?rest_route=%2Fwp%2Fv2%2Fcomments&post=43869"}],"version-history":[{"count":1,"href":"https:\/\/fedai.az\/index.php?rest_route=\/wp\/v2\/posts\/43869\/revisions"}],"predecessor-version":[{"id":43871,"href":"https:\/\/fedai.az\/index.php?rest_route=\/wp\/v2\/posts\/43869\/revisions\/43871"}],"wp:attachment":[{"href":"https:\/\/fedai.az\/index.php?rest_route=%2Fwp%2Fv2%2Fmedia&parent=43869"}],"wp:term":[{"taxonomy":"category","embeddable":true,"href":"https:\/\/fedai.az\/index.php?rest_route=%2Fwp%2Fv2%2Fcategories&post=43869"},{"taxonomy":"post_tag","embeddable":true,"href":"https:\/\/fedai.az\/index.php?rest_route=%2Fwp%2Fv2%2Ftags&post=43869"}],"curies":[{"name":"wp","href":"https:\/\/api.w.org\/{rel}","templated":true}]}}