{"id":43878,"date":"2021-07-28T01:17:29","date_gmt":"2021-07-27T21:17:29","guid":{"rendered":"https:\/\/fedai.az\/?p=43878"},"modified":"2021-07-28T01:17:38","modified_gmt":"2021-07-27T21:17:38","slug":"az%c9%99rbaycan-turkiy%c9%99-v%c9%99-pakistanin-parlament-s%c9%99drl%c9%99ri-baki-b%c9%99yannam%c9%99sini-imzaladilar","status":"publish","type":"post","link":"https:\/\/fedai.az\/?p=43878","title":{"rendered":"Az\u0259rbaycan, T\u00fcrkiy\u0259 v\u0259 Pakistan\u0131n parlament s\u0259drl\u0259ri \u201cBak\u0131 B\u0259yannam\u0259si\u201dni imzalad\u0131lar"},"content":{"rendered":"\n<p><strong>Az\u0259rbaycan, T\u00fcrkiy\u0259 v\u0259 Pakistan parlamentl\u0259rinin \u00fc\u00e7t\u0259r\u0259fli iclas\u0131n\u0131n yekunu olaraq Bak\u0131 B\u0259yannam\u0259si imzalan\u0131b.<\/strong><\/p>\n\n\n\n<p>B\u0259yannam\u0259ni Milli M\u0259clisin s\u0259dri Sahib\u0259 Qafarova, T\u00fcrkiy\u0259 B\u00f6y\u00fck Mill\u0259t M\u0259clisinin s\u0259dri Mustafa \u015eentop, Pakistan \u0130slam Respublikas\u0131 Milli Assambleyas\u0131n\u0131n s\u0259dri \u018fs\u0259d Qeys\u0259r imzalay\u0131blar.<\/p>\n\n\n\n<p>Milli M\u0259clisin s\u0259dri Sahib\u0259 Qafarova bildirib ki, bu s\u0259n\u0259d \u00f6lk\u0259l\u0259rimiz aras\u0131nda strateji \u0259laq\u0259l\u0259rin m\u00f6hk\u0259ml\u0259nm\u0259sin\u0259 \u00f6z t\u00f6hf\u0259sini ver\u0259c\u0259k. <\/p>\n\n\n\n<p>M\u0259nb\u0259: Trend<\/p>\n","protected":false},"excerpt":{"rendered":"<p>Az\u0259rbaycan, T\u00fcrkiy\u0259 v\u0259 Pakistan parlamentl\u0259rinin \u00fc\u00e7t\u0259r\u0259fli iclas\u0131n\u0131n yekunu olaraq Bak\u0131 B\u0259yannam\u0259si imzalan\u0131b. B\u0259yannam\u0259ni Milli M\u0259clisin s\u0259dri Sahib\u0259 Qafarova, T\u00fcrkiy\u0259 B\u00f6y\u00fck Mill\u0259t M\u0259clisinin s\u0259dri Mustafa<\/p>\n","protected":false},"author":2,"featured_media":0,"comment_status":"closed","ping_status":"closed","sticky":false,"template":"","format":"standard","meta":{"footnotes":""},"categories":[3],"tags":[],"class_list":["post-43878","post","type-post","status-publish","format-standard","hentry","category-gundm"],"aioseo_notices":[],"_links":{"self":[{"href":"https:\/\/fedai.az\/index.php?rest_route=\/wp\/v2\/posts\/43878","targetHints":{"allow":["GET"]}}],"collection":[{"href":"https:\/\/fedai.az\/index.php?rest_route=\/wp\/v2\/posts"}],"about":[{"href":"https:\/\/fedai.az\/index.php?rest_route=\/wp\/v2\/types\/post"}],"author":[{"embeddable":true,"href":"https:\/\/fedai.az\/index.php?rest_route=\/wp\/v2\/users\/2"}],"replies":[{"embeddable":true,"href":"https:\/\/fedai.az\/index.php?rest_route=%2Fwp%2Fv2%2Fcomments&post=43878"}],"version-history":[{"count":1,"href":"https:\/\/fedai.az\/index.php?rest_route=\/wp\/v2\/posts\/43878\/revisions"}],"predecessor-version":[{"id":43879,"href":"https:\/\/fedai.az\/index.php?rest_route=\/wp\/v2\/posts\/43878\/revisions\/43879"}],"wp:attachment":[{"href":"https:\/\/fedai.az\/index.php?rest_route=%2Fwp%2Fv2%2Fmedia&parent=43878"}],"wp:term":[{"taxonomy":"category","embeddable":true,"href":"https:\/\/fedai.az\/index.php?rest_route=%2Fwp%2Fv2%2Fcategories&post=43878"},{"taxonomy":"post_tag","embeddable":true,"href":"https:\/\/fedai.az\/index.php?rest_route=%2Fwp%2Fv2%2Ftags&post=43878"}],"curies":[{"name":"wp","href":"https:\/\/api.w.org\/{rel}","templated":true}]}}