{"id":43882,"date":"2021-07-28T01:38:21","date_gmt":"2021-07-27T21:38:21","guid":{"rendered":"https:\/\/fedai.az\/?p=43882"},"modified":"2021-07-28T01:38:28","modified_gmt":"2021-07-27T21:38:28","slug":"anna-akopyan-bakidan-g%c9%99l%c9%99n-qara-kuru-yeyir","status":"publish","type":"post","link":"https:\/\/fedai.az\/?p=43882","title":{"rendered":"&#171;Anna Akopyan Bak\u0131dan g\u0259l\u0259n qara k\u00fcr\u00fc yeyir&#187;"},"content":{"rendered":"\n<p><strong>Nikol Pa\u015finyan\u0131n h\u0259yat yolda\u015f\u0131 Anna Akopyan\u0131n v\u0259 yoxsul erm\u0259ni ail\u0259sinin \u0259ks olundu\u011fu \u015f\u0259kill\u0259 yana\u015f\u0131 verdiyi v\u0259d sosial \u015f\u0259b\u0259k\u0259l\u0259rin erm\u0259ni seqmentind\u0259 geni\u015f m\u00fczakir\u0259 olunur.<\/strong><\/p>\n\n\n\n<p><a href=\"https:\/\/konkret.az\/\" target=\"_blank\" rel=\"noreferrer noopener\"><strong>KONKRET.az<\/strong><\/a>&nbsp;x\u0259b\u0259r verir ki, Andranik Ovannisyan payla\u015fd\u0131\u011f\u0131 statusda bildirir ki, 2018-ci ild\u0259 Nikol Pa\u015finyan hakimiyy\u0259t\u0259 g\u0259ldikd\u0259 yoxsullu\u011fa son qoyaca\u011f\u0131n\u0131 v\u0259d etmi\u015f, lakin Pa\u015finyan\u0131n hakimiyy\u0259tinin \u00fc\u00e7 ili \u0259rzind\u0259 Erm\u0259nistanda yoxsulluq artan dinamika il\u0259 m\u00fc\u015fahid\u0259 olunmu\u015fdur.<\/p>\n\n\n\n<p>Andranik Ovannisyan daha sonra yaz\u0131b: \u201c\u018fdal\u0259t namin\u0259 qeyd etm\u0259k laz\u0131md\u0131r ki, Pa\u015finyan ail\u0259sinin, yoxsa \u00f6lk\u0259sinin yoxsullu\u011fundan dan\u0131\u015fd\u0131\u011f\u0131n\u0131 d\u0259qiql\u0259\u015fdirm\u0259yib. S\u00f6hb\u0259t ail\u0259sind\u0259n gedirs\u0259, dem\u0259li, burada s\u00f6z\u00fcn\u00fc tutub. Anna Akopyan ehtimal ki, Bak\u0131dan g\u0259l\u0259n qara k\u00fcr\u00fc yeyir v\u0259 geyiml\u0259rini brend markal\u0131 ma\u011fazalardan al\u0131r\u201d.<\/p>\n\n\n\n<p><strong>R\u0259smiyy\u0259 \u015e\u0259rifova<\/strong><\/p>\n\n\n\n<figure class=\"wp-block-image size-large is-resized\"><img loading=\"lazy\" decoding=\"async\" src=\"https:\/\/fedai.az\/wp-content\/uploads\/2021\/07\/Ermeniyoxsul_ailesi.jpg\" alt=\"\" class=\"wp-image-43883\" width=\"907\" height=\"444\" srcset=\"https:\/\/fedai.az\/wp-content\/uploads\/2021\/07\/Ermeniyoxsul_ailesi.jpg 799w, https:\/\/fedai.az\/wp-content\/uploads\/2021\/07\/Ermeniyoxsul_ailesi-300x147.jpg 300w, https:\/\/fedai.az\/wp-content\/uploads\/2021\/07\/Ermeniyoxsul_ailesi-150x73.jpg 150w, https:\/\/fedai.az\/wp-content\/uploads\/2021\/07\/Ermeniyoxsul_ailesi-768x376.jpg 768w\" sizes=\"auto, (max-width: 907px) 100vw, 907px\" \/><\/figure>\n","protected":false},"excerpt":{"rendered":"<p>Nikol Pa\u015finyan\u0131n h\u0259yat yolda\u015f\u0131 Anna Akopyan\u0131n v\u0259 yoxsul erm\u0259ni ail\u0259sinin \u0259ks olundu\u011fu \u015f\u0259kill\u0259 yana\u015f\u0131 verdiyi v\u0259d sosial \u015f\u0259b\u0259k\u0259l\u0259rin erm\u0259ni seqmentind\u0259 geni\u015f m\u00fczakir\u0259 olunur. KONKRET.az&nbsp;x\u0259b\u0259r<\/p>\n","protected":false},"author":2,"featured_media":0,"comment_status":"closed","ping_status":"closed","sticky":false,"template":"","format":"standard","meta":{"footnotes":""},"categories":[15],"tags":[],"class_list":["post-43882","post","type-post","status-publish","format-standard","hentry","category-atmaca"],"aioseo_notices":[],"_links":{"self":[{"href":"https:\/\/fedai.az\/index.php?rest_route=\/wp\/v2\/posts\/43882","targetHints":{"allow":["GET"]}}],"collection":[{"href":"https:\/\/fedai.az\/index.php?rest_route=\/wp\/v2\/posts"}],"about":[{"href":"https:\/\/fedai.az\/index.php?rest_route=\/wp\/v2\/types\/post"}],"author":[{"embeddable":true,"href":"https:\/\/fedai.az\/index.php?rest_route=\/wp\/v2\/users\/2"}],"replies":[{"embeddable":true,"href":"https:\/\/fedai.az\/index.php?rest_route=%2Fwp%2Fv2%2Fcomments&post=43882"}],"version-history":[{"count":1,"href":"https:\/\/fedai.az\/index.php?rest_route=\/wp\/v2\/posts\/43882\/revisions"}],"predecessor-version":[{"id":43885,"href":"https:\/\/fedai.az\/index.php?rest_route=\/wp\/v2\/posts\/43882\/revisions\/43885"}],"wp:attachment":[{"href":"https:\/\/fedai.az\/index.php?rest_route=%2Fwp%2Fv2%2Fmedia&parent=43882"}],"wp:term":[{"taxonomy":"category","embeddable":true,"href":"https:\/\/fedai.az\/index.php?rest_route=%2Fwp%2Fv2%2Fcategories&post=43882"},{"taxonomy":"post_tag","embeddable":true,"href":"https:\/\/fedai.az\/index.php?rest_route=%2Fwp%2Fv2%2Ftags&post=43882"}],"curies":[{"name":"wp","href":"https:\/\/api.w.org\/{rel}","templated":true}]}}