{"id":43886,"date":"2021-07-28T01:44:21","date_gmt":"2021-07-27T21:44:21","guid":{"rendered":"https:\/\/fedai.az\/?p=43886"},"modified":"2021-07-28T01:44:27","modified_gmt":"2021-07-27T21:44:27","slug":"professor-h%c9%99s%c9%99n-unal-rusiyanin-da-simali-kipri-tezlikl%c9%99-tanimasina-ehtiyac-yoxdur","status":"publish","type":"post","link":"https:\/\/fedai.az\/?p=43886","title":{"rendered":"Professor H\u0259s\u0259n \u00dcnal: &#171;Rusiyan\u0131n da \u015eimali Kipri tezlikl\u0259 tan\u0131mas\u0131na ehtiyac yoxdur&#187;"},"content":{"rendered":"\n<p><strong>T\u00fcrkiy\u0259 v\u0259 Rusiya Moskvan\u0131n \u015eimali Kipr T\u00fcrk C\u00fcmhuriyy\u0259tini m\u00fcst\u0259qil d\u00f6vl\u0259t olaraq tan\u0131mas\u0131 qar\u015f\u0131l\u0131\u011f\u0131nda Kr\u0131m m\u0259s\u0259l\u0259si il\u0259 \u0259laq\u0259dar m\u00fcqavil\u0259 ba\u011flaya bil\u0259r.<\/strong><\/p>\n\n\n\n<p>Teleqraf.com\u00a0x\u0259b\u0259r verir ki, bunu T\u00fcrkiy\u0259nin Malt\u0259p\u0259 Universitetinin professoru H\u0259s\u0259n \u00dcnal Lenta.ru-ya a\u00e7\u0131qlamas\u0131nda deyib.<\/p>\n\n\n\n<p>Onun fikrinc\u0259, bunun m\u00fcqabilind\u0259 T\u00fcrkiy\u0259 hava yollar\u0131 Kr\u0131ma birba\u015fa u\u00e7u\u015flar\u0131 b\u0259rpa ed\u0259 bil\u0259r. Amma o, Kr\u0131m v\u0259 Kipr m\u0259s\u0259l\u0259l\u0259rind\u0259 h\u0259r iki t\u0259r\u0259fin m\u00f6vcud ritorikas\u0131 s\u0259b\u0259bind\u0259n bel\u0259 bir ssenarinin qeyri-real g\u00f6r\u00fcn\u0259 bil\u0259c\u0259yini d\u0259 etiraf edib.<\/p>\n\n\n\n<p>\u201cBununla bel\u0259, siyas\u0259t\u00e7il\u0259rin dan\u0131\u015f\u0131qlardan sonra daha g\u00fccl\u00fc m\u00f6vqe n\u00fcmayi\u015f etdirm\u0259k \u00fc\u00e7\u00fcn ritorikadan istifad\u0259 etdiyini unutmaq da laz\u0131m deyil\u201d, &#8212; professor qeyd edib.<\/p>\n\n\n\n<p>Eyni zamanda \u00dcnal T\u00fcrkiy\u0259nin Kr\u0131m\u0131 Rusiya \u0259razisi kimi tan\u0131mas\u0131na ehtiyac olmad\u0131\u011f\u0131n\u0131 s\u00f6yl\u0259yib: \u201c\u00c7\u00fcnki onsuz da ora Rusiyan\u0131n bir hiss\u0259sidir v\u0259 Rusiya m\u00fctl\u0259q T\u00fcrkiy\u0259d\u0259n bunu tan\u0131mas\u0131n\u0131 ist\u0259m\u0259y\u0259c\u0259k&#187;.<\/p>\n\n\n\n<p>\u00dcnal bildirib ki, Rusiyan\u0131n da \u015eimali Kipri tezlikl\u0259 tan\u0131mas\u0131na ehtiyac yoxdur: \u201c\u015eimali Kiprl\u0259 birba\u015fa ticar\u0259t\u0259 ba\u015flamaq kifay\u0259tdir\u201d.<\/p>\n\n\n\n<hr class=\"wp-block-separator\"\/>\n\n\n\n<p><strong>M\u00fc\u0259llif<\/strong>: M\u0259nsur R\u0259\u011fb\u0259to\u011flu<\/p>\n","protected":false},"excerpt":{"rendered":"<p>T\u00fcrkiy\u0259 v\u0259 Rusiya Moskvan\u0131n \u015eimali Kipr T\u00fcrk C\u00fcmhuriyy\u0259tini m\u00fcst\u0259qil d\u00f6vl\u0259t olaraq tan\u0131mas\u0131 qar\u015f\u0131l\u0131\u011f\u0131nda Kr\u0131m m\u0259s\u0259l\u0259si il\u0259 \u0259laq\u0259dar m\u00fcqavil\u0259 ba\u011flaya bil\u0259r. Teleqraf.com\u00a0x\u0259b\u0259r verir ki, bunu<\/p>\n","protected":false},"author":2,"featured_media":0,"comment_status":"closed","ping_status":"closed","sticky":false,"template":"","format":"standard","meta":{"footnotes":""},"categories":[13],"tags":[],"class_list":["post-43886","post","type-post","status-publish","format-standard","hentry","category-xarici"],"aioseo_notices":[],"_links":{"self":[{"href":"https:\/\/fedai.az\/index.php?rest_route=\/wp\/v2\/posts\/43886","targetHints":{"allow":["GET"]}}],"collection":[{"href":"https:\/\/fedai.az\/index.php?rest_route=\/wp\/v2\/posts"}],"about":[{"href":"https:\/\/fedai.az\/index.php?rest_route=\/wp\/v2\/types\/post"}],"author":[{"embeddable":true,"href":"https:\/\/fedai.az\/index.php?rest_route=\/wp\/v2\/users\/2"}],"replies":[{"embeddable":true,"href":"https:\/\/fedai.az\/index.php?rest_route=%2Fwp%2Fv2%2Fcomments&post=43886"}],"version-history":[{"count":1,"href":"https:\/\/fedai.az\/index.php?rest_route=\/wp\/v2\/posts\/43886\/revisions"}],"predecessor-version":[{"id":43888,"href":"https:\/\/fedai.az\/index.php?rest_route=\/wp\/v2\/posts\/43886\/revisions\/43888"}],"wp:attachment":[{"href":"https:\/\/fedai.az\/index.php?rest_route=%2Fwp%2Fv2%2Fmedia&parent=43886"}],"wp:term":[{"taxonomy":"category","embeddable":true,"href":"https:\/\/fedai.az\/index.php?rest_route=%2Fwp%2Fv2%2Fcategories&post=43886"},{"taxonomy":"post_tag","embeddable":true,"href":"https:\/\/fedai.az\/index.php?rest_route=%2Fwp%2Fv2%2Ftags&post=43886"}],"curies":[{"name":"wp","href":"https:\/\/api.w.org\/{rel}","templated":true}]}}