{"id":43893,"date":"2021-07-28T02:00:22","date_gmt":"2021-07-27T22:00:22","guid":{"rendered":"https:\/\/fedai.az\/?p=43893"},"modified":"2021-07-28T02:00:32","modified_gmt":"2021-07-27T22:00:32","slug":"abs-zabiti-olan-az%c9%99rbaycanlinin-bacisi-il%c9%99-ail%c9%99-quran-tomas","status":"publish","type":"post","link":"https:\/\/fedai.az\/?p=43893","title":{"rendered":"AB\u015e zabiti olan az\u0259rbaycanl\u0131n\u0131n bac\u0131s\u0131 il\u0259 ail\u0259 quran Tomas"},"content":{"rendered":"\n<p><strong>Erm\u0259nistan\u0131n Qaraba\u011fda m\u00fcharib\u0259 cinay\u0259tl\u0259rini Britaniya ictimaiyy\u0259tin\u0259 \u00e7atd\u0131ran \u0259cn\u0259bi v\u0259t\u0259nda\u015f sosial \u015f\u0259b\u0259k\u0259l\u0259rd\u0259 kampaniya ba\u015fladaraq Az\u0259rbaycan xalq\u0131n\u0131n diqq\u0259tini \u00e7\u0259kib.<\/strong><\/p>\n\n\n\n<p>Tomas Amiral Mudi Baku TV-y\u0259 verdiyi m\u00fcsahib\u0259sind\u0259 2011-ci ild\u0259n az\u0259rbaycanl\u0131 xan\u0131mla ail\u0259li v\u0259 \u00fc\u00e7 \u00f6vlad\u0131 oldu\u011funu deyib.<\/p>\n\n\n\n<p>O, AB\u015e-\u0131n h\u0259rbi donanmas\u0131nda xidm\u0259t ed\u0259n az\u0259rbaycanl\u0131 h\u0259rbi zabit N\u0259imi Amiral il\u0259 nec\u0259 tan\u0131\u015f oldu\u011fundan b\u0259hs edib:<\/p>\n\n\n\n<p>\u201cN\u0259imi AB\u015e-da h\u00f6rm\u0259t sahibi bir zabitdir v\u0259 biz onunla f\u0259xr edirik. N.Amiral \u00e7ox t\u0259vaz\u00f6kard\u0131r v\u0259 m\u0259n onunla ilk d\u0259f\u0259 Britaniyada tan\u0131\u015f oldum. M\u0259n sevdiyim qad\u0131n\u0131 ail\u0259m il\u0259 tan\u0131\u015f etm\u0259k \u00fc\u00e7\u00fcn apard\u0131qda o da g\u0259ldi v\u0259 bel\u0259c\u0259 biz tan\u0131\u015f olduq\u201d.<\/p>\n\n\n\n<p>\u00d6vladlar\u0131n\u0131z\u0131n da g\u0259l\u0259c\u0259kd\u0259 day\u0131lar\u0131 kimi h\u0259rb\u00e7i olma\u011f\u0131n\u0131 ist\u0259y\u0259rdinizmi? &#8212; sual\u0131na Tomas bel\u0259 cavab verib:<\/p>\n\n\n\n<p>\u201cBu, m\u0259nim \u00fc\u00e7\u00fcn \u00e7ox xo\u015f olar\u201d.<\/p>\n\n\n\n<p>Daha \u0259trafl\u0131 Baku TV-nin s\u00fcjetind\u0259:<\/p>\n\n\n\n<figure class=\"wp-block-embed is-type-video is-provider-youtube wp-block-embed-youtube wp-embed-aspect-16-9 wp-has-aspect-ratio\"><div class=\"wp-block-embed__wrapper\">\n<iframe loading=\"lazy\" title=\"Ki\u00e7ik O\u011flumun ad\u0131n\u0131 N\u0259imi Amiral se\u00e7di - X\u00fcsusi M\u00fcsahib\u0259\" width=\"715\" height=\"402\" src=\"https:\/\/www.youtube.com\/embed\/r41mpfBeeTU?feature=oembed\" frameborder=\"0\" allow=\"accelerometer; autoplay; clipboard-write; encrypted-media; gyroscope; picture-in-picture\" allowfullscreen><\/iframe>\n<\/div><\/figure>\n","protected":false},"excerpt":{"rendered":"<p>Erm\u0259nistan\u0131n Qaraba\u011fda m\u00fcharib\u0259 cinay\u0259tl\u0259rini Britaniya ictimaiyy\u0259tin\u0259 \u00e7atd\u0131ran \u0259cn\u0259bi v\u0259t\u0259nda\u015f sosial \u015f\u0259b\u0259k\u0259l\u0259rd\u0259 kampaniya ba\u015fladaraq Az\u0259rbaycan xalq\u0131n\u0131n diqq\u0259tini \u00e7\u0259kib. Tomas Amiral Mudi Baku TV-y\u0259 verdiyi m\u00fcsahib\u0259sind\u0259<\/p>\n","protected":false},"author":2,"featured_media":43894,"comment_status":"closed","ping_status":"closed","sticky":false,"template":"","format":"standard","meta":{"footnotes":""},"categories":[3],"tags":[],"class_list":["post-43893","post","type-post","status-publish","format-standard","has-post-thumbnail","hentry","category-gundm"],"aioseo_notices":[],"_links":{"self":[{"href":"https:\/\/fedai.az\/index.php?rest_route=\/wp\/v2\/posts\/43893","targetHints":{"allow":["GET"]}}],"collection":[{"href":"https:\/\/fedai.az\/index.php?rest_route=\/wp\/v2\/posts"}],"about":[{"href":"https:\/\/fedai.az\/index.php?rest_route=\/wp\/v2\/types\/post"}],"author":[{"embeddable":true,"href":"https:\/\/fedai.az\/index.php?rest_route=\/wp\/v2\/users\/2"}],"replies":[{"embeddable":true,"href":"https:\/\/fedai.az\/index.php?rest_route=%2Fwp%2Fv2%2Fcomments&post=43893"}],"version-history":[{"count":1,"href":"https:\/\/fedai.az\/index.php?rest_route=\/wp\/v2\/posts\/43893\/revisions"}],"predecessor-version":[{"id":43895,"href":"https:\/\/fedai.az\/index.php?rest_route=\/wp\/v2\/posts\/43893\/revisions\/43895"}],"wp:featuredmedia":[{"embeddable":true,"href":"https:\/\/fedai.az\/index.php?rest_route=\/wp\/v2\/media\/43894"}],"wp:attachment":[{"href":"https:\/\/fedai.az\/index.php?rest_route=%2Fwp%2Fv2%2Fmedia&parent=43893"}],"wp:term":[{"taxonomy":"category","embeddable":true,"href":"https:\/\/fedai.az\/index.php?rest_route=%2Fwp%2Fv2%2Fcategories&post=43893"},{"taxonomy":"post_tag","embeddable":true,"href":"https:\/\/fedai.az\/index.php?rest_route=%2Fwp%2Fv2%2Ftags&post=43893"}],"curies":[{"name":"wp","href":"https:\/\/api.w.org\/{rel}","templated":true}]}}