{"id":43896,"date":"2021-07-28T02:04:01","date_gmt":"2021-07-27T22:04:01","guid":{"rendered":"https:\/\/fedai.az\/?p=43896"},"modified":"2021-07-28T02:04:07","modified_gmt":"2021-07-27T22:04:07","slug":"s%c9%99rh%c9%99d-tanimayan-erm%c9%99ni-h%c9%99yasizligi","status":"publish","type":"post","link":"https:\/\/fedai.az\/?p=43896","title":{"rendered":"S\u0259rh\u0259d tan\u0131mayan erm\u0259ni h\u0259yas\u0131zl\u0131\u011f\u0131"},"content":{"rendered":"\n<p><strong>Yeni il sonras\u0131 \u015f\u0259nlikl\u0259rd\u0259n birind\u0259 m\u00fczakir\u0259 m\u00f6vzusu \u0259n\u0259n\u0259vi olaraq Qafqaza y\u00f6n\u0259ldi: Erm\u0259nistan, Az\u0259rbaycan, G\u00fcrc\u00fcstan v\u0259 bu \u00f6lk\u0259l\u0259r aras\u0131ndak\u0131 \u00e7\u0259tin m\u00fcnasib\u0259tl\u0259r.<\/strong><\/p>\n\n\n\n<p>Bu daima olur, x\u00fcsus\u0259n d\u0259 bizim kompaniyada G\u00fcrc\u00fcstan m\u0259n\u015f\u0259li erm\u0259nil\u0259r erm\u0259nistanl\u0131 erm\u0259nil\u0259ri d\u0259 buraya \u0259lav\u0259 etdil\u0259r. S\u00f6hb\u0259t m\u00fcharib\u0259d\u0259n, n\u0259tic\u0259l\u0259rind\u0259n, G\u00fcrc\u00fcstan\u0131n rolundan b\u0259hs etdi v\u0259 g\u00f6zl\u0259nilm\u0259d\u0259n &#8212; Bak\u0131n\u0131 kimin salmas\u0131 bar\u0259d\u0259 m\u00fcbahis\u0259 il\u0259 sona \u00e7atd\u0131.<\/p>\n\n\n\n<p>\u00dcmumiyy\u0259tl\u0259, etiraf etm\u0259liy\u0259m ki, biz erm\u0259nil\u0259rd\u0259 bir g\u00fcnah var &#8212; bir \u00e7ox erm\u0259ni \u0259mindir ki, b\u00fct\u00fcn d\u00fcnyan\u0131 olmasa da, yar\u0131s\u0131n\u0131 yaradan onlard\u0131r. Erm\u0259ni m\u0259d\u0259niyy\u0259ti h\u0259qiq\u0259t\u0259n q\u0259dimlikd\u0259n qaynaqlan\u0131r, d\u00fcnyadak\u0131 erm\u0259nil\u0259rin yay\u011f\u0131n olaraq m\u0259skunla\u015fmas\u0131 bu xalq\u0131n m\u00fcxt\u0259lif \u00f6lk\u0259l\u0259rd\u0259 siyas\u0259t\u0259, ictimai h\u0259yata b\u00f6y\u00fck t\u0259sir g\u00f6st\u0259rm\u0259sin\u0259 s\u0259b\u0259b olub. M\u0259s\u0259l\u0259n, AB\u015e-dak\u0131 erm\u0259ni lobbisi, Konstitusiyada AB\u015e-\u0131n Da\u011fl\u0131q Qaraba\u011f\u0131 d\u0259st\u0259kl\u0259y\u0259c\u0259yin\u0259 dair bir d\u00fcz\u0259li\u015f \u0259lav\u0259 edib. Konstitusiyaya! (Bunu ara\u015fd\u0131rmaq laz\u0131md\u0131r!)<\/p>\n\n\n\n<p>Bel\u0259likl\u0259, masaya toplanan qonaqlardan biri, bir \u00e7ox beyn\u0259lxalq t\u0259dqiqat\u00e7\u0131ya istinad etm\u0259kl\u0259 Bak\u0131n\u0131n m\u0259n\u015f\u0259yi bar\u0259d\u0259 \u00f6z versiyas\u0131n\u0131 izah etdi. Versiya r\u0259smi deyil, s\u0259n\u0259dl\u0259\u015fdirilm\u0259mi\u015f, ziddiyy\u0259tli v\u0259 \u00e7ox m\u00fcbahis\u0259li, lakin erm\u0259nil\u0259r aras\u0131nda \u00e7ox populyard\u0131r.<\/p>\n\n\n\n<p>Bu versiyaya g\u00f6r\u0259, Bak\u0131 b\u00f6y\u00fck Erm\u0259nistan d\u00f6vr\u00fcnd\u0259 5-ci \u0259sr\u0259 q\u0259d\u0259r B\u00f6y\u00fck Erm\u0259nistan\u0131 idar\u0259 ed\u0259n Ar\u015fakuni s\u00fclal\u0259sinin banisi olan \u0259fsan\u0259vi h\u00f6kmdar I Trdat t\u0259r\u0259find\u0259n qurulmu\u015fdur. \u015e\u0259h\u0259r t\u0259xmin\u0259n birinci \u0259srin ortalar\u0131nda quruldu v\u0259 Romal\u0131larla d\u00f6y\u00fc\u015fl\u0259rd\u0259n birind\u0259 tutularaq Romaya apar\u0131lm\u0131\u015f Trdat I qarda\u015f\u0131 I Bakurun ad\u0131n\u0131 da\u015f\u0131y\u0131rd\u0131.<\/p>\n\n\n\n<p>Hekay\u0259 romantik, v\u0259t\u0259np\u0259rv\u0259r, lakin b\u00f6y\u00fck ehtimalla qeyri-reald\u0131r. I Bakur v\u0259 Trdat m\u00fcxt\u0259lif \u0259srl\u0259rd\u0259 ya\u015fay\u0131blar, Bakuraket \u015f\u0259h\u0259ri h\u0259qiq\u0259t\u0259n m\u00f6vcud idi v\u0259 h\u0259qiq\u0259t\u0259n Trdat I t\u0259r\u0259find\u0259n in\u015fa edilmi\u015fdir, lakin co\u011frafi bax\u0131mdan m\u00fcasir Bak\u0131dan \u00e7ox f\u0259rqli bir yerd\u0259 yerl\u0259\u015fir. Bu g\u00fcn erm\u0259nil\u0259rin Bakuraket dediyi \u015f\u0259h\u0259rin yerl\u0259\u015fdiyi \u0259razi \u0130rana m\u0259xsusdur.<\/p>\n\n\n\n<p>Bununla yana\u015f\u0131, Bak\u0131da erm\u0259ni izi dan\u0131lmazd\u0131r: 20-ci \u0259srin \u0259vv\u0259ll\u0259rind\u0259 Bak\u0131 \u0259halisinin 20% -i ticar\u0259t v\u0259 neft sah\u0259l\u0259rinin \u0259h\u0259miyy\u0259tli bir hiss\u0259si \u0259ll\u0259rind\u0259 olan erm\u0259nil\u0259rd\u0259n ibar\u0259t idi.<\/p>\n\n\n\n<p><strong>P.S. \u00dcmumiyy\u0259tl\u0259, erm\u0259nil\u0259rin Ar\u015fakuni dedikl\u0259ri s\u00fclal\u0259 Arsaqlara aiddir v\u0259 bu tayfalar da bu g\u00fcn \u015f\u0259ksiz olaraq t\u00fcrkl\u00fcy\u00fc \u00fczd\u0259 olan Alp \u018fr Tunqan\u0131n m\u0259nsub oldu\u011fu bir s\u00fclal\u0259 idi v\u0259 o d\u00f6vr d\u00fcnyan\u0131n b\u00f6y\u00fck bir k\u0259simini idar\u0259 edirdil\u0259r. Erm\u0259nil\u0259rin Arsaq ad\u0131na iddialar\u0131 bar\u0259d\u0259 yaz\u0131lar yay\u0131nlam\u0131\u015f\u0131q\u2026<\/strong><\/p>\n\n\n\n<p>M\u0259nb\u0259: <a href=\"https:\/\/pulse.mail.ru\/source\/432983234512060711\" target=\"_blank\" rel=\"noreferrer noopener\">\u0423\u0434\u0438\u0432\u0438\u0442\u0435\u043b\u044c\u043d\u0430\u044f \u0413\u0440\u0443\u0437\u0438\u044f<\/a><\/p>\n","protected":false},"excerpt":{"rendered":"<p>Yeni il sonras\u0131 \u015f\u0259nlikl\u0259rd\u0259n birind\u0259 m\u00fczakir\u0259 m\u00f6vzusu \u0259n\u0259n\u0259vi olaraq Qafqaza y\u00f6n\u0259ldi: Erm\u0259nistan, Az\u0259rbaycan, G\u00fcrc\u00fcstan v\u0259 bu \u00f6lk\u0259l\u0259r aras\u0131ndak\u0131 \u00e7\u0259tin m\u00fcnasib\u0259tl\u0259r. Bu daima olur, x\u00fcsus\u0259n<\/p>\n","protected":false},"author":2,"featured_media":43897,"comment_status":"closed","ping_status":"closed","sticky":false,"template":"","format":"standard","meta":{"footnotes":""},"categories":[15],"tags":[],"class_list":["post-43896","post","type-post","status-publish","format-standard","has-post-thumbnail","hentry","category-atmaca"],"aioseo_notices":[],"_links":{"self":[{"href":"https:\/\/fedai.az\/index.php?rest_route=\/wp\/v2\/posts\/43896","targetHints":{"allow":["GET"]}}],"collection":[{"href":"https:\/\/fedai.az\/index.php?rest_route=\/wp\/v2\/posts"}],"about":[{"href":"https:\/\/fedai.az\/index.php?rest_route=\/wp\/v2\/types\/post"}],"author":[{"embeddable":true,"href":"https:\/\/fedai.az\/index.php?rest_route=\/wp\/v2\/users\/2"}],"replies":[{"embeddable":true,"href":"https:\/\/fedai.az\/index.php?rest_route=%2Fwp%2Fv2%2Fcomments&post=43896"}],"version-history":[{"count":1,"href":"https:\/\/fedai.az\/index.php?rest_route=\/wp\/v2\/posts\/43896\/revisions"}],"predecessor-version":[{"id":43898,"href":"https:\/\/fedai.az\/index.php?rest_route=\/wp\/v2\/posts\/43896\/revisions\/43898"}],"wp:featuredmedia":[{"embeddable":true,"href":"https:\/\/fedai.az\/index.php?rest_route=\/wp\/v2\/media\/43897"}],"wp:attachment":[{"href":"https:\/\/fedai.az\/index.php?rest_route=%2Fwp%2Fv2%2Fmedia&parent=43896"}],"wp:term":[{"taxonomy":"category","embeddable":true,"href":"https:\/\/fedai.az\/index.php?rest_route=%2Fwp%2Fv2%2Fcategories&post=43896"},{"taxonomy":"post_tag","embeddable":true,"href":"https:\/\/fedai.az\/index.php?rest_route=%2Fwp%2Fv2%2Ftags&post=43896"}],"curies":[{"name":"wp","href":"https:\/\/api.w.org\/{rel}","templated":true}]}}