{"id":43899,"date":"2021-07-28T02:14:33","date_gmt":"2021-07-27T22:14:33","guid":{"rendered":"https:\/\/fedai.az\/?p=43899"},"modified":"2021-07-28T02:14:37","modified_gmt":"2021-07-27T22:14:37","slug":"alman-k%c9%99sfiyyatinin-sok-pati-m%c9%99lumati-xank%c9%99ndid%c9%99-hazirlanir","status":"publish","type":"post","link":"https:\/\/fedai.az\/?p=43899","title":{"rendered":"Alman k\u0259\u015ffiyyat\u0131n\u0131n \u015fok \u201cpat\u0131\u201d m\u0259lumat\u0131 &#8212; XANK\u018fND\u0130D\u018f HAZIRLANIR"},"content":{"rendered":"\n<p><strong>Son g\u00fcnl\u0259r \u201cpat\u0131\u201d b\u0259las\u0131 \u0259sas m\u00fczakir\u0259 m\u00f6vzular\u0131ndan biridir. Bu m\u0259hsulun \u00f6lk\u0259 daxilind\u0259 istehsal edilm\u0259si il\u0259 ba\u011fl\u0131 da m\u00fcxt\u0259lif fikirl\u0259r var.<\/strong><\/p>\n\n\n\n<p>Fedai.az yenisabah.az-a istinad\u0259nx\u0259b\u0259r verir ki, D\u00fcnya Az\u0259rbaycanl\u0131lar\u0131 Assambleyas\u0131n\u0131n r\u0259hb\u0259ri R\u0259\u015fad Quliyevin Almaniya h\u00f6kum\u0259tind\u0259ki m\u0259nb\u0259l\u0259rd\u0259n \u0259ld\u0259 etdiyi m\u0259lumata g\u00f6r\u0259, Az\u0259rbaycanda b\u0259laya \u00e7evirl\u0259n \u201cpat\u0131\u201d Xank\u0259ndid\u0259 haz\u0131rlan\u0131r.<\/p>\n\n\n\n<p>Alman k\u0259\u015ffiyyat\u0131n\u0131n bununla ba\u011fl\u0131 d\u0259qiq informasiya \u0259ld\u0259 etdiyi bildirilir. Erm\u0259nil\u0259r 44 g\u00fcnl\u00fck V\u0259t\u0259n m\u00fcharib\u0259si zaman\u0131 Az\u0259rbaycan g\u0259ncliyinin d\u00f6y\u00fc\u015f ruhu qar\u015f\u0131s\u0131nda r\u00fcsvay\u00e7\u0131 \u015f\u0259kild\u0259 m\u0259\u011flub olduqlar\u0131n\u0131 h\u0259zm ed\u0259 bilmirl\u0259r. Bu s\u0259b\u0259bd\u0259n d\u0259 g\u0259ncl\u0259ri z\u0259h\u0259rl\u0259m\u0259kl\u0259 qisas almaq plan\u0131n\u0131 i\u015f\u0259 sal\u0131blar.<\/p>\n\n\n\n<p>M\u0259nb\u0259nin bildirdiyin\u0259 g\u00f6r\u0259, Xank\u0259ndid\u0259 \u201cPat\u0131\u201d istehasl edib Az\u0259rbaycana \u00f6t\u00fcr\u00fcrl\u0259r. Bunu is\u0259 \u0130ran vasit\u0259sil\u0259 h\u0259yata ke\u00e7irirl\u0259r.<\/p>\n\n\n\n<p>M\u0259nb\u0259 bildirib ki, \u0259vv\u0259ll\u0259r \u201cpat\u0131\u201d istehsal\u0131n\u0131 Z\u0259ngilanda h\u0259yata ke\u00e7irirmi\u015fl\u0259r. Z\u0259ngilan i\u015f\u011faldan azad edildikd\u0259n sonra is\u0259, bu i\u015fi Xank\u0259ndid\u0259 davam etdirirl\u0259r.<\/p>\n\n\n\n<p>Qeyd olunur ki, Xank\u0259ndiy\u0259 xarici \u00f6lk\u0259l\u0259rd\u0259n tez-tez ma\u015f\u0131nlar g\u0259lir, b\u0259zi hallarda n\u00f6mr\u0259l\u0259r d\u0259yi\u015fdirilir.<\/p>\n\n\n\n<p><strong>P.S. Fedai.az Sterliqovla ba\u011fl\u0131 yaz\u0131da narkotika istehsal\u0131 m\u0259s\u0259l\u0259sin\u0259 toxunmu\u015fdu v\u0259 Qubadl\u0131 rayonunda bit\u0259n yaban\u0131 bitki haqq\u0131nda m\u0259lumat vermi\u015fdik. Bu g\u00fcnl\u0259rd\u0259 Daxili \u0130\u015fl\u0259r Nazirliyinin M\u0259tbuat Xidm\u0259tinin verdiyi m\u0259lumatda, t\u0259dbir zaman\u0131 rayonun B\u0259xtiyarl\u0131 k\u0259ndi \u0259razisind\u0259 \u00e7\u0259kisi 2 ton 200 kiloqram olan 4007 \u0259d\u0259d \u00e7\u0259t\u0259n\u0259 kolunun k\u00f6k\u00fcnd\u0259n \u00e7\u0131xar\u0131laraq yand\u0131r\u0131lmas\u0131 t\u0259min edilm\u0259si x\u0259b\u0259r verilmi\u015fdi.<\/strong><\/p>\n","protected":false},"excerpt":{"rendered":"<p>Son g\u00fcnl\u0259r \u201cpat\u0131\u201d b\u0259las\u0131 \u0259sas m\u00fczakir\u0259 m\u00f6vzular\u0131ndan biridir. Bu m\u0259hsulun \u00f6lk\u0259 daxilind\u0259 istehsal edilm\u0259si il\u0259 ba\u011fl\u0131 da m\u00fcxt\u0259lif fikirl\u0259r var. Fedai.az yenisabah.az-a istinad\u0259nx\u0259b\u0259r verir<\/p>\n","protected":false},"author":2,"featured_media":43901,"comment_status":"closed","ping_status":"closed","sticky":false,"template":"","format":"standard","meta":{"footnotes":""},"categories":[4],"tags":[],"class_list":["post-43899","post","type-post","status-publish","format-standard","has-post-thumbnail","hentry","category-qarabag"],"aioseo_notices":[],"_links":{"self":[{"href":"https:\/\/fedai.az\/index.php?rest_route=\/wp\/v2\/posts\/43899","targetHints":{"allow":["GET"]}}],"collection":[{"href":"https:\/\/fedai.az\/index.php?rest_route=\/wp\/v2\/posts"}],"about":[{"href":"https:\/\/fedai.az\/index.php?rest_route=\/wp\/v2\/types\/post"}],"author":[{"embeddable":true,"href":"https:\/\/fedai.az\/index.php?rest_route=\/wp\/v2\/users\/2"}],"replies":[{"embeddable":true,"href":"https:\/\/fedai.az\/index.php?rest_route=%2Fwp%2Fv2%2Fcomments&post=43899"}],"version-history":[{"count":1,"href":"https:\/\/fedai.az\/index.php?rest_route=\/wp\/v2\/posts\/43899\/revisions"}],"predecessor-version":[{"id":43902,"href":"https:\/\/fedai.az\/index.php?rest_route=\/wp\/v2\/posts\/43899\/revisions\/43902"}],"wp:featuredmedia":[{"embeddable":true,"href":"https:\/\/fedai.az\/index.php?rest_route=\/wp\/v2\/media\/43901"}],"wp:attachment":[{"href":"https:\/\/fedai.az\/index.php?rest_route=%2Fwp%2Fv2%2Fmedia&parent=43899"}],"wp:term":[{"taxonomy":"category","embeddable":true,"href":"https:\/\/fedai.az\/index.php?rest_route=%2Fwp%2Fv2%2Fcategories&post=43899"},{"taxonomy":"post_tag","embeddable":true,"href":"https:\/\/fedai.az\/index.php?rest_route=%2Fwp%2Fv2%2Ftags&post=43899"}],"curies":[{"name":"wp","href":"https:\/\/api.w.org\/{rel}","templated":true}]}}